{"id":975,"date":"2020-01-08T07:30:00","date_gmt":"2020-01-08T10:30:00","guid":{"rendered":"http:\/\/sergiobertoldi.com\/?p=975"},"modified":"2020-01-07T23:02:15","modified_gmt":"2020-01-08T02:02:15","slug":"a-espera-acabou","status":"publish","type":"post","link":"https:\/\/sergiobertoldi.com\/index.php\/2020\/01\/08\/a-espera-acabou\/","title":{"rendered":"A espera acabou!"},"content":{"rendered":"\n<p><strong><span style=\"text-decoration: underline;\">Al\u00f4 Na\u00e7\u00e3o Santista! Sauda\u00e7\u00f5es Alvinegras!<\/span><\/strong><\/p>\n\n\n\n<p>Anunciado pela Diretoria do Santos pouco antes do natal, o portugu\u00eas Jesualdo Ferreira, finalmente desembarcou em terras Brasileiras.<br>Passava pouco das 6h da manh\u00e3 desta ter\u00e7a-feira, quando o novo t\u00e9cnico do Santos Futebol Clube desembarcou no Aeroporto Internacional de Guarulhos!<\/p>\n\n\n\n<figure class=\"wp-block-image size-large\"><img data-recalc-dims=\"1\" height=\"533\" width=\"800\" decoding=\"async\" src=\"https:\/\/i0.wp.com\/sergiobertoldi.com\/wp-content\/uploads\/2020\/01\/WhatsApp-Image-2020-01-07-Foto-05-1024x682.jpeg?resize=800%2C533\" alt=\"\" class=\"wp-image-976\"\/><figcaption>Jesualdo chega ao Brasil para comandar o Santos<\/figcaption><\/figure>\n\n\n\n<p>16\u00ba treinador estrangeiro a\ncomandar a equipe santista, e primeiro portugu\u00eas na hist\u00f3ria, a comandar o\nSantos dentro de campo, Jesualdo Ferreira, treinador de 73 anos, falou sobre a expectativa\ndesse novo desafio em sua carreira.<\/p>\n\n\n\n<p>&nbsp;\u201cEstou aqui porque fui convidado e tenho muito orgulho disso. Vou fazer nosso trabalho na tentativa de que o Santos seja ainda melhor do que foi na \u00e9poca passada\u201d afirmou entusiasmado o novo \u201cMister\u201d Santista.<br>Estamos chegando para comandar uma grande equipe, um clube m\u00edtico.<\/p>\n\n\n\n<figure class=\"wp-block-image size-large\"><img data-recalc-dims=\"1\" height=\"533\" width=\"800\" decoding=\"async\" src=\"https:\/\/i0.wp.com\/sergiobertoldi.com\/wp-content\/uploads\/2020\/01\/WhatsApp-Image-2020-01-07-Foto-01-1024x682.jpeg?resize=800%2C533\" alt=\"\" class=\"wp-image-979\"\/><figcaption>O Carinho do torcedor Santista na chegada do novo treinador<\/figcaption><\/figure>\n\n\n\n<p> No Brasil n\u00e3o ganham dois ou tr\u00eas, ganham muitos. \u00c9 terr\u00edvel para trabalhar, mas apaixonante. Espero encontrar isso. Sabemos das dificuldades e das nossas capacidades e podemos fazer coisas muito positivas \u2013 completou o treinador.<\/p>\n\n\n\n<p>Jornalistas de v\u00e1rios ve\u00edculos de comunica\u00e7\u00e3o da Imprensa Esportiva, aguardavam desde as primeiras hora da madrugada, para acompanhar a chegada do treinador que atendeu \u00e0 todos quase que em uma &#8220;Coletiva&#8221; improvisada, ali mesmo em um dos sagu\u00f5es do Aeroporto de Cumbica.<\/p>\n\n\n\n<figure class=\"wp-block-image size-large\"><img data-recalc-dims=\"1\" height=\"533\" width=\"800\" decoding=\"async\" src=\"https:\/\/i0.wp.com\/sergiobertoldi.com\/wp-content\/uploads\/2020\/01\/WhatsApp-Image-2020-01-07-Foto-03-1024x682.jpeg?resize=800%2C533\" alt=\"\" class=\"wp-image-978\"\/><figcaption>Nesta imagem vemos o treinador falando com a imprensa<\/figcaption><\/figure>\n\n\n\n<p>Jesualdo afirmou que o novo desafio n\u00e3o ser\u00e1 uma tarefa f\u00e1cil, ainda que o time tenha sido vice-campe\u00e3o brasileiro do \u00faltimo ano.<br>Para ajuda-lo na tarefa de manter o Santos lutando por t\u00edtulos e se poss\u00edvel vence-los, o novo treinador trouxe consigo, cinco profissionais de sua confian\u00e7a: os auxiliares Rui \u00c1guas, Ant\u00f3nio Oliveira e Daniel Gon\u00e7alves, o preparador f\u00edsico Jos\u00e9 Pedro Pinto e o analista de desempenho Pedro Bou\u00e7as. <\/p>\n\n\n\n<p>Rui \u00c1guas treinava a sele\u00e7\u00e3o do Cabo Verde, enquanto Ant\u00f3nio Oliveira dirigia o Kazma, do Kuwait, e Daniel Gon\u00e7alves teve passagem pelo Sporting de Portugal. Jos\u00e9 Pinto trabalhou com Jesualdo no Al-Sadd, no Catar, e Pedro Bou\u00e7as foi comandante do time feminino do Benfica.<br>Os Profissionais que chegaram com o treinador Portugu\u00eas, se juntar\u00e3o aos que j\u00e1 trabalham no Santos como o auxiliar Serginho Chulapa, os preparadores de goleiros Arzul e Juninho, o preparador f\u00edsico Marco Alejandro e os analistas Bebeto Sauthier, Diogo Meschine e Vitor Saad.<\/p>\n\n\n\n<p>Sobre o pouco tempo que ter\u00e1 para preparar o Santos, nesta curta \u201cPr\u00e9 Temporada\u201d, Jesualdo alertou para a falta de tempo de prepara\u00e7\u00e3o, e falou em \u201ctemas soltos\u201d no planejamento da temporada.<br>\u201cPor isso que \u00e9 dif\u00edcil no Brasil. A densidade competitiva, a exig\u00eancia em todos os clubes, toda a imprensa brasileira, nos torcedores, tornam dif\u00edcil, mas motivador o trabalho dos treinadores. Como fazer para em uma semana preparar um jogo? Voltei a essa situa\u00e7\u00e3o e ser\u00e1 uma aprendizagem\u201d, disse.<\/p>\n\n\n\n<figure class=\"wp-block-image size-large\"><img data-recalc-dims=\"1\" height=\"533\" width=\"800\" decoding=\"async\" src=\"https:\/\/i0.wp.com\/sergiobertoldi.com\/wp-content\/uploads\/2020\/01\/WhatsApp-Image-2020-01-07-Foto-06-1024x682.jpeg?resize=800%2C533\" alt=\"\" class=\"wp-image-980\"\/><\/figure>\n\n\n\n<p>O comandante alvinegro chega ao Santos sabendo da fama de &#8220;DNA ofensivo&#8221; do clube, mas diz que vai conversar com os dirigentes para que desenvolvam &#8220;um trabalho com seguran\u00e7a e objetivos claros&#8221;.<br>Fala-se muito do DNA ofensivo do Santos, outros dizem que tamb\u00e9m tem de haver o defensivo \u2013 completou.<\/p>\n\n\n\n<p>Jesualdo Ferreira visitou a Vila Belmiro na tarde da ter\u00e7a-feira, e acompanhado pelos dirigentes Santistas, tamb\u00e9m visitou o &#8220;Memorial das Conquistas&#8221;<br>O t\u00e9cnico chegou pela manh\u00e3 de Lisboa, e se hospedou em hotel antes de conhecer as depend\u00eancias do est\u00e1dio.<\/p>\n\n\n\n<div class=\"wp-block-image\"><figure class=\"aligncenter size-large is-resized\"><img data-recalc-dims=\"1\" loading=\"lazy\" decoding=\"async\" src=\"https:\/\/i0.wp.com\/sergiobertoldi.com\/wp-content\/uploads\/2020\/01\/ENs5hbeXUAAQxHF.jpg?resize=338%2C450\" alt=\"\" class=\"wp-image-981\" width=\"338\" height=\"450\"\/><figcaption>Pela primeira vez na Vila Belmiro o Templo Sagrado do Futebol<\/figcaption><\/figure><\/div>\n\n\n\n<figure class=\"wp-block-image size-large\"><img data-recalc-dims=\"1\" decoding=\"async\" src=\"https:\/\/i0.wp.com\/sergiobertoldi.com\/wp-content\/uploads\/2020\/01\/WhatsApp-Image-2020-01-07-at-21.22.05.jpeg?w=800\" alt=\"\" class=\"wp-image-985\"\/><figcaption>O Mister Jesualdo admirando as maiores conquistas do Santos<\/figcaption><\/figure>\n\n\n\n<figure class=\"wp-block-image size-large\"><img data-recalc-dims=\"1\" decoding=\"async\" src=\"https:\/\/i0.wp.com\/sergiobertoldi.com\/wp-content\/uploads\/2020\/01\/WhatsApp-Image-2020-01-07-at-21.22.06.jpeg?w=800\" alt=\"\" class=\"wp-image-986\"\/><figcaption>Posando ao lado do arm\u00e1rio mais famoso de todos os vesti\u00e1rios do Futebol Mundial<\/figcaption><\/figure>\n\n\n\n<p>O novo t\u00e9cnico do Santos ser\u00e1 apresentado oficialmente nesta quarta, \u00e0s 11h30 (Hor\u00e1rio de Bras\u00edlia), na Vila Belmiro.<br>J\u00e1 a reapresenta\u00e7\u00e3o do elenco santista, est\u00e1 marcada para hoje, quarta-feira, no CT Rei Pel\u00e9, e o elenco ter\u00e1 duas semanas, exatos 15 dias para entrar em forma!<br>O primeiro desafio do portugu\u00eas no Santos ser\u00e1 o Campeonato Paulista. A estreia \u00e9 no dia 23, contra o Bragantino, na Vila Belmiro.<\/p>\n\n\n\n<p>Alguns fatos me preocupam nesse in\u00edcio de trabalho do novo treinador Santista.<br><strong>Primeiro:<\/strong> Atentem para a import\u00e2ncia desta declara\u00e7\u00e3o dada pelo Treinador: \u201cPor isso que \u00e9 dif\u00edcil no Brasil. A densidade competitiva, a exig\u00eancia em todos os clubes, toda a imprensa brasileira, nos torcedores, tornam dif\u00edcil, mas motivador o trabalho dos treinadores. Como fazer para em uma semana preparar um jogo? Voltei a essa situa\u00e7\u00e3o e ser\u00e1 uma aprendizagem\u201d.<br>Jesualdo Ferreira \u00e9 um treinador, que apesar de nos deixar entusiasmados com o pr\u00f3prio entusiasmo, com o qual se refere a esse desafio de a beira de uma praticamente aposentadoria, ser convidado para dirigir o Santos, a verdade \u00e9 que nos \u00faltimos meses, manteve-se um tanto isolado dos grandes centros do futebol mundial, e n\u00e3o tem muito conhecimento do futebol Brasileiro!<br>O Pr\u00f3prio treinador declara que estar\u00e1 em uma situa\u00e7\u00e3o de \u201cAprendizagem\u201d.<br>Ser\u00e1 que a torcida e os Dirigentes, dar\u00e3o o tempo necess\u00e1rio que o novo treinador do Santos, precisar\u00e1 at\u00e9 se familiarizar e entender a din\u00e2mica do futebol que se joga por aqui? <\/p>\n\n\n\n<p><strong>Segundo: <\/strong>&nbsp;Um bom trabalho de Pr\u00e9 Temporada, \u00e9 fundamental, principalmente no que diz respeito ao trabalho f\u00edsico, pois desse trabalho, depender\u00e1 n\u00e3o apenas o preparo para aguentar uma temporada que dependendo de onde o Santos chegar, pode ultrapassar 70 jogos no ano, como tamb\u00e9m a preven\u00e7\u00e3o de les\u00f5es!<br>Uma Pr\u00e9 Temporada de apenas 15 dias, me causa preocupa\u00e7\u00e3o, ainda mais se levarmos em conta uma declara\u00e7\u00e3o dada pelo treinador, de que n\u00e3o se prende muito em trabalhos f\u00edsicos muito intensos, mas sim trabalhos com bola!<\/p>\n\n\n\n<p><strong>Terceiro:<\/strong> E \u00faltimo, outra declara\u00e7\u00e3o que me deixou preocupado tamb\u00e9m com a rea\u00e7\u00e3o do torcedor Santista. <br>Sabendo da fama de &#8220;DNA ofensivo&#8221; do clube, Jesualdo diz que vai conversar com os dirigentes para que desenvolvam &#8220;um trabalho com seguran\u00e7a e objetivos claros&#8221;.<br>\u201cFala-se muito do DNA ofensivo do Santos, outros dizem que tamb\u00e9m tem de haver o defensivo\u201d.<br>\u00c9 bom que o torcedor do Santos tenha em mente, que n\u00e3o ver\u00e1 no Portugu\u00eas, um treinador atuante a beira do gramado como era o Sampaoli, nem uma equipe totalmente ofensiva, como o Santos da impiedosa goleada imposta ao Flamengo, no \u00faltimo jogo do ano passado na Vila Belmiro!<br>Ser ofensivo no futebol Portugu\u00eas, n\u00e3o representa exatamente o que \u00e9 ser ofensivo no futebol Brasileiro!<\/p>\n\n\n\n<p>Enfim, vamos esperar para ver o que acontece, mas esses s\u00e3o pontos preocupantes!<\/p>\n\n\n\n<figure class=\"wp-block-embed-youtube wp-block-embed is-type-video is-provider-youtube wp-embed-aspect-16-9 wp-has-aspect-ratio\"><div class=\"wp-block-embed__wrapper\">\n<iframe loading=\"lazy\" title=\"JESUALDO FERREIRA CHEGA AO BRASIL\" width=\"800\" height=\"450\" src=\"https:\/\/www.youtube.com\/embed\/jboKvIwv-5I?feature=oembed\" frameborder=\"0\" allow=\"accelerometer; autoplay; encrypted-media; gyroscope; picture-in-picture\" allowfullscreen><\/iframe>\n<\/div><figcaption>Acompanhe o v\u00eddeo feito pela Santos TV que cobriu toda a chegada do novo Mister do Santos<\/figcaption><\/figure>\n\n\n\n<p>(Cr\u00e9dito: Imagem: Ivan Storti e Bruno Giufrida)<\/p>\n","protected":false},"excerpt":{"rendered":"<p>Al\u00f4 Na\u00e7\u00e3o Santista! Sauda\u00e7\u00f5es Alvinegras! Anunciado pela Diretoria do Santos pouco antes do natal, o portugu\u00eas Jesualdo Ferreira, finalmente desembarcou<\/p>\n","protected":false},"author":2,"featured_media":0,"comment_status":"open","ping_status":"open","sticky":false,"template":"","format":"standard","meta":{"colormag_page_container_layout":"default_layout","colormag_page_sidebar_layout":"default_layout","_jetpack_memberships_contains_paid_content":false,"footnotes":""},"categories":[12,4,32],"tags":[6],"class_list":["post-975","post","type-post","status-publish","format-standard","hentry","category-analise-e-comentario","category-bastidores-do-santos-fc","category-treinador-santista","tag-santos-fc"],"jetpack_featured_media_url":"","jetpack_likes_enabled":true,"jetpack_sharing_enabled":true,"_links":{"self":[{"href":"https:\/\/sergiobertoldi.com\/index.php\/wp-json\/wp\/v2\/posts\/975","targetHints":{"allow":["GET"]}}],"collection":[{"href":"https:\/\/sergiobertoldi.com\/index.php\/wp-json\/wp\/v2\/posts"}],"about":[{"href":"https:\/\/sergiobertoldi.com\/index.php\/wp-json\/wp\/v2\/types\/post"}],"author":[{"embeddable":true,"href":"https:\/\/sergiobertoldi.com\/index.php\/wp-json\/wp\/v2\/users\/2"}],"replies":[{"embeddable":true,"href":"https:\/\/sergiobertoldi.com\/index.php\/wp-json\/wp\/v2\/comments?post=975"}],"version-history":[{"count":4,"href":"https:\/\/sergiobertoldi.com\/index.php\/wp-json\/wp\/v2\/posts\/975\/revisions"}],"predecessor-version":[{"id":988,"href":"https:\/\/sergiobertoldi.com\/index.php\/wp-json\/wp\/v2\/posts\/975\/revisions\/988"}],"wp:attachment":[{"href":"https:\/\/sergiobertoldi.com\/index.php\/wp-json\/wp\/v2\/media?parent=975"}],"wp:term":[{"taxonomy":"category","embeddable":true,"href":"https:\/\/sergiobertoldi.com\/index.php\/wp-json\/wp\/v2\/categories?post=975"},{"taxonomy":"post_tag","embeddable":true,"href":"https:\/\/sergiobertoldi.com\/index.php\/wp-json\/wp\/v2\/tags?post=975"}],"curies":[{"name":"wp","href":"https:\/\/api.w.org\/{rel}","templated":true}]}}