{"id":918,"date":"2019-12-25T11:10:44","date_gmt":"2019-12-25T14:10:44","guid":{"rendered":"http:\/\/sergiobertoldi.com\/?p=918"},"modified":"2019-12-26T00:23:04","modified_gmt":"2019-12-26T03:23:04","slug":"habemus-allenatore","status":"publish","type":"post","link":"https:\/\/sergiobertoldi.com\/index.php\/2019\/12\/25\/habemus-allenatore\/","title":{"rendered":"Habemus Allenatore!"},"content":{"rendered":"\n<p><strong><span style=\"text-decoration: underline;\">Al\u00f4 Na\u00e7\u00e3o Santista! Sauda\u00e7\u00f5es Alvinegras!<\/span><\/strong><\/p>\n\n\n\n<p><strong><span style=\"text-decoration: underline;\">Agora \u00e9 oficial:<\/span><\/strong><\/p>\n\n\n\n<p>Finalmente a procura por um novo treinador, terminou!<br>O Santos anunciou nesta segunda-feira (23), que Jesualdo Ferreira, portugu\u00eas de 73 anos comandar\u00e1 o elenco do Santos na temporada 2020.<\/p>\n\n\n\n<p>Jesualdo Ferreira, chega ao Santos para ocupar a vaga de treinador, vaga aberta desde a sa\u00edda de Jorge Sampaoli. A negocia\u00e7\u00e3o foi conclu\u00edda pelo diretor t\u00e9cnico William Thomas.<br>O novo \u201cMister\u201d do Santos, (Nome dado aos treinadores em Portugal), chega a Vila Belmiro com um contrato inicial de uma temporada, ou seja: At\u00e9 o final de 2020, podendo ser prorrogado por mais uma ou duas temporadas, o que depender\u00e1 tanto de seu desempenho, quanto do resultado das pr\u00f3ximas elei\u00e7\u00f5es para presidente do clube, o que ocorrer\u00e1 em Dezembro de 2020.<\/p>\n\n\n\n<p> Jesualdo Ferreira conhecer\u00e1 seus novos comandados, e ser\u00e1 apresentado oficialmente no dia 6 de janeiro.<br>Com rela\u00e7\u00e3o \u00e0 comiss\u00e3o t\u00e9cnica que o acompanhar\u00e1, esses profissionais ser\u00e3o definidos nos pr\u00f3ximos dias, mas j\u00e1 adianto aos leitores, que ser\u00e1 composta por no m\u00e1ximo quatro membros.<br>Al\u00e9m do pr\u00f3prio treinador, dever\u00e3o acompanha-lo: Um Auxiliar T\u00e9cnico, um Preparador F\u00edsico, e um Analista de desempenho.<\/p>\n\n\n\n<p>O novo &#8220;Mister&#8221; do Santos, \u00e9 tido como um treinador experiente &nbsp;e estudioso do futebol, reconhecido em Portugal como refer\u00eancia para os grandes treinadores portugueses. Foi campe\u00e3o nacional em tr\u00eas continentes diferentes tendo como auge em sua carreira a conquista de um tricampeonato nacional, dirigindo-a equipe do Porto no come\u00e7o do s\u00e9culo. Nos \u00faltimos cinco anos trabalhou em mercados como Egito e Qatar. <br>\u00danico t\u00e9cnico a conquistar t\u00edtulos em tr\u00eas continentes (Europa, \u00c1frica e \u00c1sia), Jesualdo chega ao Santos, com o desafio de incluir um quarto Continente em sua rela\u00e7\u00e3o de t\u00edtulos.<\/p>\n\n\n\n<p>A Diretoria do Santos enxerga a vinda do novo treinador, como um bom custo-benef\u00edcio, pois pagar\u00e1 pouco mais da metade em rela\u00e7\u00e3o ao que pagava para a comiss\u00e3o de Sampaoli.<br>Como diz o ditado, \u201cO que \u00e9 do Homem o Bicho n\u00e3o come\u201d.<br>O que estiver escrito para ser seu, ningu\u00e9m tira!<br>Os destinos do Santos Futebol Clube e do agora novo \u201cMister\u201d do time, j\u00e1 andaram se cruzando.<br>Jesualdo Ferreira viveu a expectativa de dirigir o Peixe h\u00e1 seis anos, quando esteve no Brasil acompanhando na Vila Belmiro, Santos x Cruzeiro, pela semifinal da Copa do Brasil, trazido pelo ent\u00e3o candidato \u00e0 Presid\u00eancia, Nabil Khaznadar, &nbsp;que na ocasi\u00e3o, demonstrou interesse em contar com ele no caso de vit\u00f3ria nas urnas, o que acabou n\u00e3o acontecendo <\/p>\n\n\n\n<p>O treinador de nacionalidade portuguesa, ser\u00e1 o 16\u00ba estrangeiro a comandar o Peixe, sexto europeu e o primeiro de Portugal. Ele chega ao clube para substituir o argentino Jorge Sampaoli. Antes de Sampaoli, o \u00faltimo treinador estrangeiro do Santos tinha sido o \u00eddolo Ramos Delgado, ainda no final dos anos 70.<br>Abaixo, confira a lista completa dos treinadores estrangeiros que j\u00e1 dirigiram o Santos, tanto no futebol amador quanto no profissional:<\/p>\n\n\n\n<p><strong><span style=\"text-decoration: underline;\">Futebol amador:<\/span><\/strong><\/p>\n\n\n\n<p><strong>1912<\/strong> \u2013 Harold Cross; Irlanda<\/p>\n\n\n\n<p><strong>1916\/1919<\/strong> \u2013 Juan Bertone; Uruguai<\/p>\n\n\n\n<p><strong>1919<\/strong> \u2013 Ram\u00f3n Platero; Uruguai<\/p>\n\n\n\n<p>\u2022<strong><span style=\"text-decoration: underline;\"> Futebol profissional:<\/span><\/strong><\/p>\n\n\n\n<p><strong>1934<\/strong> \u2013 Pedro Mazullo; Uruguai<\/p>\n\n\n\n<p><strong>1934\/1935<\/strong> e <strong>1950<\/strong> \u2013 Ca\u00eatano di Domenica; It\u00e1lia<\/p>\n\n\n\n<p><strong>1937<\/strong> \u2013 Franz Gaspar; Hungria<\/p>\n\n\n\n<p><strong>1939\/1940<\/strong> \u2013 Isaac Goldenberg; \u00c1ustria<\/p>\n\n\n\n<p><strong>1940\/1941<\/strong> \u2013 Dario Letona; Peru<\/p>\n\n\n\n<p><strong>1944<\/strong> \u2013 Ricardo Diez; Uruguai<\/p>\n\n\n\n<p><strong>1946\/1947<\/strong> \u2013 Abel Picab\u00e9a; Argentina<\/p>\n\n\n\n<p><strong>1948<\/strong> \u2013 Diego Ayala; Paraguai<\/p>\n\n\n\n<p><strong>1951<\/strong> \u2013 Luiz Comitante; Uruguai<\/p>\n\n\n\n<p><strong>1954<\/strong> \u2013 Giuseppe Ottina; It\u00e1lia<\/p>\n\n\n\n<p><strong>1977\/1978<\/strong> \u2013 Ramos Delgado; Argentina<\/p>\n\n\n\n<p><strong>2019<\/strong> \u2013 Jorge Sampaoli<\/p>\n\n\n\n<p><strong>2020<\/strong>&#8211; Jesualdo<br>\u2022 <strong><span style=\"text-decoration: underline;\">TOTAL:<\/span><\/strong> <strong>16<\/strong> t\u00e9cnicos estrangeiros, sendo <strong>13<\/strong> na era <strong><span style=\"text-decoration: underline;\">profissional<\/span><\/strong> e <strong>3<\/strong> na era <strong><span style=\"text-decoration: underline;\">amadora<\/span><\/strong>.<br>\u2022 <strong><span style=\"text-decoration: underline;\">Por pa\u00eds:<\/span><\/strong> <strong>05<\/strong> uruguaios, <strong>03<\/strong> argentinos, <strong>02<\/strong> italianos, <strong>01<\/strong> irland\u00eas, <strong>01<\/strong> h\u00fangaro, <strong>01<\/strong> austr\u00edaco, <strong>01<\/strong> peruano e <strong>01<\/strong> paraguaios, <strong>01<\/strong> Portugu\u00eas<\/p>\n\n\n\n<p><span style=\"text-decoration: underline;\">Mais um levantamento in\u00e9dito e exclusivo da <strong>ASSOPHIS<\/strong> (Associa\u00e7\u00e3o dos Pesquisadores e Historiadores do Santos FC.)&nbsp;<\/span><\/p>\n\n\n\n<p>Elogiado por alguns, ou nem tanto por outros, a verdade \u00e9 que o Blog Sergio Bertoldi, tentou trazer em duas edi\u00e7\u00f5es, um raio-x &nbsp;da carreira do novo treinador do Santos, e o que talvez se possa esperar de seu trabalho.<br>Enfim \u00e9 esperar para ver!<\/p>\n\n\n\n<p>Neste dia 25 de Dezembro de 2019, o Blog Sergio Bertoldi, Deseja a todos os Leitores um FELIZ NATAL<\/p>\n\n\n\n<figure class=\"wp-block-image size-large\"><img data-recalc-dims=\"1\" decoding=\"async\" src=\"https:\/\/i0.wp.com\/sergiobertoldi.com\/wp-content\/uploads\/2019\/12\/feliz-natal-que-nesta-epoca-nao-se-abram-apenas.jpg?w=800\" alt=\"\" class=\"wp-image-919\"\/><\/figure>\n","protected":false},"excerpt":{"rendered":"<p>Al\u00f4 Na\u00e7\u00e3o Santista! Sauda\u00e7\u00f5es Alvinegras! Agora \u00e9 oficial: Finalmente a procura por um novo treinador, terminou!O Santos anunciou nesta segunda-feira<\/p>\n","protected":false},"author":2,"featured_media":0,"comment_status":"open","ping_status":"open","sticky":false,"template":"","format":"standard","meta":{"colormag_page_container_layout":"default_layout","colormag_page_sidebar_layout":"default_layout","_jetpack_memberships_contains_paid_content":false,"footnotes":""},"categories":[12,4,30],"tags":[6],"class_list":["post-918","post","type-post","status-publish","format-standard","hentry","category-analise-e-comentario","category-bastidores-do-santos-fc","category-contratacoes","tag-santos-fc"],"jetpack_featured_media_url":"","jetpack_likes_enabled":true,"jetpack_sharing_enabled":true,"_links":{"self":[{"href":"https:\/\/sergiobertoldi.com\/index.php\/wp-json\/wp\/v2\/posts\/918","targetHints":{"allow":["GET"]}}],"collection":[{"href":"https:\/\/sergiobertoldi.com\/index.php\/wp-json\/wp\/v2\/posts"}],"about":[{"href":"https:\/\/sergiobertoldi.com\/index.php\/wp-json\/wp\/v2\/types\/post"}],"author":[{"embeddable":true,"href":"https:\/\/sergiobertoldi.com\/index.php\/wp-json\/wp\/v2\/users\/2"}],"replies":[{"embeddable":true,"href":"https:\/\/sergiobertoldi.com\/index.php\/wp-json\/wp\/v2\/comments?post=918"}],"version-history":[{"count":3,"href":"https:\/\/sergiobertoldi.com\/index.php\/wp-json\/wp\/v2\/posts\/918\/revisions"}],"predecessor-version":[{"id":924,"href":"https:\/\/sergiobertoldi.com\/index.php\/wp-json\/wp\/v2\/posts\/918\/revisions\/924"}],"wp:attachment":[{"href":"https:\/\/sergiobertoldi.com\/index.php\/wp-json\/wp\/v2\/media?parent=918"}],"wp:term":[{"taxonomy":"category","embeddable":true,"href":"https:\/\/sergiobertoldi.com\/index.php\/wp-json\/wp\/v2\/categories?post=918"},{"taxonomy":"post_tag","embeddable":true,"href":"https:\/\/sergiobertoldi.com\/index.php\/wp-json\/wp\/v2\/tags?post=918"}],"curies":[{"name":"wp","href":"https:\/\/api.w.org\/{rel}","templated":true}]}}