{"id":890,"date":"2019-12-19T13:03:32","date_gmt":"2019-12-19T16:03:32","guid":{"rendered":"http:\/\/sergiobertoldi.com\/?p=890"},"modified":"2019-12-19T18:51:45","modified_gmt":"2019-12-19T21:51:45","slug":"atrasado-santos-precisa-correr-contra-o-tempo","status":"publish","type":"post","link":"https:\/\/sergiobertoldi.com\/index.php\/2019\/12\/19\/atrasado-santos-precisa-correr-contra-o-tempo\/","title":{"rendered":"Atrasado Santos precisa Correr contra o Tempo!"},"content":{"rendered":"\n<p><strong><span style=\"text-decoration: underline;\">Al\u00f4 Na\u00e7\u00e3o Santista! Sauda\u00e7\u00f5es Alvinegras!<\/span><\/strong><\/p>\n\n\n\n<p>Os leitores mais ass\u00edduos, aqueles que acompanham o Blog com frequ\u00eancia, certamente ir\u00e3o lembrar que em edi\u00e7\u00f5es passadas, faz\u00edamos um alerta a respeito da demora da Diretoria do Santos em definir a situa\u00e7\u00e3o da perman\u00eancia ou n\u00e3o do T\u00e9cnico Jorge Sampaoli, a frente do comando t\u00e9cnico da equipe!<\/p>\n\n\n\n<p>Passados 10 dias do final da temporada  2019 de futebol , o Santos j\u00e1 sabe que n\u00e3o contar\u00e1 com a continuidade do trabalho do treinador, que no dia 11 de dezembro, comunicou oficialmente atrav\u00e9s de seu advogado, que n\u00e3o permaneceria no Santos para 2020.<\/p>\n\n\n\n<div class=\"wp-block-image\"><figure class=\"aligncenter size-large is-resized\"><img data-recalc-dims=\"1\" loading=\"lazy\" decoding=\"async\" src=\"https:\/\/i0.wp.com\/sergiobertoldi.com\/wp-content\/uploads\/2019\/12\/WhatsApp-Image-2019-12-12-at-11.19.41-701x1024-1.jpeg?resize=351%2C512\" alt=\"\" class=\"wp-image-891\" width=\"351\" height=\"512\"\/><figcaption>Notifica\u00e7\u00e3o oficial do pedido de demiss\u00e3o do Treinador Jorge Sampaoli<\/figcaption><\/figure><\/div>\n\n\n\n<p> O planejamento para 2020, est\u00e1 atrasado, at\u00e9 porque a indefini\u00e7\u00e3o da diretoria em anunciar quem ser\u00e1 o treinador em 2020, faz com que n\u00e3o se saiba do atual elenco, quem seria aproveitado, muito menos quem pode ser dispensado, al\u00e9m daqueles jogadores que retornam de empr\u00e9stimo. <br>Aquilo que h\u00e1 mais de um m\u00eas alert\u00e1vamos, est\u00e1 se concretizando!<br>Enquanto outras equipes que j\u00e1 terminaram o ano mais estruturadas e definidas que o Santos, e j\u00e1 definiram o que pretendem para 2020, contratando mais refor\u00e7os e fazendo as modifica\u00e7\u00f5es necess\u00e1rias para no ano que vem virem mais fortes ainda, o Santos sequer definiu quem ser\u00e1 o respons\u00e1vel por substituir o treinador Jorge Sampaoli.<br>Sabemos que a tarefa n\u00e3o \u00e9 das mais f\u00e1ceis, pois h\u00e1 tempos j\u00e1 alert\u00e1vamos que o padr\u00e3o estabelecido pelo ex t\u00e9cnico do Santos, \u00e9 alt\u00edssimo!<br>Critiquei muito o treinador Santista em in\u00fameras oportunidades, algo do qual n\u00e3o me arrependo, pois acredito que minhas cr\u00edticas pontuais tinham embasamento.<br>Por\u00e9m n\u00e3o sou louco para n\u00e3o reconhecer seu trabalho no Santos!<\/p>\n\n\n\n<p>Sampaoli deixou o Santos, com um padr\u00e3o de jogo que encantou os torcedores, que para dificultar ainda mais a tarefa do profissional que ter\u00e1 que substitu\u00ed-lo, foi respons\u00e1vel (Padr\u00e3o de Jogo), pela humilhante goleada imposta ao Campe\u00e3o Brasileiro!<br>Por esse motivo, a Diretoria tenta definir o quanto antes o substituto de Jorge Sampaoli, &nbsp;algu\u00e9m que ter\u00e1 que ser capaz de ter seu nome praticamente uma unanimidade entre a torcida!<br>V\u00e1rios nomes foram sondados mesclando entre profissionais estrangeiros, o que ap\u00f3s o trabalho do Argentino Jorge Sampaoli, parece ser a prefer\u00eancia da Diretoria, por\u00e9m n\u00e3o descartando profissionais brasileiros.<\/p>\n\n\n\n<p>O Santos teve como sua primeira op\u00e7\u00e3o e desejo inicial, contratar o t\u00e9cnico <strong>Ariel Holan<\/strong> (anunciado na Universidad Cat\u00f3lica-CHI).<br>Posteriormente cogitou-se o nome de um ex Auxiliar do pr\u00f3prio Sampaoli, com quem trabalhou na Sele\u00e7\u00e3o Argentina, <strong>Sebasti\u00e1n Beccacece<\/strong> (pr\u00f3ximo de um acerto com o Racing-ARG).<br>Surgiu ent\u00e3o o nome do emergente <strong>Miguel \u00c1ngel Ram\u00edrez<\/strong> ( treinador com contrato em vig\u00eancia com o Independiente Del Valle-EQU)<br>Na sequ\u00eancia ainda vieram: <strong>Gabriel Heinze<\/strong>, (V\u00e9lez Sarsfield), <strong>Rafael Dudamel<\/strong>, da (sele\u00e7\u00e3o da Venezuela), <strong>Juan Carlos Osorio<\/strong>, do (Atl\u00e9tico Nacional), al\u00e9m dos brasileiros <strong>Wanderlei Luxemburo<\/strong> (ex Vasco da Gama, rec\u00e9m fechado com o Palmeiras), <strong>Rog\u00e9rio Ceni<\/strong> (renovou contrato com o Fortaleza), <strong>Abel Braga<\/strong> (contratado pelo Vasco da Gama). O argentino <strong>Mat\u00edas Almeyda<\/strong>, do San Jos\u00e9 Earthquakes, e o portugu\u00eas <strong>Jos\u00e9 Peseiro<\/strong>, que est\u00e1 desempregado, est\u00e3o na lista extensa de oferecidos.<br>Esses a princ\u00edpio, n\u00e3o interessam.<\/p>\n\n\n\n<p>Dentre as op\u00e7\u00f5es de treinadores no mercado brasileiro restavam, apenas tr\u00eas nomes, por\u00e9m agora s\u00f3 restam dois!<br>O primeiro era um antigo sonho do presidente Peres, por\u00e9m o Santos sabia da dificuldade que seria tirar <strong>Renato Ga\u00facho do Gr\u00eamio<\/strong>, que j\u00e1 anunciou sua renova\u00e7\u00e3o com o treinador. O Segundo &#8220;<strong>Felip\u00e3o<\/strong>&#8221; n\u00e3o me agrada nem um pouco, embora sua carreira seja vitoriosa. O terceiro que ali\u00e1s, \u00e9 um dos poucos bons treinadores que ainda restam como op\u00e7\u00e3o no mercado brasileiro, chama-se <strong>Roger Machado<\/strong>!<\/p>\n\n\n\n<div class=\"wp-block-image\"><figure class=\"aligncenter size-large\"><img data-recalc-dims=\"1\" decoding=\"async\" src=\"https:\/\/i0.wp.com\/sergiobertoldi.com\/wp-content\/uploads\/2019\/12\/image.jpg?w=800\" alt=\"\" class=\"wp-image-894\"\/><figcaption>T\u00e9cnico Roger Machado<\/figcaption><\/figure><\/div>\n\n\n\n<p><br>Na minha opini\u00e3o, Roger Machado seria um nome que se encaixaria perfeitamente com a filosofia ofensiva do Santos, al\u00e9m de ser adepto de uma das principais exig\u00eancias do clube, que procura sempre por um treinador que goste de trabalhar em conjunto aos profissionais da Base, puxando para o time de cima garotos revelados nas categorias de base do clube.<br>Tudo isso aliado ao fato de ser neste momento, um treinador que n\u00e3o estaria muito longe da qualidade de trabalho realizado neste ano, e n\u00e3o custaria nem metade do sal\u00e1rio pago ao Sampaoli e sua Comiss\u00e3o T\u00e9cnica.<\/p>\n\n\n\n<p>Outro nome que foi indicada para a Diretoria Santista nas \u00faltimas horas, foi o de <strong>Mircea Lucescu<\/strong>, um treinador romeno de 74 anos que est\u00e1 longe de suas atividades no futebol, desde que saiu da sele\u00e7\u00e3o turca no in\u00edcio desta temporada. <br>Lucescu\u00a0 embora estrangeiro, tem a seu favor a familiaridade com o idioma Brasileiro, por ter dirigido por 12 anos, entre 2004 e 2016, as equipes do Shakhtar Donetsk (UCR), clube reconhecido pela legi\u00e3o de jogadores brasileiros.<\/p>\n\n\n\n<figure class=\"wp-block-image size-large\"><img data-recalc-dims=\"1\" decoding=\"async\" src=\"https:\/\/i0.wp.com\/sergiobertoldi.com\/wp-content\/uploads\/2019\/12\/csm_javier_soriano_AFP_ddc20c6531.jpg?w=800\" alt=\"\" class=\"wp-image-892\"\/><figcaption> Treinador Romeno Mircea Lucescu <\/figcaption><\/figure>\n\n\n\n<p>&nbsp;O interessante e ao\nmesmo tempo intrigante, \u00e9 que o Presidente do Santos que recentemente esteve em\nLuque, no Paraguai, acompanhando o sorteio dos grupos da Libertadores, negou\nter feito qualquer proposta ao treinador romeno Mircea Lucescu, enquanto o treinador\nafirmou a ve\u00edculos de imprensa da Rom\u00eania, que recebeu sim uma oferta do clube\nbrasileiro.<\/p>\n\n\n\n<p>\u201cNunca tivemos contato com esse treinador (Lucescu). As op\u00e7\u00f5es est\u00e3o comigo, trabalhamos 14 ou 16 horas por dia para resolver essa quest\u00e3o. Nunca chegou a n\u00f3s tr\u00eas que estamos nisso (negocia\u00e7\u00f5es). \u00c0s vezes empres\u00e1rio faz proposta em nome do Santos, mas ningu\u00e9m tem procura\u00e7\u00e3o\u201d, completou.<br>Parece que as coisas no Santos n\u00e3o mudam mesmo! Enquanto as pessoas declaram uma coisa, o Presidente declara outra!<\/p>\n\n\n\n<p>E assim o tempo vai passado, as melhores op\u00e7\u00f5es v\u00e3o sendo contratadas por outras agremia\u00e7\u00f5es, e o Santos vai ficando para tr\u00e1s tanto em refor\u00e7os para o time, como na quest\u00e3o de fechar com um treinador para 2020 <br>Se continuar atrasado na programa\u00e7\u00e3o do planejamento para a pr\u00f3xima temporada, algo que um clube organizado come\u00e7a a se preocupar em meados de outubro, de nada ter\u00e1 adiantado tanto esfor\u00e7o para garantir o Clube na Libertadores, se for somente para participar sem ter como almejar nada!\u00a0\u00a0\u00a0<\/p>\n\n\n\n<div class=\"wp-block-image\"><figure class=\"aligncenter size-large is-resized\"><img data-recalc-dims=\"1\" loading=\"lazy\" decoding=\"async\" src=\"https:\/\/i0.wp.com\/sergiobertoldi.com\/wp-content\/uploads\/2019\/12\/ce1685d4-4d50-4bc4-8630-bb1639911676.jpg?resize=360%2C362\" alt=\"\" class=\"wp-image-898\" width=\"360\" height=\"362\"\/><figcaption>Chaves da libertadores 2020<\/figcaption><\/figure><\/div>\n\n\n\n<p>\u00a0\u00a0\u00a0\u00a0\u00a0\u00a0\u00a0\u00a0\u00a0\u00a0\u00a0\u00a0\u00a0\u00a0\u00a0\u00a0\u00a0\u00a0\u00a0\u00a0\u00a0\u00a0\u00a0\u00a0\u00a0\u00a0\u00a0\u00a0\u00a0\u00a0\u00a0\u00a0\u00a0\u00a0\u00a0\u00a0\u00a0\u00a0\u00a0\u00a0\u00a0\u00a0\u00a0\u00a0\u00a0\u00a0\u00a0\u00a0\u00a0\u00a0\u00a0\u00a0\u00a0\u00a0\u00a0\u00a0\u00a0\u00a0\u00a0\u00a0\u00a0\u00a0\u00a0\u00a0\u00a0\u00a0\u00a0\u00a0\u00a0\u00a0\u00a0\u00a0\u00a0\u00a0\u00a0\u00a0\u00a0\u00a0\u00a0\u00a0\u00a0\u00a0\u00a0\u00a0\u00a0\u00a0\u00a0 \u00a0\u00a0\u00a0\u00a0\u00a0\u00a0\u00a0\u00a0\u00a0\u00a0\u00a0\u00a0\u00a0\u00a0\u00a0\u00a0\u00a0\u00a0\u00a0\u00a0\u00a0\u00a0\u00a0\u00a0\u00a0\u00a0\u00a0\u00a0\u00a0\u00a0\u00a0\u00a0<\/p>\n","protected":false},"excerpt":{"rendered":"<p>Al\u00f4 Na\u00e7\u00e3o Santista! Sauda\u00e7\u00f5es Alvinegras! Os leitores mais ass\u00edduos, aqueles que acompanham o Blog com frequ\u00eancia, certamente ir\u00e3o lembrar que<\/p>\n","protected":false},"author":2,"featured_media":0,"comment_status":"open","ping_status":"open","sticky":false,"template":"","format":"standard","meta":{"colormag_page_container_layout":"default_layout","colormag_page_sidebar_layout":"default_layout","_jetpack_memberships_contains_paid_content":false,"footnotes":""},"categories":[12,4,30,10],"tags":[6],"class_list":["post-890","post","type-post","status-publish","format-standard","hentry","category-analise-e-comentario","category-bastidores-do-santos-fc","category-contratacoes","category-elenco-profissional","tag-santos-fc"],"jetpack_featured_media_url":"","jetpack_likes_enabled":true,"jetpack_sharing_enabled":true,"_links":{"self":[{"href":"https:\/\/sergiobertoldi.com\/index.php\/wp-json\/wp\/v2\/posts\/890","targetHints":{"allow":["GET"]}}],"collection":[{"href":"https:\/\/sergiobertoldi.com\/index.php\/wp-json\/wp\/v2\/posts"}],"about":[{"href":"https:\/\/sergiobertoldi.com\/index.php\/wp-json\/wp\/v2\/types\/post"}],"author":[{"embeddable":true,"href":"https:\/\/sergiobertoldi.com\/index.php\/wp-json\/wp\/v2\/users\/2"}],"replies":[{"embeddable":true,"href":"https:\/\/sergiobertoldi.com\/index.php\/wp-json\/wp\/v2\/comments?post=890"}],"version-history":[{"count":3,"href":"https:\/\/sergiobertoldi.com\/index.php\/wp-json\/wp\/v2\/posts\/890\/revisions"}],"predecessor-version":[{"id":899,"href":"https:\/\/sergiobertoldi.com\/index.php\/wp-json\/wp\/v2\/posts\/890\/revisions\/899"}],"wp:attachment":[{"href":"https:\/\/sergiobertoldi.com\/index.php\/wp-json\/wp\/v2\/media?parent=890"}],"wp:term":[{"taxonomy":"category","embeddable":true,"href":"https:\/\/sergiobertoldi.com\/index.php\/wp-json\/wp\/v2\/categories?post=890"},{"taxonomy":"post_tag","embeddable":true,"href":"https:\/\/sergiobertoldi.com\/index.php\/wp-json\/wp\/v2\/tags?post=890"}],"curies":[{"name":"wp","href":"https:\/\/api.w.org\/{rel}","templated":true}]}}