{"id":8345,"date":"2026-09-04T10:00:02","date_gmt":"2026-09-04T13:00:02","guid":{"rendered":"https:\/\/sergiobertoldi.com\/?p=8345"},"modified":"2026-09-05T18:11:47","modified_gmt":"2026-09-05T21:11:47","slug":"santos-anuncia-o-meia-lima-como-reforco-para-o-meio-campo-para-a-sequencia-da-temporada","status":"publish","type":"post","link":"https:\/\/sergiobertoldi.com\/index.php\/2026\/09\/04\/santos-anuncia-o-meia-lima-como-reforco-para-o-meio-campo-para-a-sequencia-da-temporada\/","title":{"rendered":"Santos anuncia o meia Lima como refor\u00e7o do meio-campo para a sequ\u00eancia da Temporada"},"content":{"rendered":"<p><span style=\"font-family: helvetica, arial, sans-serif; font-size: 14pt;\"><strong><u>Al\u00f4 Na\u00e7\u00e3o Santista! Sauda\u00e7\u00f5es Alvinegras!<\/u><\/strong><\/span><\/p>\n<p style=\"text-align: justify;\"><span style=\"font-family: tahoma, arial, helvetica, sans-serif; font-size: 14pt;\">O Santos oficializou nesta sexta (04), a contrata\u00e7\u00e3o do meio-campista Lima, que chega por empr\u00e9stimo junto ao Fluminense at\u00e9 o encerramento da temporada de 2026.<br \/>\nReconhecido pela versatilidade e vis\u00e3o de jogo, o atleta de 30 anos celebrou o acerto, destacando o orgulho e a responsabilidade de defender a tradi\u00e7\u00e3o do clube santista.<\/span><\/p>\n<blockquote><p><span style=\"font-size: 14pt;\">\u201cEstou muito feliz com a oportunidade de defender o Santos. Chego bastante motivado e consciente do peso e da responsabilidade de vestir uma camisa com tanta hist\u00f3ria no futebol brasileiro. Estar aqui representa um grande orgulho para mim.\u201d<\/span><\/p><\/blockquote>\n<p style=\"text-align: justify;\"><span style=\"font-family: tahoma, arial, helvetica, sans-serif; font-size: 14pt;\">Natural de Ara\u00e7atuba (SP), Lima iniciou sua trajet\u00f3ria no futebol defendendo as cortes do Tanabi, mas profissionalizou-se no Gr\u00eamio Porto-alegrense, onde conquistou o <strong>Gauch\u00e3o<\/strong> e a <strong>Recopa Sul-Americana<\/strong> em <strong>2018<\/strong>.<\/span><br \/>\n<span style=\"font-family: tahoma, arial, helvetica, sans-serif; font-size: 14pt;\">Posteriormente, tornou-se pe\u00e7a central no Cear\u00e1, sendo campe\u00e3o da <strong>Copa do Nordeste<\/strong> (<strong>2020<\/strong>) e do <strong>Campeonato Cearense<\/strong> (<strong>2022<\/strong>), destacando-se pela qualidade t\u00e9cnica na arma\u00e7\u00e3o e no suporte defensivo.<\/span><\/p>\n<p style=\"text-align: justify;\"><span style=\"font-family: tahoma, arial, helvetica, sans-serif; font-size: 14pt;\">No Fluminense, o meia viveu o auge da carreira ao ser fundamental nas conquistas dos t\u00edtulos da <strong>Conmebol Libertadores<\/strong> (<strong>2023<\/strong>), do <strong>Campeonato Carioca<\/strong> e da <strong>Recopa Sul-Americana<\/strong> (<strong>2024<\/strong>), acumulando <strong>16<\/strong> gols em <strong>168<\/strong> partidas.<\/span><\/p>\n<p style=\"text-align: justify;\"><span style=\"font-family: tahoma, arial, helvetica, sans-serif; font-size: 14pt;\">Ap\u00f3s uma breve passagem pelo <strong>Am\u00e9rica do M\u00e9xico<\/strong> no in\u00edcio de <strong>2026<\/strong>, Lima retorna ao futebol brasileiro como o terceiro refor\u00e7o do Peixe nesta janela, juntando-se ao volante <strong>Arthur<\/strong> e ao lateral <strong>Rodinei<\/strong>.<\/span><\/p>\n<p style=\"text-align: justify;\"><span style=\"text-decoration: underline;\"><span style=\"font-size: 14pt;\"><strong>Perfil t\u00e9cnico e encaixe no esquema de Cuca<\/strong><\/span><\/span><\/p>\n<p style=\"text-align: justify;\"><span style=\"font-family: tahoma, arial, helvetica, sans-serif; font-size: 14pt;\">Lima, de 30 anos, foi uma indica\u00e7\u00e3o direta do t\u00e9cnico Cuca, que valorizou sua versatilidade no meio-campo e a capacidade de leitura de jogo.<br \/>\nEle pode atuar em diferentes fun\u00e7\u00f5es no setor, tanto na organiza\u00e7\u00e3o quanto na conten\u00e7\u00e3o, e tamb\u00e9m j\u00e1 jogou mais aberto em momentos da carreira, o que amplia as op\u00e7\u00f5es t\u00e1ticas do Santos!<br \/>\nPara um treinador que costuma exigir equil\u00edbrio entre posse, transi\u00e7\u00e3o e intensidade, ter um jogador com essa amplitude de fun\u00e7\u00f5es ajuda a manter o padr\u00e3o mesmo com desfalques.<\/span><\/p>\n<p style=\"text-align: justify;\"><span style=\"font-family: tahoma, arial, helvetica, sans-serif; font-size: 14pt;\">O Santos j\u00e1 demonstrava interesse em Lima desde agosto, mas as tratativas ganharam velocidade ap\u00f3s as les\u00f5es de <strong>\u00c1lvaro Barreal<\/strong> e <strong>Neymar<\/strong>, que deixaram o empate com o Palmeiras com problemas f\u00edsicos e ficar\u00e3o de fora de grande parte da sequ\u00eancia do <strong>Brasileir\u00e3o<\/strong> e <strong>Copa Sul-Americana<\/strong>.<\/span><br \/>\n<span style=\"font-family: tahoma, arial, helvetica, sans-serif; font-size: 14pt;\">Com dois nomes importantes do meio-campo\/cria\u00e7\u00e3o, fora do time por les\u00f5es, a diretoria acelerou a busca por um refor\u00e7o experiente para n\u00e3o perder ritmo na reta final da temporada, especialmente no Brasileir\u00e3o<\/span><\/p>\n<p style=\"text-align: justify;\"><span style=\"font-family: tahoma, arial, helvetica, sans-serif; font-size: 14pt;\">Apesar do v\u00ednculo ser apenas at\u00e9 o fim de <strong>2026<\/strong>, h\u00e1 possibilidade de renova\u00e7\u00e3o do empr\u00e9stimo ao t\u00e9rmino da temporada, caso o jogador se adapte bem e cumpra o papel esperado.<br \/>\nA ideia imediata, por\u00e9m, \u00e9 clara: inscrev\u00ea-lo para a Copa Sul-Americana e t\u00ea-lo \u00e0 disposi\u00e7\u00e3o j\u00e1 para os pr\u00f3ximos jogos, incluindo o confronto contra o Atl\u00e9tico-MG.<\/span><\/p>\n<p style=\"text-align: justify;\"><span style=\"font-family: tahoma, arial, helvetica, sans-serif; font-size: 14pt;\">Em resumo, o Santos contratou Lima por ser um refor\u00e7o r\u00e1pido, barato (gra\u00e7as \u00e0 redu\u00e7\u00e3o salarial), tecnicamente vers\u00e1til e aprovado pelo treinador, num momento em que o elenco precisava de profundidade no meio-campo ap\u00f3s os problemas f\u00edsicos de pe\u00e7as-chave.<\/span><\/p>\n<p style=\"text-align: justify;\"><span style=\"font-family: tahoma, arial, helvetica, sans-serif; font-size: 14pt;\">(Cr\u00e9dito: Imagem: tntsportsbr)<\/span><\/p>\n<p style=\"text-align: justify;\"><span style=\"font-family: tahoma, arial, helvetica, sans-serif; font-size: 14pt;\">Falamos das coisas do Santos, sempre com a parceria e o apoio dos nossos anunciantes!<\/span><\/p>\n<p>&nbsp;<\/p>\n","protected":false},"excerpt":{"rendered":"<p>Al\u00f4 Na\u00e7\u00e3o Santista! Sauda\u00e7\u00f5es Alvinegras! O Santos oficializou nesta sexta (04), a contrata\u00e7\u00e3o do meio-campista Lima, que chega por empr\u00e9stimo<\/p>\n","protected":false},"author":2,"featured_media":8346,"comment_status":"open","ping_status":"open","sticky":false,"template":"","format":"standard","meta":{"colormag_page_container_layout":"default_layout","colormag_page_sidebar_layout":"default_layout","_jetpack_newsletter_access":"","_jetpack_dont_email_post_to_subs":false,"_jetpack_newsletter_tier_id":0,"_jetpack_memberships_contains_paywalled_content":false,"_jetpack_memberships_contains_paid_content":false,"footnotes":""},"categories":[4,30],"tags":[6],"class_list":["post-8345","post","type-post","status-publish","format-standard","has-post-thumbnail","hentry","category-bastidores-do-santos-fc","category-contratacoes","tag-santos-fc"],"jetpack_likes_enabled":true,"jetpack_sharing_enabled":true,"jetpack_featured_media_url":"https:\/\/i0.wp.com\/sergiobertoldi.com\/wp-content\/uploads\/2026\/09\/Captura-de-tela-2026-09-05-132658.png?fit=441%2C394&ssl=1","_links":{"self":[{"href":"https:\/\/sergiobertoldi.com\/index.php\/wp-json\/wp\/v2\/posts\/8345","targetHints":{"allow":["GET"]}}],"collection":[{"href":"https:\/\/sergiobertoldi.com\/index.php\/wp-json\/wp\/v2\/posts"}],"about":[{"href":"https:\/\/sergiobertoldi.com\/index.php\/wp-json\/wp\/v2\/types\/post"}],"author":[{"embeddable":true,"href":"https:\/\/sergiobertoldi.com\/index.php\/wp-json\/wp\/v2\/users\/2"}],"replies":[{"embeddable":true,"href":"https:\/\/sergiobertoldi.com\/index.php\/wp-json\/wp\/v2\/comments?post=8345"}],"version-history":[{"count":2,"href":"https:\/\/sergiobertoldi.com\/index.php\/wp-json\/wp\/v2\/posts\/8345\/revisions"}],"predecessor-version":[{"id":8348,"href":"https:\/\/sergiobertoldi.com\/index.php\/wp-json\/wp\/v2\/posts\/8345\/revisions\/8348"}],"wp:featuredmedia":[{"embeddable":true,"href":"https:\/\/sergiobertoldi.com\/index.php\/wp-json\/wp\/v2\/media\/8346"}],"wp:attachment":[{"href":"https:\/\/sergiobertoldi.com\/index.php\/wp-json\/wp\/v2\/media?parent=8345"}],"wp:term":[{"taxonomy":"category","embeddable":true,"href":"https:\/\/sergiobertoldi.com\/index.php\/wp-json\/wp\/v2\/categories?post=8345"},{"taxonomy":"post_tag","embeddable":true,"href":"https:\/\/sergiobertoldi.com\/index.php\/wp-json\/wp\/v2\/tags?post=8345"}],"curies":[{"name":"wp","href":"https:\/\/api.w.org\/{rel}","templated":true}]}}