{"id":8339,"date":"2026-09-02T10:00:23","date_gmt":"2026-09-02T13:00:23","guid":{"rendered":"https:\/\/sergiobertoldi.com\/?p=8339"},"modified":"2026-09-05T17:41:13","modified_gmt":"2026-09-05T20:41:13","slug":"santos-anuncia-a-contratacao-do-lateral-direito-rodinei","status":"publish","type":"post","link":"https:\/\/sergiobertoldi.com\/index.php\/2026\/09\/02\/santos-anuncia-a-contratacao-do-lateral-direito-rodinei\/","title":{"rendered":"Santos anuncia a contrata\u00e7\u00e3o do lateral-direito Rodinei"},"content":{"rendered":"<p><span style=\"font-family: helvetica, arial, sans-serif; font-size: 14pt;\"><strong><u>Al\u00f4 Na\u00e7\u00e3o Santista! Sauda\u00e7\u00f5es Alvinegras!<\/u><\/strong><\/span><\/p>\n<p style=\"text-align: justify;\"><span style=\"font-family: tahoma, arial, helvetica, sans-serif; font-size: 14pt;\">O Santos anunciou de forma oficial nesta quarta (02), a contrata\u00e7\u00e3o do lateral-direito <strong>Rodinei<\/strong>, que assinou contrato com o clube at\u00e9 o final de 2027.<\/span><\/p>\n<p style=\"text-align: justify;\"><span style=\"font-family: tahoma, arial, helvetica, sans-serif; font-size: 14pt;\">Natural de Tatu\u00ed (SP), Rodinei iniciou sua carreira no Ava\u00ed e passou por diversas equipes antes de ganhar proje\u00e7\u00e3o nacional na Ponte Preta, onde se destacou pelo vigor f\u00edsico e apoio ofensivo.<br \/>\nNo Flamengo, viveu seu per\u00edodo mais vitorioso, conquistando t\u00edtulos como o <strong>Campeonato Brasileiro<\/strong>, a <strong>Copa do Brasil<\/strong> e duas edi\u00e7\u00f5es da <strong>Conmebol Libertadores<\/strong>.<\/span><\/p>\n<p style=\"text-align: justify;\"><span style=\"font-family: tahoma, arial, helvetica, sans-serif; font-size: 14pt;\">Vindo de uma trajet\u00f3ria de sucesso em sua recente passagem pela Europa, o lateral tornou-se pe\u00e7a fundamental do <strong>Olympiacos<\/strong>, da Gr\u00e9cia, onde conquistou a <strong>UEFA Conference League<\/strong> e t\u00edtulos nacionais, acumulando <strong>157<\/strong> partidas, marca que o coloca como o segundo brasileiro com mais jogos na hist\u00f3ria do clube grego.<br \/>\n<\/span><span style=\"font-family: tahoma, arial, helvetica, sans-serif; font-size: 14pt;\">A rescis\u00e3o com o Olympiacos facilitou o acerto sem custo de transfer\u00eancia, permitindo ao Santos fechar um nome de peso na reta final da janela de transfer\u00eancias.<\/span><\/p>\n<p><span class=\"iNqyIf\" style=\"font-family: tahoma, arial, helvetica, sans-serif; font-size: 14pt;\" data-sfc-cp=\"\" data-sfc-root=\"ep\" data-complete=\"true\" data-copy-service-computed-style=\"font-family: &quot;Google Sans&quot;, Arial, sans-serif; font-size: 16px; font-weight: 400; margin: 0px; text-decoration: none; border-bottom: 0px rgb(10, 10, 10);\"><span class=\"yADgie\" data-copy-service-computed-style=\"font-family: &quot;Google Sans&quot;, Arial, sans-serif; font-size: 16px; font-weight: 400; margin: 0px; text-decoration: none; border-bottom: 0px rgb(10, 10, 10);\"> Rodinei\u00a0 j\u00e1 chegou ao Santos, realizou exames m\u00e9dicos no CT Rei Pel\u00e9 e j\u00e1 iniciou os trabalhos com o elenco comandado pelo t\u00e9cnico Cuca.<br \/>\nO Santos agiu r\u00e1pido e j\u00e1 inscreveu o lateral na Conmebol para a disputa das quartas de final da Copa Sul-americana contra o Atl\u00e9tico-MG.<br \/>\nO jogador vestir\u00e1 a <strong class=\"rQesXe MPyX\" data-sfc-cp=\"\" data-sfc-root=\"ep\" data-complete=\"true\" data-copy-service-computed-style=\"font-family: &quot;Google Sans&quot;, Arial, sans-serif; font-size: 16px; font-weight: 700; margin: 0px; text-decoration: none; border-bottom: 0px rgb(10, 10, 10);\">camisa n\u00famero 23<\/strong><br \/>\n<\/span><\/span><span style=\"font-family: tahoma, arial, helvetica, sans-serif; font-size: 14pt;\">Rodinei que agora retorna ao Brasil para refor\u00e7ar o Santos, expressou entusiasmo e senso de responsabilidade, ao assumir o desafio de defender a camisa santista, prometendo com sua experi\u00eancia e caracter\u00edsticas de velocidade e for\u00e7a no setor ofensivo e defensivo, muito empenho para trazer alegrias \u00e0 torcida do Peixe!<\/span><\/p>\n<blockquote><p><span style=\"font-size: 14pt;\">&#8220;\u00c9 uma felicidade muito grande poder vestir a camisa de um clube gigantesco como o Santos FC. Estou chegando com muita vontade e sabendo da responsabilidade que \u00e9 vestir essa camisa. Espero corresponder dentro de campo e, junto com meus companheiros, dar muitas alegrias para a torcida, pois sei que eles merecem sorrir&#8221;.<\/span><\/p><\/blockquote>\n<p style=\"text-align: justify;\"><span style=\"font-family: tahoma, arial, helvetica, sans-serif; font-size: 14pt;\">A chegada do lateral-direito Rodinei que vem com contrato at\u00e9 dezembro de 2027 responde, acima de tudo, a uma necessidade imediata de experi\u00eancia, lideran\u00e7a e qualidade t\u00e9cnica, numa posi\u00e7\u00e3o que vinha sendo um ponto de preocupa\u00e7\u00e3o da Comiss\u00e3o T\u00e9cnica.<\/span><\/p>\n<p><span style=\"text-decoration: underline;\"><span style=\"font-size: 14pt;\"><strong>Pedido direto de Cuca<\/strong>:<\/span><\/span> <span style=\"font-family: tahoma, arial, helvetica, sans-serif; font-size: 14pt;\">A chegada foi articulada a pedido do t\u00e9cnico, que queria um lateral ofensivo, intenso e com leitura de jogo para compor o sistema de jogo.<\/span><\/p>\n<p><span style=\"text-decoration: underline;\"><span style=\"font-size: 14pt;\"><strong>Experi\u00eancia em lidar com situa\u00e7\u00f5es de press\u00e3o<\/strong>:<\/span><\/span> <span style=\"font-family: tahoma, arial, helvetica, sans-serif; font-size: 14pt;\">Rodinei chega com curr\u00edculo de jogador acostumado a decis\u00f5es, tendo duas Libertadores, um Brasileir\u00e3o, uma Copa do Brasil e, na Europa, uma Conference League, experi\u00eancia que ser\u00e1 de grande import\u00e2ncia na ajuda ao Santos em jogos decisivos pela perman\u00eancia do clube alvinegro Praiano, na elite do futebol brasileiro<\/span><\/p>\n<p><span style=\"text-decoration: underline;\"><span style=\"font-size: 14pt;\"><strong>Perfil ofensivo e consist\u00eancia<\/strong>:<\/span>\u00a0 \u00a0<\/span><span style=\"font-family: tahoma, arial, helvetica, sans-serif; font-size: 14pt;\">No Olympiacos, Rodinei se consolidou como lateral de apoio constante, com n\u00fameros relevantes de assist\u00eancias e presen\u00e7a em competi\u00e7\u00f5es continentais, algo que o Peixe busca para ampliar o leque ofensivo pelas laterais.<\/span><\/p>\n<p><span style=\"text-decoration: underline;\"><span style=\"font-size: 14pt;\"><strong>Lideran\u00e7a e cultura vencedora<\/strong>:<\/span> \u00a0<span style=\"font-family: tahoma, arial, helvetica, sans-serif; font-size: 14pt;\">\u00a0<\/span><\/span><span style=\"font-family: tahoma, arial, helvetica, sans-serif; font-size: 14pt;\">Al\u00e9m da t\u00e9cnica, o clube ganha um profissional acostumado a rotinas de clube grande, com h\u00e1bitos de trabalho e mentalidade de t\u00edtulo, \u00fatil para equilibrar um grupo em reconstru\u00e7\u00e3o.<\/span><\/p>\n<p><span style=\"font-family: tahoma, arial, helvetica, sans-serif; font-size: 14pt;\">Em resumo: O Santos busca em Rodinei n\u00e3o s\u00f3 um lateral com caracter\u00edsticas ofensivas e defensivas equilibradas, mas tamb\u00e9m um atleta que possa passar ao grupo de jogadores, uma cultura competitiva!<br \/>\nAlgu\u00e9m que j\u00e1 viveu o que o Peixe quer voltar a viver com frequ\u00eancia: decis\u00f5es, t\u00edtulos e rotina de alto n\u00edvel.<\/span><\/p>\n<p>&nbsp;<\/p>\n<p><span style=\"font-size: 14pt;\">(Cr\u00e9dito: Imagem: SportsCenter Brasil)<\/span><\/p>\n<p><span style=\"font-size: 14pt;\">Falamos das coisas do Santos, sempre com a parceria e o apoio dos nossos anunciantes!<\/span><\/p>\n<p>&nbsp;<\/p>\n","protected":false},"excerpt":{"rendered":"<p>Al\u00f4 Na\u00e7\u00e3o Santista! Sauda\u00e7\u00f5es Alvinegras! O Santos anunciou de forma oficial nesta quarta (02), a contrata\u00e7\u00e3o do lateral-direito Rodinei, que<\/p>\n","protected":false},"author":2,"featured_media":8340,"comment_status":"open","ping_status":"open","sticky":false,"template":"","format":"standard","meta":{"colormag_page_container_layout":"default_layout","colormag_page_sidebar_layout":"default_layout","_jetpack_newsletter_access":"","_jetpack_dont_email_post_to_subs":false,"_jetpack_newsletter_tier_id":0,"_jetpack_memberships_contains_paywalled_content":false,"_jetpack_memberships_contains_paid_content":false,"footnotes":""},"categories":[4,30],"tags":[6],"class_list":["post-8339","post","type-post","status-publish","format-standard","has-post-thumbnail","hentry","category-bastidores-do-santos-fc","category-contratacoes","tag-santos-fc"],"jetpack_likes_enabled":true,"jetpack_sharing_enabled":true,"jetpack_featured_media_url":"https:\/\/i0.wp.com\/sergiobertoldi.com\/wp-content\/uploads\/2026\/09\/Captura-de-tela-2026-09-05-131807.png?fit=484%2C471&ssl=1","_links":{"self":[{"href":"https:\/\/sergiobertoldi.com\/index.php\/wp-json\/wp\/v2\/posts\/8339","targetHints":{"allow":["GET"]}}],"collection":[{"href":"https:\/\/sergiobertoldi.com\/index.php\/wp-json\/wp\/v2\/posts"}],"about":[{"href":"https:\/\/sergiobertoldi.com\/index.php\/wp-json\/wp\/v2\/types\/post"}],"author":[{"embeddable":true,"href":"https:\/\/sergiobertoldi.com\/index.php\/wp-json\/wp\/v2\/users\/2"}],"replies":[{"embeddable":true,"href":"https:\/\/sergiobertoldi.com\/index.php\/wp-json\/wp\/v2\/comments?post=8339"}],"version-history":[{"count":4,"href":"https:\/\/sergiobertoldi.com\/index.php\/wp-json\/wp\/v2\/posts\/8339\/revisions"}],"predecessor-version":[{"id":8344,"href":"https:\/\/sergiobertoldi.com\/index.php\/wp-json\/wp\/v2\/posts\/8339\/revisions\/8344"}],"wp:featuredmedia":[{"embeddable":true,"href":"https:\/\/sergiobertoldi.com\/index.php\/wp-json\/wp\/v2\/media\/8340"}],"wp:attachment":[{"href":"https:\/\/sergiobertoldi.com\/index.php\/wp-json\/wp\/v2\/media?parent=8339"}],"wp:term":[{"taxonomy":"category","embeddable":true,"href":"https:\/\/sergiobertoldi.com\/index.php\/wp-json\/wp\/v2\/categories?post=8339"},{"taxonomy":"post_tag","embeddable":true,"href":"https:\/\/sergiobertoldi.com\/index.php\/wp-json\/wp\/v2\/tags?post=8339"}],"curies":[{"name":"wp","href":"https:\/\/api.w.org\/{rel}","templated":true}]}}