{"id":8314,"date":"2026-09-03T11:40:28","date_gmt":"2026-09-03T14:40:28","guid":{"rendered":"https:\/\/sergiobertoldi.com\/?p=8314"},"modified":"2026-09-04T19:05:31","modified_gmt":"2026-09-04T22:05:31","slug":"arthur-melo-e-apresentado-no-santos-e-destaca-papel-de-neymar-na-contratacao","status":"publish","type":"post","link":"https:\/\/sergiobertoldi.com\/index.php\/2026\/09\/03\/arthur-melo-e-apresentado-no-santos-e-destaca-papel-de-neymar-na-contratacao\/","title":{"rendered":"Arthur Melo \u00e9 apresentado no Santos e destaca papel de Neymar na contrata\u00e7\u00e3o"},"content":{"rendered":"<p><span style=\"font-family: helvetica, arial, sans-serif; font-size: 14pt;\"><strong><u>Al\u00f4 Na\u00e7\u00e3o Santista! Sauda\u00e7\u00f5es Alvinegras!<\/u><\/strong><\/span><\/p>\n<p style=\"text-align: justify;\"><span style=\"font-family: tahoma, arial, helvetica, sans-serif; font-size: 14pt;\">O Santos Futebol Clube apresentou oficialmente nesta <strong>quinta-feira, <\/strong>(<strong>03<\/strong>), \u00e0s 10h00, na sala de imprensa da Vila Belmiro, o volante \/meia <strong>Arthur Melo<\/strong>, jogador que chega para fortalecer o setor de meio campo do Peixe.<\/span><br \/>\n<span style=\"font-family: tahoma, arial, helvetica, sans-serif; font-size: 14pt;\">Antes de se dirigir a Sala de Imprensa, Arthur esteve conhecendo as depend\u00eancias da Vila Belmiro, e no vesti\u00e1rio do Santos, posou para fotos com o Presidente do Clube, Marcello Teixeira, e com o ex jogador do Peixe, Renatinho!<\/span><\/p>\n<p><img data-recalc-dims=\"1\" loading=\"lazy\" decoding=\"async\" class=\"aligncenter wp-image-8315 size-full\" src=\"https:\/\/i0.wp.com\/sergiobertoldi.com\/wp-content\/uploads\/2026\/09\/55505456687_4b56571576_z.jpg?resize=640%2C512&#038;ssl=1\" alt=\"\" width=\"640\" height=\"512\" srcset=\"https:\/\/i0.wp.com\/sergiobertoldi.com\/wp-content\/uploads\/2026\/09\/55505456687_4b56571576_z.jpg?w=640&amp;ssl=1 640w, https:\/\/i0.wp.com\/sergiobertoldi.com\/wp-content\/uploads\/2026\/09\/55505456687_4b56571576_z.jpg?resize=300%2C240&amp;ssl=1 300w\" sizes=\"auto, (max-width: 640px) 100vw, 640px\" \/><\/p>\n<p style=\"text-align: justify;\"><span style=\"font-family: tahoma, arial, helvetica, sans-serif; font-size: 14pt;\">Das m\u00e3os de uma funcion\u00e1ria do Clube, o jogador ainda ganhou uma caixa personalizada, contendo v\u00e1rios itens da marca Santos Futebol Clube!<\/span><\/p>\n<p><img data-recalc-dims=\"1\" loading=\"lazy\" decoding=\"async\" class=\"alignnone wp-image-8316\" src=\"https:\/\/i0.wp.com\/sergiobertoldi.com\/wp-content\/uploads\/2026\/09\/55506457901_4ccb1340ff_e.jpg?resize=365%2C292&#038;ssl=1\" alt=\"\" width=\"365\" height=\"292\" srcset=\"https:\/\/i0.wp.com\/sergiobertoldi.com\/wp-content\/uploads\/2026\/09\/55506457901_4ccb1340ff_e.jpg?w=500&amp;ssl=1 500w, https:\/\/i0.wp.com\/sergiobertoldi.com\/wp-content\/uploads\/2026\/09\/55506457901_4ccb1340ff_e.jpg?resize=300%2C240&amp;ssl=1 300w\" sizes=\"auto, (max-width: 365px) 100vw, 365px\" \/> <img data-recalc-dims=\"1\" loading=\"lazy\" decoding=\"async\" class=\"alignnone wp-image-8317\" src=\"https:\/\/i0.wp.com\/sergiobertoldi.com\/wp-content\/uploads\/2026\/09\/55506612394_ba7e34b060_e.jpg?resize=365%2C292&#038;ssl=1\" alt=\"\" width=\"365\" height=\"292\" srcset=\"https:\/\/i0.wp.com\/sergiobertoldi.com\/wp-content\/uploads\/2026\/09\/55506612394_ba7e34b060_e.jpg?w=500&amp;ssl=1 500w, https:\/\/i0.wp.com\/sergiobertoldi.com\/wp-content\/uploads\/2026\/09\/55506612394_ba7e34b060_e.jpg?resize=300%2C240&amp;ssl=1 300w\" sizes=\"auto, (max-width: 365px) 100vw, 365px\" \/><\/p>\n<p style=\"text-align: justify;\"><span style=\"font-family: tahoma, arial, helvetica, sans-serif; font-size: 14pt;\">Em seguida o mais novo contratado esteve na Sala de Imprensa da Vila Belmiro, onde ao lado de um dos grandes \u00eddolos da hist\u00f3ria do Santos Futebol Clube, o ex volante, <strong>Renato Dirnei Flor\u00eancio Santos<\/strong>, mais conhecido como \u201cRenatinho\u201d<strong>, <\/strong>foi oficialmente apresentado e concedeu sua primeira entrevista como jogador do Alvinegro Praiano!<br \/>\n<\/span><span style=\"font-family: tahoma, arial, helvetica, sans-serif; font-size: 14pt;\">Com a presen\u00e7a de um grande n\u00famero de ve\u00edculos da imprensa esportiva, <strong>Arthur\u00a0<\/strong>recebeu das m\u00e3os do seu ex colega de posi\u00e7\u00e3o, como presente de \u201cBoas Vindas<strong>\u201d,\u00a0<\/strong>a camisa 06 com o seu nome!<\/span><\/p>\n<p><img data-recalc-dims=\"1\" loading=\"lazy\" decoding=\"async\" class=\"alignnone wp-image-8320\" src=\"https:\/\/i0.wp.com\/sergiobertoldi.com\/wp-content\/uploads\/2026\/09\/55506839490_f38084c280_e.jpg?resize=200%2C250&#038;ssl=1\" alt=\"\" width=\"200\" height=\"250\" srcset=\"https:\/\/i0.wp.com\/sergiobertoldi.com\/wp-content\/uploads\/2026\/09\/55506839490_f38084c280_e.jpg?resize=240%2C300&amp;ssl=1 240w, https:\/\/i0.wp.com\/sergiobertoldi.com\/wp-content\/uploads\/2026\/09\/55506839490_f38084c280_e.jpg?w=400&amp;ssl=1 400w\" sizes=\"auto, (max-width: 200px) 100vw, 200px\" \/> <img data-recalc-dims=\"1\" loading=\"lazy\" decoding=\"async\" class=\"alignnone wp-image-8321\" src=\"https:\/\/i0.wp.com\/sergiobertoldi.com\/wp-content\/uploads\/2026\/09\/55506565078_5758914093_e.jpg?resize=200%2C250&#038;ssl=1\" alt=\"\" width=\"200\" height=\"250\" srcset=\"https:\/\/i0.wp.com\/sergiobertoldi.com\/wp-content\/uploads\/2026\/09\/55506565078_5758914093_e.jpg?resize=240%2C300&amp;ssl=1 240w, https:\/\/i0.wp.com\/sergiobertoldi.com\/wp-content\/uploads\/2026\/09\/55506565078_5758914093_e.jpg?w=400&amp;ssl=1 400w\" sizes=\"auto, (max-width: 200px) 100vw, 200px\" \/> <img data-recalc-dims=\"1\" loading=\"lazy\" decoding=\"async\" class=\"alignnone wp-image-8322\" src=\"https:\/\/i0.wp.com\/sergiobertoldi.com\/wp-content\/uploads\/2026\/09\/55506839035_6695102537_e.jpg?resize=200%2C250&#038;ssl=1\" alt=\"\" width=\"200\" height=\"250\" srcset=\"https:\/\/i0.wp.com\/sergiobertoldi.com\/wp-content\/uploads\/2026\/09\/55506839035_6695102537_e.jpg?resize=240%2C300&amp;ssl=1 240w, https:\/\/i0.wp.com\/sergiobertoldi.com\/wp-content\/uploads\/2026\/09\/55506839035_6695102537_e.jpg?w=400&amp;ssl=1 400w\" sizes=\"auto, (max-width: 200px) 100vw, 200px\" \/><\/p>\n<p style=\"text-align: justify;\"><span style=\"font-family: tahoma, arial, helvetica, sans-serif; font-size: 14pt;\">Com a presen\u00e7a de dirigentes, jogadores e a imprensa esportiva, Arthur Melo agora com a\u00a0<strong>camisa 06<\/strong>, expressou sua alegria e gratid\u00e3o por estar vestindo uma camisa t\u00e3o pesada e de tanta hist\u00f3ria.<\/span><\/p>\n<blockquote><p><span style=\"font-size: 14pt;\">&#8220;Acho que \u00e9 uma sensa\u00e7\u00e3o \u00fanica. Pela hist\u00f3ria do Santos, pelos t\u00edtulos que conquistou, pelos jogadores que vestiram a camisa. Realmente, me sinto muito honrado por vestir essa camisa pesada. \u00c9 um marco pra todos que vestem. \u00c9 uma camiseta muito pesada.&#8221;.<\/span><\/p><\/blockquote>\n<p style=\"text-align: justify;\"><span style=\"font-family: tahoma, arial, helvetica, sans-serif; font-size: 14pt;\">Outro momento diferente que marcou a coletiva de apresenta\u00e7\u00e3o do novo refor\u00e7o Santista, foi a participa\u00e7\u00e3o na coletiva, de um s\u00f3cio do clube.<br \/>\n<\/span><span style=\"font-family: tahoma, arial, helvetica, sans-serif; font-size: 14pt;\">Como parte de uma a\u00e7\u00e3o do programa S\u00f3cio Rei, um s\u00f3cio do Santos, um rapaz que tamb\u00e9m se chama Arthur, participou da entrevista, tirou fotos com o seu xar\u00e1, e ainda ganhou uma camisa autografada pelo jogador<\/span><\/p>\n<p><strong> <img data-recalc-dims=\"1\" loading=\"lazy\" decoding=\"async\" class=\"alignnone wp-image-8326\" src=\"https:\/\/i0.wp.com\/sergiobertoldi.com\/wp-content\/uploads\/2026\/09\/55506458081_4de9f8ed7d_e.jpg?resize=365%2C292&#038;ssl=1\" alt=\"\" width=\"365\" height=\"292\" srcset=\"https:\/\/i0.wp.com\/sergiobertoldi.com\/wp-content\/uploads\/2026\/09\/55506458081_4de9f8ed7d_e.jpg?resize=300%2C240&amp;ssl=1 300w, https:\/\/i0.wp.com\/sergiobertoldi.com\/wp-content\/uploads\/2026\/09\/55506458081_4de9f8ed7d_e.jpg?w=500&amp;ssl=1 500w\" sizes=\"auto, (max-width: 365px) 100vw, 365px\" \/> <img data-recalc-dims=\"1\" loading=\"lazy\" decoding=\"async\" class=\"alignnone wp-image-8328\" src=\"https:\/\/i0.wp.com\/sergiobertoldi.com\/wp-content\/uploads\/2026\/09\/55506565318_4c12620aff_e.jpg?resize=365%2C292&#038;ssl=1\" alt=\"\" width=\"365\" height=\"292\" srcset=\"https:\/\/i0.wp.com\/sergiobertoldi.com\/wp-content\/uploads\/2026\/09\/55506565318_4c12620aff_e.jpg?resize=300%2C240&amp;ssl=1 300w, https:\/\/i0.wp.com\/sergiobertoldi.com\/wp-content\/uploads\/2026\/09\/55506565318_4c12620aff_e.jpg?w=500&amp;ssl=1 500w\" sizes=\"auto, (max-width: 365px) 100vw, 365px\" \/><\/strong><\/p>\n<p><img data-recalc-dims=\"1\" loading=\"lazy\" decoding=\"async\" class=\"alignnone wp-image-8329\" src=\"https:\/\/i0.wp.com\/sergiobertoldi.com\/wp-content\/uploads\/2026\/09\/55506458106_fc18794af2_e.jpg?resize=365%2C292&#038;ssl=1\" alt=\"\" width=\"365\" height=\"292\" srcset=\"https:\/\/i0.wp.com\/sergiobertoldi.com\/wp-content\/uploads\/2026\/09\/55506458106_fc18794af2_e.jpg?resize=300%2C240&amp;ssl=1 300w, https:\/\/i0.wp.com\/sergiobertoldi.com\/wp-content\/uploads\/2026\/09\/55506458106_fc18794af2_e.jpg?w=500&amp;ssl=1 500w\" sizes=\"auto, (max-width: 365px) 100vw, 365px\" \/> <img data-recalc-dims=\"1\" loading=\"lazy\" decoding=\"async\" class=\"alignnone wp-image-8330\" src=\"https:\/\/i0.wp.com\/sergiobertoldi.com\/wp-content\/uploads\/2026\/09\/55506457891_61b44bd165_e.jpg?resize=365%2C292&#038;ssl=1\" alt=\"\" width=\"365\" height=\"292\" srcset=\"https:\/\/i0.wp.com\/sergiobertoldi.com\/wp-content\/uploads\/2026\/09\/55506457891_61b44bd165_e.jpg?resize=300%2C240&amp;ssl=1 300w, https:\/\/i0.wp.com\/sergiobertoldi.com\/wp-content\/uploads\/2026\/09\/55506457891_61b44bd165_e.jpg?w=500&amp;ssl=1 500w\" sizes=\"auto, (max-width: 365px) 100vw, 365px\" \/><\/p>\n<p><span style=\"font-size: 14pt;\"><strong><u>Dados do Jogador<\/u><\/strong><\/span><\/p>\n<p><span style=\"font-size: 14pt;\"><strong>Nome completo:<\/strong><\/span> <span style=\"font-family: tahoma, arial, helvetica, sans-serif; font-size: 14pt;\">Arthur Henrique Ramos de Oliveira Melo<\/span><br \/>\n<span style=\"font-size: 14pt;\"><strong>Local de nascimento:<\/strong><\/span> <span style=\"font-family: tahoma, arial, helvetica, sans-serif; font-size: 14pt;\">Goi\u00e2nia, Goi\u00e1s, Brasil<\/span><br \/>\n<span style=\"font-size: 14pt;\"><strong>Data de nascimento:<\/strong><\/span> <span style=\"font-family: tahoma, arial, helvetica, sans-serif; font-size: 14pt;\">12 de agosto de 1996<\/span><br \/>\n<span style=\"font-size: 14pt;\"><strong>Idade atual:<\/strong> <\/span><span style=\"font-family: tahoma, arial, helvetica, sans-serif; font-size: 14pt;\">30 anos (completados em 12 de agosto de 2026)<\/span><br \/>\n<span style=\"font-size: 14pt;\"><strong>Peso: <\/strong><\/span><span style=\"font-family: tahoma, arial, helvetica, sans-serif; font-size: 14pt;\">74 kg<\/span><strong><span style=\"font-family: tahoma, arial, helvetica, sans-serif; font-size: 14pt;\">\u00a0<\/span><br \/>\n<\/strong><span style=\"font-size: 14pt;\"><strong>Altura: <\/strong><\/span><span style=\"font-family: tahoma, arial, helvetica, sans-serif; font-size: 14pt;\">1,71 m<\/span><br \/>\n<strong><span style=\"font-size: 14pt;\">P\u00e9 preferencial:<\/span> <\/strong><span style=\"font-family: tahoma, arial, helvetica, sans-serif; font-size: 14pt;\">Destro<\/span><br \/>\n<span style=\"font-size: 14pt;\"><strong>Tempo de Contrato com o Santos: <\/strong><\/span><span style=\"font-family: tahoma, arial, helvetica, sans-serif; font-size: 14pt;\">At\u00e9 31 de dezembro de 2026 (quatro meses), com op\u00e7\u00e3o de renova\u00e7\u00e3o por mais uma temporada<\/span><\/p>\n<p><span style=\"font-family: tahoma, arial, helvetica, sans-serif; font-size: 14pt;\"><strong>\u00a0<\/strong><strong><u>Hist\u00f3rico de Carreira<\/u><\/strong><\/span><\/p>\n<p><span style=\"text-decoration: underline;\"><span style=\"font-size: 14pt;\"><strong>Clubes em que atuou<\/strong><\/span><\/span><\/p>\n<p><span style=\"font-family: tahoma, arial, helvetica, sans-serif; font-size: 14pt;\">A carreira de Arthur \u00e9 marcada por passagens por grandes clubes do futebol mundial:<\/span><\/p>\n<p style=\"text-align: justify;\"><span style=\"font-family: tahoma, arial, helvetica, sans-serif; font-size: 14pt;\"><strong>Gr\u00eamio (2015\u20132018):<\/strong> Clube que o revelou, onde ganhou proje\u00e7\u00e3o nacional <strong>47<\/strong> jogos, <strong>5<\/strong> gols<\/span><br \/>\n<span style=\"font-family: tahoma, arial, helvetica, sans-serif; font-size: 14pt;\"><strong>Barcelona (2018\u20132020):<\/strong> Transferido em 2018 por cerca de \u20ac31 milh\u00f5es <strong>48<\/strong> jogos, <strong>3<\/strong> gols<\/span><br \/>\n<span style=\"font-family: tahoma, arial, helvetica, sans-serif; font-size: 14pt;\"><strong>Juventus (2020\u20132026):<\/strong> Clube italiano onde teve contrato at\u00e9 2026 <strong>42<\/strong> jogos, <strong>1<\/strong> gol (per\u00edodo com empr\u00e9stimos)<\/span><br \/>\n<span style=\"font-family: tahoma, arial, helvetica, sans-serif; font-size: 14pt;\"><strong>Liverpool (2022\u20132023):<\/strong> Empr\u00e9stimo durante uma temporada, <strong>01<\/strong> jogo <strong>0<\/strong> gols<\/span><br \/>\n<span style=\"font-family: tahoma, arial, helvetica, sans-serif; font-size: 14pt;\"><strong>Fiorentina (2023\u20132024):<\/strong> Empr\u00e9stimo, <strong>33<\/strong> jogos, <strong>2<\/strong> gols<\/span><br \/>\n<span style=\"font-family: tahoma, arial, helvetica, sans-serif; font-size: 14pt;\"><strong>Girona (2025):<\/strong> Empr\u00e9stimo na Espanha <strong>15<\/strong> jogos <strong>0<\/strong> gols<\/span><br \/>\n<span style=\"font-family: tahoma, arial, helvetica, sans-serif; font-size: 14pt;\"><strong>Gr\u00eamio (2025\u20132026):<\/strong> Retorno por empr\u00e9stimo ao clube ga\u00facho, <strong>36 <\/strong>jogos, <strong>1<\/strong> gol<strong>Santos (2026\u2013presente):<\/strong> Novo clube, anunciado em 31 de agosto de 2026<\/span><br \/>\n<span style=\"font-family: tahoma, arial, helvetica, sans-serif; font-size: 14pt;\">Ao longo da carreira, Arthur soma mais de <strong>300<\/strong> partidas profissionais, com <strong>14<\/strong> gols e <strong>17<\/strong> assist\u00eancias registradas.<\/span><\/p>\n<p><span style=\"font-size: 14pt;\"><strong><u>T\u00edtulos conquistados<\/u><\/strong><\/span><\/p>\n<p><span style=\"font-size: 14pt;\">Arthur acumula uma galeria de trof\u00e9us importantes em sua carreira:<\/span><\/p>\n<p><span style=\"font-family: tahoma, arial, helvetica, sans-serif; font-size: 14pt;\"><strong><u>Pelo Gr\u00eamio<\/u><\/strong><strong>:<\/strong><\/span><\/p>\n<ul>\n<li><span style=\"font-family: tahoma, arial, helvetica, sans-serif; font-size: 14pt;\"><strong>Copa do Brasil<\/strong>: 2016<\/span><\/li>\n<li><span style=\"font-family: tahoma, arial, helvetica, sans-serif; font-size: 14pt;\"><strong>Copa Libertadores da Am\u00e9rica<\/strong>: 2017<\/span><\/li>\n<li><span style=\"font-family: tahoma, arial, helvetica, sans-serif; font-size: 14pt;\"><strong>Recopa Sul-Americana<\/strong>: 2018<\/span><\/li>\n<li><span style=\"font-family: tahoma, arial, helvetica, sans-serif; font-size: 14pt;\"><strong>Campeonato Ga\u00facho<\/strong>: 2018, 2019 e 2026<\/span><\/li>\n<\/ul>\n<p><span style=\"font-family: tahoma, arial, helvetica, sans-serif; font-size: 14pt;\"><strong><u>Pelo Barcelona<\/u><\/strong><strong>:<\/strong><\/span><\/p>\n<ul>\n<li><span style=\"font-family: tahoma, arial, helvetica, sans-serif; font-size: 14pt;\"><strong>Campeonato Espanhol<\/strong> (La Liga): 2018\u201319<\/span><\/li>\n<li><span style=\"font-family: tahoma, arial, helvetica, sans-serif; font-size: 14pt;\"><strong>Supercopa da Espanha<\/strong>: 2018<\/span><\/li>\n<\/ul>\n<p><span style=\"font-family: tahoma, arial, helvetica, sans-serif; font-size: 14pt;\"><strong><u>Pela Juventus<\/u><\/strong><strong>:<\/strong><\/span><\/p>\n<ul>\n<li><span style=\"font-family: tahoma, arial, helvetica, sans-serif; font-size: 14pt;\"><strong>Copa da It\u00e1lia<\/strong>: 2020\u201321<\/span><\/li>\n<li><span style=\"font-family: tahoma, arial, helvetica, sans-serif; font-size: 14pt;\"><strong>Supercopa da It\u00e1lia<\/strong>: 2020<\/span><\/li>\n<\/ul>\n<p><span style=\"font-family: tahoma, arial, helvetica, sans-serif; font-size: 14pt;\"><strong><u>Pela Sele\u00e7\u00e3o Brasileira:<\/u><\/strong><\/span><\/p>\n<ul>\n<li><span style=\"font-family: tahoma, arial, helvetica, sans-serif; font-size: 14pt;\"><strong>Copa Am\u00e9rica<\/strong>: 2019<\/span><\/li>\n<\/ul>\n<p><span style=\"font-family: tahoma, arial, helvetica, sans-serif; font-size: 14pt;\"><strong><u>Estilo de jogo<\/u><\/strong><\/span><\/p>\n<p><span style=\"font-family: tahoma, arial, helvetica, sans-serif; font-size: 14pt;\"><strong>\u00a0<\/strong><u>Posi\u00e7\u00e3o preferida e caracter\u00edsticas<\/u><\/span><\/p>\n<p><span style=\"font-family: tahoma, arial, helvetica, sans-serif; font-size: 14pt;\">Arthur atua principalmente como\u00a0<strong>volante (segundo volante)<\/strong>\u00a0ou\u00a0<strong>meia-central (camisa 8)<\/strong>, sendo essa sua posi\u00e7\u00e3o de origem e onde mais atuou ao longo da carreira.<\/span><br \/>\n<span style=\"font-family: tahoma, arial, helvetica, sans-serif; font-size: 14pt;\">Durante a coletiva, ele se disponibilizou a jogar em mais de uma fun\u00e7\u00e3o, inclusive como meia mais pr\u00f3ximo da \u00e1rea (camisa 10), afirmando n\u00e3o ter &#8220;ego nem vaidade&#8221; para ajudar o Santos onde for necess\u00e1rio.<\/span><\/p>\n<p><span style=\"font-family: tahoma, arial, helvetica, sans-serif; font-size: 14pt;\"><strong>Principais caracter\u00edsticas:<\/strong><\/span><\/p>\n<ul>\n<li><span style=\"font-family: tahoma, arial, helvetica, sans-serif; font-size: 14pt;\">Dom\u00ednio de bola e posse de bola<\/span><\/li>\n<li><span style=\"font-family: tahoma, arial, helvetica, sans-serif; font-size: 14pt;\">Jogo entre linhas<\/span><\/li>\n<li><span style=\"font-family: tahoma, arial, helvetica, sans-serif; font-size: 14pt;\">Triangula\u00e7\u00f5es<\/span><\/li>\n<li><span style=\"font-family: tahoma, arial, helvetica, sans-serif; font-size: 14pt;\">Vis\u00e3o de jogo<\/span><\/li>\n<li><span style=\"font-family: tahoma, arial, helvetica, sans-serif; font-size: 14pt;\">Passe preciso<\/span><\/li>\n<li><span style=\"font-family: tahoma, arial, helvetica, sans-serif; font-size: 14pt;\">Experi\u00eancia em grandes clubes e competi\u00e7\u00f5es internacionais<\/span><\/li>\n<\/ul>\n<p><span style=\"font-size: 14pt;\"><strong><u>Declara\u00e7\u00f5es importantes na apresenta\u00e7\u00e3o<\/u><\/strong><\/span><\/p>\n<p><span style=\"font-family: tahoma, arial, helvetica, sans-serif; font-size: 14pt;\">Arthur fez diversas declara\u00e7\u00f5es relevantes durante a coletiva de imprensa:<\/span><\/p>\n<p><span style=\"font-size: 14pt;\"><strong><u>Sobre a influ\u00eancia de Neymar<\/u><\/strong><\/span><\/p>\n<blockquote><p><span style=\"font-size: 14pt;\">&#8220;Primeiro contato foi com ele (Neymar), pela nossa amizade de anos. Ele perguntou minha situa\u00e7\u00e3o, outras coisas, e o interesse de vir ao Santos. Falei que sim. A negocia\u00e7\u00e3o foi feita pelas pessoas competentes do clube. Agrade\u00e7o \u00a0ao presidente e ao Alexandre (Mattos) pelo voto de confian\u00e7a, pela oportunidade e profissionalismo na negocia\u00e7\u00e3o.&#8221;<\/span><\/p><\/blockquote>\n<p><span style=\"font-size: 14pt;\"><strong><u>\u00a0<\/u><\/strong><strong><u>Sobre trabalhar com Cuca<\/u><\/strong><\/span><\/p>\n<blockquote><p><span style=\"font-size: 14pt;\">&#8220;O Cuca dispensa coment\u00e1rios. A fama de bom professor, que cerca o jogador, todos conhecem. Posso garantir. Os primeiros dias foram assim. Muito pr\u00f3ximo e amigo do jogador. \u00c9 experiente. Fico feliz de trabalhar e aprender com ele.&#8221;<\/span><\/p><\/blockquote>\n<p><span style=\"font-size: 14pt;\"><strong><u>Sobre a estreia<\/u><\/strong><\/span><\/p>\n<blockquote><p><span style=\"font-size: 14pt;\">&#8220;Sobre ser titular ou n\u00e3o depende do professor. Ele decidir\u00e1. Venho para ajudar. Tenho vontade de jogar. Me encontro bem fisicamente. Meu \u00faltimo jogo oficial foi antes da pausa da Copa. Nesse primeiro jogo, pode ser que seja domingo ou n\u00e3o, vai faltar ritmo de jogo. \u00c9 normal.&#8221;<\/span><\/p><\/blockquote>\n<p><span style=\"text-decoration: underline;\"><span style=\"font-size: 14pt;\"><strong>Sobre o contrato curto<\/strong><\/span><\/span><\/p>\n<blockquote><p><span style=\"font-size: 14pt;\">&#8220;O contrato foi conversado entre as partes. Ser\u00e3o quatro meses, mas nada impede em renovar e permanecer. Estou focado nesses quatro meses e honrar com trabalho e compromisso. Depois nada impede em renovar o contrato ou n\u00e3o.&#8221;<\/span><\/p><\/blockquote>\n<p><span style=\"text-decoration: underline;\"><span style=\"font-size: 14pt;\"><strong>Sobre a disponibilidade t\u00e1tica<\/strong><\/span><\/span><\/p>\n<blockquote><p><span style=\"font-size: 14pt;\">&#8220;J\u00e1 joguei nessa posi\u00e7\u00e3o. Venho para somar, ajudar. Sem ego e sem vaidade. Onde for \u00fatil estou \u00e0 disposi\u00e7\u00e3o. Sobre posi\u00e7\u00e3o, n\u00e3o ter\u00e1 nenhum problema.&#8221;<\/span><\/p><\/blockquote>\n<p><span style=\"text-decoration: underline;\"><span style=\"font-size: 14pt;\"><strong>Sobre a torcida santista<\/strong><\/span><\/span><\/p>\n<blockquote><p><span style=\"font-size: 14pt;\">&#8220;A torcida foi incr\u00edvel. N\u00e3o sei se \u00e9 sempre assim, espero que sim. Incr\u00edvel a festa que fizeram. Mesmo n\u00e3o sendo o resultado que gostar\u00edamos, em desvantagem. Eles vieram e fizeram uma festa linda dentro e fora de campo.&#8221;<\/span><\/p><\/blockquote>\n<p><span style=\"font-family: tahoma, arial, helvetica, sans-serif; font-size: 14pt;\">Arthur Melo\u00a0 j\u00e1 est\u00e1 regularizado e a disposi\u00e7\u00e3o do t\u00e9cnico Cuca pois seu nome j\u00e1 esta registrado no BID (Boletim Informativo Di\u00e1rio) da CBF<\/span><\/p>\n<p><img data-recalc-dims=\"1\" loading=\"lazy\" decoding=\"async\" class=\"aligncenter wp-image-8332 size-full\" src=\"https:\/\/i0.wp.com\/sergiobertoldi.com\/wp-content\/uploads\/2026\/09\/Captura-de-tela-2026-09-02-185720.png?resize=490%2C288&#038;ssl=1\" alt=\"\" width=\"490\" height=\"288\" srcset=\"https:\/\/i0.wp.com\/sergiobertoldi.com\/wp-content\/uploads\/2026\/09\/Captura-de-tela-2026-09-02-185720.png?w=490&amp;ssl=1 490w, https:\/\/i0.wp.com\/sergiobertoldi.com\/wp-content\/uploads\/2026\/09\/Captura-de-tela-2026-09-02-185720.png?resize=300%2C176&amp;ssl=1 300w\" sizes=\"auto, (max-width: 490px) 100vw, 490px\" \/><\/p>\n<p>&nbsp;<\/p>\n<p><span style=\"text-decoration: underline;\"><span style=\"font-size: 14pt;\">Acompanhe a coletiva de Imprensa da apresenta\u00e7\u00e3o do Jogador Arthur Melo<\/span><\/span><\/p>\n<div class=\"jetpack-video-wrapper\"><iframe loading=\"lazy\" title=\"ARTHUR | APRESENTA\u00c7\u00c3O (03\/09\/26)\" width=\"800\" height=\"450\" src=\"https:\/\/www.youtube.com\/embed\/gwRppESpG_M?feature=oembed\" frameborder=\"0\" allow=\"accelerometer; autoplay; clipboard-write; encrypted-media; gyroscope; picture-in-picture; web-share\" referrerpolicy=\"strict-origin-when-cross-origin\" allowfullscreen><\/iframe><\/div>\n<p><span style=\"font-size: 14pt;\">(Cr\u00e9dito: Imagem: Raul Baretta\/Santos FC)<\/span><br \/>\n<span style=\"font-size: 14pt;\">(Cr\u00e9dito: Imagem: SantosTV\/Divulga\u00e7\u00e3o\/Santos FC)<\/span><\/p>\n<p><span style=\"font-size: 14pt;\">Falamos das coisas do Santos, sempre com a parceria e o apoio dos nossos anunciantes!<\/span><\/p>\n<p>&nbsp;<\/p>\n<p>&nbsp;<\/p>\n","protected":false},"excerpt":{"rendered":"<p>Al\u00f4 Na\u00e7\u00e3o Santista! Sauda\u00e7\u00f5es Alvinegras! O Santos Futebol Clube apresentou oficialmente nesta quinta-feira, (03), \u00e0s 10h00, na sala de imprensa<\/p>\n","protected":false},"author":2,"featured_media":8333,"comment_status":"open","ping_status":"open","sticky":false,"template":"","format":"standard","meta":{"colormag_page_container_layout":"default_layout","colormag_page_sidebar_layout":"default_layout","_jetpack_newsletter_access":"","_jetpack_dont_email_post_to_subs":false,"_jetpack_newsletter_tier_id":0,"_jetpack_memberships_contains_paywalled_content":false,"_jetpack_memberships_contains_paid_content":false,"footnotes":""},"categories":[68,4,30],"tags":[36],"class_list":["post-8314","post","type-post","status-publish","format-standard","has-post-thumbnail","hentry","category-apresentacao-oficial","category-bastidores-do-santos-fc","category-contratacoes","tag-santos"],"jetpack_likes_enabled":true,"jetpack_sharing_enabled":true,"jetpack_featured_media_url":"https:\/\/i0.wp.com\/sergiobertoldi.com\/wp-content\/uploads\/2026\/09\/55506458101_182fc68063_z.jpg?fit=640%2C512&ssl=1","_links":{"self":[{"href":"https:\/\/sergiobertoldi.com\/index.php\/wp-json\/wp\/v2\/posts\/8314","targetHints":{"allow":["GET"]}}],"collection":[{"href":"https:\/\/sergiobertoldi.com\/index.php\/wp-json\/wp\/v2\/posts"}],"about":[{"href":"https:\/\/sergiobertoldi.com\/index.php\/wp-json\/wp\/v2\/types\/post"}],"author":[{"embeddable":true,"href":"https:\/\/sergiobertoldi.com\/index.php\/wp-json\/wp\/v2\/users\/2"}],"replies":[{"embeddable":true,"href":"https:\/\/sergiobertoldi.com\/index.php\/wp-json\/wp\/v2\/comments?post=8314"}],"version-history":[{"count":9,"href":"https:\/\/sergiobertoldi.com\/index.php\/wp-json\/wp\/v2\/posts\/8314\/revisions"}],"predecessor-version":[{"id":8336,"href":"https:\/\/sergiobertoldi.com\/index.php\/wp-json\/wp\/v2\/posts\/8314\/revisions\/8336"}],"wp:featuredmedia":[{"embeddable":true,"href":"https:\/\/sergiobertoldi.com\/index.php\/wp-json\/wp\/v2\/media\/8333"}],"wp:attachment":[{"href":"https:\/\/sergiobertoldi.com\/index.php\/wp-json\/wp\/v2\/media?parent=8314"}],"wp:term":[{"taxonomy":"category","embeddable":true,"href":"https:\/\/sergiobertoldi.com\/index.php\/wp-json\/wp\/v2\/categories?post=8314"},{"taxonomy":"post_tag","embeddable":true,"href":"https:\/\/sergiobertoldi.com\/index.php\/wp-json\/wp\/v2\/tags?post=8314"}],"curies":[{"name":"wp","href":"https:\/\/api.w.org\/{rel}","templated":true}]}}