{"id":8310,"date":"2026-08-31T16:46:55","date_gmt":"2026-08-31T19:46:55","guid":{"rendered":"https:\/\/sergiobertoldi.com\/?p=8310"},"modified":"2026-09-02T17:25:37","modified_gmt":"2026-09-02T20:25:37","slug":"santos-oficializa-a-contratacao-de-arthur-ate-o-fim-da-temporada","status":"publish","type":"post","link":"https:\/\/sergiobertoldi.com\/index.php\/2026\/08\/31\/santos-oficializa-a-contratacao-de-arthur-ate-o-fim-da-temporada\/","title":{"rendered":"Santos oficializa a contrata\u00e7\u00e3o de Arthur at\u00e9 o fim da temporada."},"content":{"rendered":"<p><span style=\"font-family: helvetica, arial, sans-serif; font-size: 14pt;\"><strong><u>Al\u00f4 Na\u00e7\u00e3o Santista! Sauda\u00e7\u00f5es Alvinegras!<\/u><\/strong><\/span><\/p>\n<p style=\"text-align: justify;\"><span style=\"font-family: tahoma, arial, helvetica, sans-serif; font-size: 14pt;\">Nesta segunda-feira (31), o Santos Futebol Clube oficializou a aquisi\u00e7\u00e3o de mais um refor\u00e7o para o restante da temporada!<\/span><br \/>\n<span style=\"font-family: tahoma, arial, helvetica, sans-serif; font-size: 14pt;\">Trata-se do meio-campista <strong>Arthur Melo, <\/strong>volante que tornou-se uma op\u00e7\u00e3o interessante no mercado pois chega sem custos de transfer\u00eancia ap\u00f3s rescindir seu contrato com a <strong>Juventus<\/strong> da It\u00e1lia.<br \/>\n<\/span><span style=\"font-family: tahoma, arial, helvetica, sans-serif; font-size: 14pt;\">Aos 30 anos, o volante com experi\u00eancia no futebol europeu e Sele\u00e7\u00e3o Brasileira, assinou contrato com o Alvinegro de Vila Belmiro at\u00e9 <strong>31 de dezembro de 2026<\/strong>, com possibilidade de renova\u00e7\u00e3o por mais um ano.<br \/>\n<\/span><span style=\"font-family: tahoma, arial, helvetica, sans-serif; font-size: 14pt;\"><strong>Arthur Henrique Ramos de Oliveira Melo<\/strong> (nascido em 12 de Agosto de 1996), tem <strong>30 anos<\/strong>, \u00e9 destro, tem <strong>1,71m<\/strong> e atua como segundo volante.<br \/>\nO jogador que \u00e9 natural de <strong>Goi\u00e2nia<\/strong>, j\u00e1 chegou em Santos, realizou exames m\u00e9dicos e assinou contrato.<\/span><\/p>\n<p><span style=\"text-decoration: underline;\"><strong><span style=\"font-size: 14pt;\">Nas redes sociais o Santos postou as boas vindas ao mais novo contratado<\/span><\/strong><\/span><\/p>\n<p><img data-recalc-dims=\"1\" loading=\"lazy\" decoding=\"async\" class=\"alignnone wp-image-8311\" src=\"https:\/\/i0.wp.com\/sergiobertoldi.com\/wp-content\/uploads\/2026\/09\/Captura-de-tela-2026-09-02-163525.png?resize=300%2C377&#038;ssl=1\" alt=\"\" width=\"300\" height=\"377\" srcset=\"https:\/\/i0.wp.com\/sergiobertoldi.com\/wp-content\/uploads\/2026\/09\/Captura-de-tela-2026-09-02-163525.png?w=671&amp;ssl=1 671w, https:\/\/i0.wp.com\/sergiobertoldi.com\/wp-content\/uploads\/2026\/09\/Captura-de-tela-2026-09-02-163525.png?resize=239%2C300&amp;ssl=1 239w\" sizes=\"auto, (max-width: 300px) 100vw, 300px\" \/><\/p>\n<p style=\"text-align: justify;\"><span style=\"font-family: tahoma, arial, helvetica, sans-serif; font-size: 14pt;\">A contrata\u00e7\u00e3o s\u00f3 p\u00f4de avan\u00e7ar depois que o Santos quitou o transfer ban que impedia o registro de novos atletas, com ajuda da NR Sports, empresa de Neymar pai, que aportou recursos para quitar d\u00edvida de cerca de R$ 12 milh\u00f5es com o Monaco.<br \/>\n<\/span><span style=\"font-family: tahoma, arial, helvetica, sans-serif; font-size: 14pt;\">Arthur iniciou sua trajet\u00f3ria nas categorias de base do <strong>Goi\u00e1s <\/strong>Esporte Clube, em 2008, onde permaneceu at\u00e9 2010.<br \/>\n<\/span><span style=\"font-family: tahoma, arial, helvetica, sans-serif; font-size: 14pt;\">Em 2010, transferiu-se para as divis\u00f5es de base do <strong>Gr\u00eamio<\/strong>, em Porto Alegre, onde se desenvolveu at\u00e9 chegar ao time profissional.<br \/>\n<\/span><span style=\"font-family: tahoma, arial, helvetica, sans-serif; font-size: 14pt;\">Sua estreia no futebol profissional ocorreu em 2015, pelo Gr\u00eamio, clube que o revelou para o futebol de alto rendimento.<\/span><\/p>\n<p style=\"text-align: justify;\"><span style=\"font-family: tahoma, arial, helvetica, sans-serif; font-size: 14pt;\">Ao chegar no CT Rei Pel\u00e9 para conhecer toda a estrutura de Treinamentos, Hospedagem e Departamento M\u00e9dico, Arthur fez seu primeiro pronunciamento oficial como jogador do Santos: \u00a0<\/span><\/p>\n<blockquote>\n<p style=\"text-align: justify;\"><span style=\"font-family: tahoma, arial, helvetica, sans-serif; font-size: 14pt;\">\u201cEstou muito feliz por estar aqui, \u00e9 outro sonho realizado na minha carreira. Eu sei do tamanho do Santos, do tamanho da hist\u00f3ria, ent\u00e3o me sinto muito honrado mesmo, com muita vontade de entrar em campo e poder ajudar meus companheiros, sentir o calor da torcida, e ver como \u00e9 realmente jogar em casa, na Vila Belmiro\u201d<\/span><\/p>\n<\/blockquote>\n<p style=\"text-align: justify;\"><span style=\"font-family: tahoma, arial, helvetica, sans-serif; font-size: 14pt;\">O Santos negocia ainda a chegada de pelo menos mais dois refor\u00e7os: Dois laterais.<\/span><\/p>\n<p style=\"text-align: justify;\"><span style=\"font-family: tahoma, arial, helvetica, sans-serif; font-size: 14pt;\">(Cr\u00e9dito: Imagem: Raul Baretta\/Santos FC)<br \/>\n<\/span><span style=\"font-family: tahoma, arial, helvetica, sans-serif; font-size: 14pt;\">(Cr\u00e9dito: Imagem: Santos-TV)<\/span><\/p>\n<p style=\"text-align: justify;\"><span style=\"font-family: tahoma, arial, helvetica, sans-serif; font-size: 14pt;\">\u00a0Falamos das coisas do Santos, sempre com a parceria e o apoio dos nossos anunciantes!<\/span><\/p>\n","protected":false},"excerpt":{"rendered":"<p>Al\u00f4 Na\u00e7\u00e3o Santista! Sauda\u00e7\u00f5es Alvinegras! Nesta segunda-feira (31), o Santos Futebol Clube oficializou a aquisi\u00e7\u00e3o de mais um refor\u00e7o para<\/p>\n","protected":false},"author":2,"featured_media":8312,"comment_status":"open","ping_status":"open","sticky":false,"template":"","format":"standard","meta":{"colormag_page_container_layout":"default_layout","colormag_page_sidebar_layout":"default_layout","_jetpack_newsletter_access":"","_jetpack_dont_email_post_to_subs":false,"_jetpack_newsletter_tier_id":0,"_jetpack_memberships_contains_paywalled_content":false,"_jetpack_memberships_contains_paid_content":false,"footnotes":""},"categories":[4,30],"tags":[6],"class_list":["post-8310","post","type-post","status-publish","format-standard","has-post-thumbnail","hentry","category-bastidores-do-santos-fc","category-contratacoes","tag-santos-fc"],"jetpack_likes_enabled":true,"jetpack_sharing_enabled":true,"jetpack_featured_media_url":"https:\/\/i0.wp.com\/sergiobertoldi.com\/wp-content\/uploads\/2026\/09\/Captura-de-tela-2026-09-02-172321.png?fit=481%2C297&ssl=1","_links":{"self":[{"href":"https:\/\/sergiobertoldi.com\/index.php\/wp-json\/wp\/v2\/posts\/8310","targetHints":{"allow":["GET"]}}],"collection":[{"href":"https:\/\/sergiobertoldi.com\/index.php\/wp-json\/wp\/v2\/posts"}],"about":[{"href":"https:\/\/sergiobertoldi.com\/index.php\/wp-json\/wp\/v2\/types\/post"}],"author":[{"embeddable":true,"href":"https:\/\/sergiobertoldi.com\/index.php\/wp-json\/wp\/v2\/users\/2"}],"replies":[{"embeddable":true,"href":"https:\/\/sergiobertoldi.com\/index.php\/wp-json\/wp\/v2\/comments?post=8310"}],"version-history":[{"count":1,"href":"https:\/\/sergiobertoldi.com\/index.php\/wp-json\/wp\/v2\/posts\/8310\/revisions"}],"predecessor-version":[{"id":8313,"href":"https:\/\/sergiobertoldi.com\/index.php\/wp-json\/wp\/v2\/posts\/8310\/revisions\/8313"}],"wp:featuredmedia":[{"embeddable":true,"href":"https:\/\/sergiobertoldi.com\/index.php\/wp-json\/wp\/v2\/media\/8312"}],"wp:attachment":[{"href":"https:\/\/sergiobertoldi.com\/index.php\/wp-json\/wp\/v2\/media?parent=8310"}],"wp:term":[{"taxonomy":"category","embeddable":true,"href":"https:\/\/sergiobertoldi.com\/index.php\/wp-json\/wp\/v2\/categories?post=8310"},{"taxonomy":"post_tag","embeddable":true,"href":"https:\/\/sergiobertoldi.com\/index.php\/wp-json\/wp\/v2\/tags?post=8310"}],"curies":[{"name":"wp","href":"https:\/\/api.w.org\/{rel}","templated":true}]}}