{"id":8298,"date":"2026-08-27T10:30:21","date_gmt":"2026-08-27T13:30:21","guid":{"rendered":"https:\/\/sergiobertoldi.com\/?p=8298"},"modified":"2026-09-01T11:19:08","modified_gmt":"2026-09-01T14:19:08","slug":"santos-quita-divida-de-r-12-milhoes-com-monaco-com-ajuda-da-nr-sports-e-sai-do-transfer-ban-da-fifa","status":"publish","type":"post","link":"https:\/\/sergiobertoldi.com\/index.php\/2026\/08\/27\/santos-quita-divida-de-r-12-milhoes-com-monaco-com-ajuda-da-nr-sports-e-sai-do-transfer-ban-da-fifa\/","title":{"rendered":"Santos quita d\u00edvida de R$ 12 milh\u00f5es com Monaco com ajuda da NR Sports e sai do transfer ban da FIFA"},"content":{"rendered":"<p><span style=\"font-family: helvetica, arial, sans-serif; font-size: 14pt;\"><strong><u>Al\u00f4 Na\u00e7\u00e3o Santista! Sauda\u00e7\u00f5es Alvinegras!<\/u><\/strong><\/span><\/p>\n<p style=\"text-align: justify;\"><span style=\"font-family: tahoma, arial, helvetica, sans-serif; font-size: 14pt;\">O Santos anunciou no dia de hoje (27) de agosto de 2026, o pagamento integral de uma d\u00edvida de <strong>R$ 12 milh\u00f5es<\/strong> (cerca de <strong>\u20ac 2 milh\u00f5es<\/strong>) com o <strong>Monaco<\/strong>, da <strong>Fran\u00e7a<\/strong>, viabilizado por um aporte da <strong>NR Sports<\/strong>, empresa da fam\u00edlia de Neymar.<\/span><br \/>\n<span style=\"font-family: tahoma, arial, helvetica, sans-serif; font-size: 14pt;\">Com a quita\u00e7\u00e3o, o clube derrubou o bloqueio de registros (<strong>transfer ban<\/strong>) imposto pela <strong>Fifa<\/strong> e voltou a estar apto a registrar novos jogadores no mercado.<\/span><\/p>\n<p style=\"text-align: justify;\"><span style=\"font-family: tahoma, arial, helvetica, sans-serif; font-size: 14pt;\"><strong><u>Origem da d\u00edvida: a contrata\u00e7\u00e3o de Jean Lucas<\/u><\/strong><\/span><\/p>\n<p style=\"text-align: justify;\"><span style=\"font-family: tahoma, arial, helvetica, sans-serif; font-size: 14pt;\">A pend\u00eancia financeira com o <strong>Monaco<\/strong> \u00e9 referente \u00e0 negocia\u00e7\u00e3o do volante <strong>Jean Lucas<\/strong>, contratado pelo Santos em <strong>julho<\/strong> de <strong>2023<\/strong>.<\/span><br \/>\n<span style=\"font-family: tahoma, arial, helvetica, sans-serif; font-size: 14pt;\">O acordo previa o pagamento de <strong>\u20ac 6 milh\u00f5es<\/strong> em tr\u00eas parcelas de <strong>\u20ac 2 milh\u00f5es<\/strong> cada.<\/span><br \/>\n<span style=\"font-family: tahoma, arial, helvetica, sans-serif; font-size: 14pt;\">As duas primeiras foram quitadas nos prazos combinados, mas a terceira parcela, com vencimento em <strong>31<\/strong> de <strong>janeiro<\/strong> de <strong>2025<\/strong>, n\u00e3o foi honrada pelo Alvinegro.<\/span><\/p>\n<p><img data-recalc-dims=\"1\" loading=\"lazy\" decoding=\"async\" class=\"aligncenter wp-image-8300 size-full\" src=\"https:\/\/i0.wp.com\/sergiobertoldi.com\/wp-content\/uploads\/2026\/09\/images.jpg?resize=701%2C436&#038;ssl=1\" alt=\"\" width=\"701\" height=\"436\" srcset=\"https:\/\/i0.wp.com\/sergiobertoldi.com\/wp-content\/uploads\/2026\/09\/images.jpg?w=701&amp;ssl=1 701w, https:\/\/i0.wp.com\/sergiobertoldi.com\/wp-content\/uploads\/2026\/09\/images.jpg?resize=300%2C187&amp;ssl=1 300w\" sizes=\"auto, (max-width: 701px) 100vw, 701px\" \/><\/p>\n<p style=\"text-align: justify;\"><span style=\"font-family: tahoma, arial, helvetica, sans-serif; font-size: 14pt;\">Em <strong>maio<\/strong> de <strong>2025<\/strong>, a Fifa determinou ao Santos o prazo de <strong>45 dias<\/strong> para quitar o valor devido, mais <strong>\u20ac 32.876<\/strong> de juros, sob pena de embargo de transfer\u00eancias. <\/span><br \/>\n<span style=\"font-family: tahoma, arial, helvetica, sans-serif; font-size: 14pt;\">Como o pagamento n\u00e3o foi realizado, o clube foi punido com o <strong>transfer ban<\/strong>, que passou a vigorar no in\u00edcio de <strong>julho<\/strong> de <strong>2026<\/strong> e impediu o registro de novas contrata\u00e7\u00f5es, nacionais ou internacionais.<\/span><\/p>\n<p style=\"text-align: justify;\"><span style=\"font-family: tahoma, arial, helvetica, sans-serif; font-size: 14pt;\">Para resolver a situa\u00e7\u00e3o, o Santos firmou um acordo com a <strong>NR Sports,<\/strong> empresa administrada pelo pai de Neymar, <strong>Neymar da Silva Santos Sr<\/strong>., e por sua m\u00e3e, <strong>Nadine Bastos<\/strong>.<\/span><br \/>\n<span style=\"font-family: tahoma, arial, helvetica, sans-serif; font-size: 14pt;\">A NR Sports injetou <strong>R$ 12 milh\u00f5es<\/strong> \u00e0 vista no clube, recurso que foi usado para quitar a d\u00edvida com o Monaco junto \u00e0 Fifa.<\/span><\/p>\n<p><img data-recalc-dims=\"1\" loading=\"lazy\" decoding=\"async\" class=\"aligncenter wp-image-8299\" src=\"https:\/\/i0.wp.com\/sergiobertoldi.com\/wp-content\/uploads\/2026\/09\/file-1206.png?resize=600%2C453&#038;ssl=1\" alt=\"\" width=\"600\" height=\"453\" srcset=\"https:\/\/i0.wp.com\/sergiobertoldi.com\/wp-content\/uploads\/2026\/09\/file-1206.png?w=768&amp;ssl=1 768w, https:\/\/i0.wp.com\/sergiobertoldi.com\/wp-content\/uploads\/2026\/09\/file-1206.png?resize=300%2C227&amp;ssl=1 300w\" sizes=\"auto, (max-width: 600px) 100vw, 600px\" \/><\/p>\n<p style=\"text-align: justify;\"><span style=\"font-family: tahoma, arial, helvetica, sans-serif; font-size: 14pt;\">Em contrapartida, o Santos cedeu \u00e0 NR Sports <strong>seis<\/strong> espa\u00e7os publicit\u00e1rios ainda n\u00e3o comercializados em seus uniformes de jogo, para que a empresa negocie patroc\u00ednios nessas propriedades.<\/span><br \/>\n<span style=\"font-family: tahoma, arial, helvetica, sans-serif; font-size: 14pt;\">O modelo prev\u00ea que a NR Sports primeiro recupere os R$ 12 milh\u00f5es investidos com a receita desses patroc\u00ednios; eventuais excedentes ser\u00e3o divididos entre as partes.<\/span><\/p>\n<p style=\"text-align: justify;\"><span style=\"font-family: tahoma, arial, helvetica, sans-serif; font-size: 14pt;\">Com o pagamento confirmado, a Fifa suspendeu o embargo e o Santos voltou a operar normalmente no mercado de transfer\u00eancias. A diretoria alvinegra j\u00e1 avan\u00e7ou na contrata\u00e7\u00e3o do meio-campista <strong>Arthur Melo<\/strong>, que estava livre no mercado ap\u00f3s rescindir com a <strong>Juventus<\/strong>, contrata\u00e7\u00e3o que estava travada pelo bloqueio.<\/span><\/p>\n<p style=\"text-align: justify;\"><span style=\"text-decoration: underline;\"><strong><span style=\"font-family: tahoma, arial, helvetica, sans-serif; font-size: 14pt;\">Em nota oficial, o clube resumiu a opera\u00e7\u00e3o:<\/span><\/strong><\/span><\/p>\n<p><img data-recalc-dims=\"1\" loading=\"lazy\" decoding=\"async\" class=\"aligncenter wp-image-8301\" src=\"https:\/\/i0.wp.com\/sergiobertoldi.com\/wp-content\/uploads\/2026\/09\/imgonline-com-ua-twotoone-TpDPl4l1Ugs6SCQo.jpg?resize=400%2C497&#038;ssl=1\" alt=\"\" width=\"400\" height=\"497\" srcset=\"https:\/\/i0.wp.com\/sergiobertoldi.com\/wp-content\/uploads\/2026\/09\/imgonline-com-ua-twotoone-TpDPl4l1Ugs6SCQo.jpg?resize=824%2C1024&amp;ssl=1 824w, https:\/\/i0.wp.com\/sergiobertoldi.com\/wp-content\/uploads\/2026\/09\/imgonline-com-ua-twotoone-TpDPl4l1Ugs6SCQo.jpg?resize=242%2C300&amp;ssl=1 242w, https:\/\/i0.wp.com\/sergiobertoldi.com\/wp-content\/uploads\/2026\/09\/imgonline-com-ua-twotoone-TpDPl4l1Ugs6SCQo.jpg?resize=768%2C954&amp;ssl=1 768w, https:\/\/i0.wp.com\/sergiobertoldi.com\/wp-content\/uploads\/2026\/09\/imgonline-com-ua-twotoone-TpDPl4l1Ugs6SCQo.jpg?w=1004&amp;ssl=1 1004w\" sizes=\"auto, (max-width: 400px) 100vw, 400px\" \/><\/p>\n<p style=\"text-align: justify;\"><span style=\"font-family: tahoma, arial, helvetica, sans-serif; font-size: 14pt;\">O epis\u00f3dio refor\u00e7a a aproxima\u00e7\u00e3o financeira entre o Santos e a fam\u00edlia de Neymar, que j\u00e1 vinha sendo ampliada em 2026.<\/span><br \/>\n<span style=\"font-family: tahoma, arial, helvetica, sans-serif; font-size: 14pt;\">Al\u00e9m deste aporte de <strong>R$ 12 milh\u00f5es<\/strong> para o Monaco, o clube tamb\u00e9m acertou, em paralelo, o pagamento de uma d\u00edvida de cerca de <strong>R$ 80 milh\u00f5es<\/strong> com a empresa de Neymar pai, referente a outros compromissos.<\/span><\/p>\n<p><span style=\"font-size: 14pt;\"><strong><u>Detalhes do Acordo<\/u><\/strong><\/span><\/p>\n<ul>\n<li><span style=\"font-family: tahoma, arial, helvetica, sans-serif; font-size: 14pt;\"><strong>Valor original:<\/strong> O d\u00e9bito reconhecido pelo clube era de <strong>R$ 90,5 milh\u00f5es<\/strong>.<\/span><\/li>\n<li><span style=\"font-family: tahoma, arial, helvetica, sans-serif; font-size: 14pt;\"><strong>Antecipa\u00e7\u00e3o:<\/strong> O Santos pagou pouco mais de <strong>R$ 11 milh\u00f5es<\/strong> em julho, reduzindo o saldo para aproximadamente <strong>R$ 80 milh\u00f5es<\/strong>.<\/span><\/li>\n<li><span style=\"font-family: tahoma, arial, helvetica, sans-serif; font-size: 14pt;\"><strong>Parcelamento:<\/strong> O restante ser\u00e1 pago em at\u00e9 <strong>80 parcelas<\/strong> mensais de cerca de <strong>R$ 1 milh\u00e3o<\/strong>, com previs\u00e3o de t\u00e9rmino em<strong> 2033<\/strong><\/span><\/li>\n<\/ul>\n<p><span style=\"font-family: tahoma, arial, helvetica, sans-serif; font-size: 14pt;\">Considerando os valores divulgados, os compromissos financeiros mencionados entre Santos e a fam\u00edlia do jogador chegam a pelo menos <strong>R$ 102,5 milh\u00f5es<\/strong>.<\/span><br \/>\n<span style=\"font-family: tahoma, arial, helvetica, sans-serif; font-size: 14pt;\">A quita\u00e7\u00e3o do transfer ban, portanto, \u00e9 apenas um cap\u00edtulo de uma rela\u00e7\u00e3o que envolve patroc\u00ednios, cess\u00e3o de espa\u00e7os no uniforme e financiamento de opera\u00e7\u00f5es de mercado.<\/span><\/p>\n<p><span style=\"text-decoration: underline; font-size: 14pt;\"><strong>Impacto esportivo e institucional<\/strong><\/span><\/p>\n<p><span style=\"font-family: tahoma, arial, helvetica, sans-serif; font-size: 14pt;\">Do ponto de vista esportivo, a libera\u00e7\u00e3o do registro permite ao Santos refor\u00e7ar o elenco no segundo semestre de 2026, algo crucial para um time que luta para se afastar da zona de rebaixamento. Institucionalmente, a solu\u00e7\u00e3o mostra o peso que a marca Neymar ainda tem no universo Santista!<\/span><\/p>\n<p><span style=\"font-size: 14pt;\">(Cr\u00e9dito: Imagem: Raul Baretta\/Santos FC)<br \/>\n<\/span><span style=\"font-size: 14pt;\">\u00a0Falamos das coisas do Santos, sempre com a parceria e o apoio dos nossos anunciantes!<\/span><\/p>\n<p>&nbsp;<\/p>\n<p>&nbsp;<\/p>\n<p>&nbsp;<\/p>\n","protected":false},"excerpt":{"rendered":"<p>Al\u00f4 Na\u00e7\u00e3o Santista! Sauda\u00e7\u00f5es Alvinegras! O Santos anunciou no dia de hoje (27) de agosto de 2026, o pagamento integral<\/p>\n","protected":false},"author":2,"featured_media":8305,"comment_status":"open","ping_status":"open","sticky":false,"template":"","format":"standard","meta":{"colormag_page_container_layout":"default_layout","colormag_page_sidebar_layout":"default_layout","_jetpack_newsletter_access":"","_jetpack_dont_email_post_to_subs":false,"_jetpack_newsletter_tier_id":0,"_jetpack_memberships_contains_paywalled_content":false,"_jetpack_memberships_contains_paid_content":false,"footnotes":""},"categories":[4,53,14],"tags":[6],"class_list":["post-8298","post","type-post","status-publish","format-standard","has-post-thumbnail","hentry","category-bastidores-do-santos-fc","category-da-redacao","category-gestao-e-negocios","tag-santos-fc"],"jetpack_likes_enabled":true,"jetpack_sharing_enabled":true,"jetpack_featured_media_url":"https:\/\/i0.wp.com\/sergiobertoldi.com\/wp-content\/uploads\/2026\/08\/PNG.png?fit=500%2C500&ssl=1","_links":{"self":[{"href":"https:\/\/sergiobertoldi.com\/index.php\/wp-json\/wp\/v2\/posts\/8298","targetHints":{"allow":["GET"]}}],"collection":[{"href":"https:\/\/sergiobertoldi.com\/index.php\/wp-json\/wp\/v2\/posts"}],"about":[{"href":"https:\/\/sergiobertoldi.com\/index.php\/wp-json\/wp\/v2\/types\/post"}],"author":[{"embeddable":true,"href":"https:\/\/sergiobertoldi.com\/index.php\/wp-json\/wp\/v2\/users\/2"}],"replies":[{"embeddable":true,"href":"https:\/\/sergiobertoldi.com\/index.php\/wp-json\/wp\/v2\/comments?post=8298"}],"version-history":[{"count":3,"href":"https:\/\/sergiobertoldi.com\/index.php\/wp-json\/wp\/v2\/posts\/8298\/revisions"}],"predecessor-version":[{"id":8304,"href":"https:\/\/sergiobertoldi.com\/index.php\/wp-json\/wp\/v2\/posts\/8298\/revisions\/8304"}],"wp:featuredmedia":[{"embeddable":true,"href":"https:\/\/sergiobertoldi.com\/index.php\/wp-json\/wp\/v2\/media\/8305"}],"wp:attachment":[{"href":"https:\/\/sergiobertoldi.com\/index.php\/wp-json\/wp\/v2\/media?parent=8298"}],"wp:term":[{"taxonomy":"category","embeddable":true,"href":"https:\/\/sergiobertoldi.com\/index.php\/wp-json\/wp\/v2\/categories?post=8298"},{"taxonomy":"post_tag","embeddable":true,"href":"https:\/\/sergiobertoldi.com\/index.php\/wp-json\/wp\/v2\/tags?post=8298"}],"curies":[{"name":"wp","href":"https:\/\/api.w.org\/{rel}","templated":true}]}}