{"id":7864,"date":"2026-03-05T15:32:24","date_gmt":"2026-03-05T18:32:24","guid":{"rendered":"https:\/\/sergiobertoldi.com\/?p=7864"},"modified":"2026-03-05T20:02:27","modified_gmt":"2026-03-05T23:02:27","slug":"santos-apresenta-uruguaio-christian-oliva","status":"publish","type":"post","link":"https:\/\/sergiobertoldi.com\/index.php\/2026\/03\/05\/santos-apresenta-uruguaio-christian-oliva\/","title":{"rendered":"Santos apresenta uruguaio Christian Oliva"},"content":{"rendered":"<p><span style=\"font-family: helvetica, arial, sans-serif; font-size: 14pt;\"><strong><u>Al\u00f4 Na\u00e7\u00e3o Santista! Sauda\u00e7\u00f5es Alvinegras!<\/u><\/strong><\/span><\/p>\n<p style=\"text-align: justify;\"><span style=\"font-family: tahoma, arial, helvetica, sans-serif; font-size: 14pt;\">O Santos Futebol Clube apresentou oficialmente nesta <strong>quinta-feira, <\/strong>(<strong>05<\/strong>), \u00e0s 14h00, na sala de imprensa da Vila Belmiro, o volante <strong>\u00a0Christian Oliva<\/strong>, jogador que chega para fortalecer o sistema defensivo do Peixe.<br \/>\nO meio-campista chega ao clube alvinegro com a miss\u00e3o de refor\u00e7ar o setor de marca\u00e7\u00e3o do meio-campo e aumentar a competitividade do elenco para as competi\u00e7\u00f5es da temporada.<br \/>\n<\/span><\/p>\n<p><img data-recalc-dims=\"1\" loading=\"lazy\" decoding=\"async\" class=\"aligncenter wp-image-7865 size-full\" src=\"https:\/\/i0.wp.com\/sergiobertoldi.com\/wp-content\/uploads\/2026\/03\/55130657696_6b9d051dac_e.jpg?resize=500%2C400&#038;ssl=1\" alt=\"\" width=\"500\" height=\"400\" srcset=\"https:\/\/i0.wp.com\/sergiobertoldi.com\/wp-content\/uploads\/2026\/03\/55130657696_6b9d051dac_e.jpg?w=500&amp;ssl=1 500w, https:\/\/i0.wp.com\/sergiobertoldi.com\/wp-content\/uploads\/2026\/03\/55130657696_6b9d051dac_e.jpg?resize=300%2C240&amp;ssl=1 300w\" sizes=\"auto, (max-width: 500px) 100vw, 500px\" \/><\/p>\n<p style=\"text-align: justify;\"><span style=\"font-family: tahoma, arial, helvetica, sans-serif; font-size: 14pt;\">O mais novo contratado esteve na Sala de Imprensa da Vila Belmiro, onde ao lado de um ex colega de posi\u00e7\u00e3o que fez parte da hist\u00f3ria do Santos Futebol Clube, o ex volante (<strong>Adriano-Pagode<\/strong>)<strong>,<\/strong> campe\u00e3o da Libertadores de 2011, Oliva foi oficialmente apresentado e concedeu sua primeira entrevista como jogador do Alvinegro Praiano!<\/span><\/p>\n<p style=\"text-align: justify;\"><span style=\"font-family: tahoma, arial, helvetica, sans-serif; font-size: 14pt;\">Por\u00e9m antes disso, ao lado da esposa e filho, o jogador recebeu durante um breve tour conhecendo as depend\u00eancias de Vila Belmiro, \u201cMemorial das Conquistas\u201d e vesti\u00e1rio do Santos, um belo estojo com alguns dos produtos exclusivos da marca \u201cSantos\u201d<\/span><br \/>\n<img data-recalc-dims=\"1\" loading=\"lazy\" decoding=\"async\" class=\"alignnone wp-image-7866\" src=\"https:\/\/i0.wp.com\/sergiobertoldi.com\/wp-content\/uploads\/2026\/03\/55130893289_c2779060e7_e.jpg?resize=360%2C225&#038;ssl=1\" alt=\"\" width=\"360\" height=\"225\" srcset=\"https:\/\/i0.wp.com\/sergiobertoldi.com\/wp-content\/uploads\/2026\/03\/55130893289_c2779060e7_e.jpg?resize=300%2C188&amp;ssl=1 300w, https:\/\/i0.wp.com\/sergiobertoldi.com\/wp-content\/uploads\/2026\/03\/55130893289_c2779060e7_e.jpg?w=500&amp;ssl=1 500w\" sizes=\"auto, (max-width: 360px) 100vw, 360px\" \/> <img data-recalc-dims=\"1\" loading=\"lazy\" decoding=\"async\" class=\"alignnone wp-image-7868\" src=\"https:\/\/i0.wp.com\/sergiobertoldi.com\/wp-content\/uploads\/2026\/03\/55130657781_1ac3206bfa_e.jpg?resize=360%2C288&#038;ssl=1\" alt=\"\" width=\"360\" height=\"288\" srcset=\"https:\/\/i0.wp.com\/sergiobertoldi.com\/wp-content\/uploads\/2026\/03\/55130657781_1ac3206bfa_e.jpg?resize=300%2C240&amp;ssl=1 300w, https:\/\/i0.wp.com\/sergiobertoldi.com\/wp-content\/uploads\/2026\/03\/55130657781_1ac3206bfa_e.jpg?w=500&amp;ssl=1 500w\" sizes=\"auto, (max-width: 360px) 100vw, 360px\" \/><\/p>\n<p><img data-recalc-dims=\"1\" loading=\"lazy\" decoding=\"async\" class=\"aligncenter wp-image-7869\" src=\"https:\/\/i0.wp.com\/sergiobertoldi.com\/wp-content\/uploads\/2026\/03\/55130845503_69615a2a96_e-1.jpg?resize=400%2C320&#038;ssl=1\" alt=\"\" width=\"400\" height=\"320\" srcset=\"https:\/\/i0.wp.com\/sergiobertoldi.com\/wp-content\/uploads\/2026\/03\/55130845503_69615a2a96_e-1.jpg?w=500&amp;ssl=1 500w, https:\/\/i0.wp.com\/sergiobertoldi.com\/wp-content\/uploads\/2026\/03\/55130845503_69615a2a96_e-1.jpg?resize=300%2C240&amp;ssl=1 300w\" sizes=\"auto, (max-width: 400px) 100vw, 400px\" \/><\/p>\n<p style=\"text-align: justify;\"><span style=\"font-family: tahoma, arial, helvetica, sans-serif; font-size: 14pt;\">Em seguida e com a presen\u00e7a de um grande n\u00famero de ve\u00edculos da imprensa esportiva, o meio-campista que inicia sua trajet\u00f3ria no Santos ap\u00f3s ser contratado em definitivo junto ao <strong>Nacional-URU\u00a0<\/strong>recebeu das m\u00e3os de\u00a0Adriano &#8216;Pagode&#8217;, como presente de <strong>\u201cBoas Vindas\u201d,\u00a0<\/strong>a camisa <strong>28<\/strong> com o seu nome!<\/span><\/p>\n<p><img data-recalc-dims=\"1\" loading=\"lazy\" decoding=\"async\" class=\"alignnone wp-image-7871\" src=\"https:\/\/i0.wp.com\/sergiobertoldi.com\/wp-content\/uploads\/2026\/03\/55130893174_eb989895d5_e.jpg?resize=360%2C288&#038;ssl=1\" alt=\"\" width=\"360\" height=\"288\" srcset=\"https:\/\/i0.wp.com\/sergiobertoldi.com\/wp-content\/uploads\/2026\/03\/55130893174_eb989895d5_e.jpg?resize=300%2C240&amp;ssl=1 300w, https:\/\/i0.wp.com\/sergiobertoldi.com\/wp-content\/uploads\/2026\/03\/55130893174_eb989895d5_e.jpg?w=500&amp;ssl=1 500w\" sizes=\"auto, (max-width: 360px) 100vw, 360px\" \/> <img data-recalc-dims=\"1\" loading=\"lazy\" decoding=\"async\" class=\"alignnone wp-image-7872\" src=\"https:\/\/i0.wp.com\/sergiobertoldi.com\/wp-content\/uploads\/2026\/03\/55131044360_6bcbd4a57d_e.jpg?resize=360%2C288&#038;ssl=1\" alt=\"\" width=\"360\" height=\"288\" srcset=\"https:\/\/i0.wp.com\/sergiobertoldi.com\/wp-content\/uploads\/2026\/03\/55131044360_6bcbd4a57d_e.jpg?resize=300%2C240&amp;ssl=1 300w, https:\/\/i0.wp.com\/sergiobertoldi.com\/wp-content\/uploads\/2026\/03\/55131044360_6bcbd4a57d_e.jpg?w=500&amp;ssl=1 500w\" sizes=\"auto, (max-width: 360px) 100vw, 360px\" \/><\/p>\n<p><span style=\"font-family: tahoma, arial, helvetica, sans-serif; font-size: 14pt;\"><strong>Christian Oliva<\/strong>, agora com a\u00a0<strong>camisa 28<\/strong>, expressou sua alegria e gratid\u00e3o por estar no Santos!<\/span><\/p>\n<blockquote><p><span style=\"font-size: 14pt;\">&#8220;\u00c9 o meu maior desafio da carreira, chegar a um clube gigante como o Santos, que teve Pel\u00e9, tem Neymar e tantos jogadores. E vou dar o meu melhor aqui, garra n\u00e3o vai faltar&#8221;, afirmou o jogador de 29 anos<\/span><\/p><\/blockquote>\n<h1 data-section-id=\"1yi9fuz\" data-start=\"1114\" data-end=\"1141\"><span style=\"text-decoration: underline;\"><span style=\"font-size: 14pt;\">Dados pessoais do jogador<\/span><\/span><\/h1>\n<p data-start=\"1143\" data-end=\"1483\"><span style=\"font-family: tahoma, arial, helvetica, sans-serif; font-size: 14pt;\"><span style=\"font-family: georgia, palatino, serif;\"><strong data-start=\"1143\" data-end=\"1161\">Nome completo:<\/strong> <\/span>Christian Gabriel Oliva Gim\u00e9nez<\/span><br data-start=\"1193\" data-end=\"1196\" \/><span style=\"font-family: tahoma, arial, helvetica, sans-serif; font-size: 14pt;\"><span style=\"font-family: georgia, palatino, serif;\"><strong data-start=\"1196\" data-end=\"1220\">Local de nascimento:<\/strong><\/span> Ciudad del Plata, Uruguai<\/span><br data-start=\"1246\" data-end=\"1249\" \/><span style=\"font-family: tahoma, arial, helvetica, sans-serif; font-size: 14pt;\"><span style=\"font-family: georgia, palatino, serif;\"><strong data-start=\"1249\" data-end=\"1272\">Data de nascimento:<\/strong><\/span> 1\u00ba de junho de 1996<\/span><br data-start=\"1292\" data-end=\"1295\" \/><span style=\"font-family: tahoma, arial, helvetica, sans-serif; font-size: 14pt;\"><span style=\"font-family: georgia, palatino, serif;\"><strong data-start=\"1295\" data-end=\"1311\">Idade atual:<\/strong><\/span> 29 anos<\/span><br data-start=\"1319\" data-end=\"1322\" \/><span style=\"font-family: tahoma, arial, helvetica, sans-serif; font-size: 14pt;\"><span style=\"font-family: georgia, palatino, serif;\"><strong data-start=\"1322\" data-end=\"1333\">Altura:<\/strong><\/span> 1,78 m<\/span><br data-start=\"1340\" data-end=\"1343\" \/><span style=\"font-family: tahoma, arial, helvetica, sans-serif; font-size: 14pt;\"><span style=\"font-family: georgia, palatino, serif;\"><strong data-start=\"1343\" data-end=\"1352\">Peso:<\/strong><\/span> cerca de 71 kg<\/span><br data-start=\"1367\" data-end=\"1370\" \/><span style=\"font-family: tahoma, arial, helvetica, sans-serif; font-size: 14pt;\"><span style=\"font-family: georgia, palatino, serif;\"><strong data-start=\"1370\" data-end=\"1387\">P\u00e9 dominante:<\/strong><\/span> destro<\/span><br data-start=\"1394\" data-end=\"1397\" \/><span style=\"font-family: tahoma, arial, helvetica, sans-serif; font-size: 14pt;\"><span style=\"font-family: georgia, palatino, serif;\"><strong data-start=\"1397\" data-end=\"1409\">Posi\u00e7\u00e3o:<\/strong> <\/span>volante (meio-campista defensivo)<\/span><\/p>\n<h2 data-section-id=\"1ap95nj\" data-start=\"2136\" data-end=\"2160\"><span style=\"text-decoration: underline;\"><span style=\"font-size: 14pt;\">Carreira profissional<\/span><\/span><\/h2>\n<p><span style=\"text-decoration: underline;\"><span style=\"font-size: 12pt;\"><span class=\"whitespace-normal\">Club Nacional de Football<\/span> (Uruguai)<\/span><\/span><\/p>\n<p data-start=\"2220\" data-end=\"2269\"><span style=\"font-family: tahoma, arial, helvetica, sans-serif; font-size: 14pt;\"><strong data-start=\"2220\" data-end=\"2233\">2018\u20132019<\/strong> \u2013 estreia no futebol profissional<\/span><br \/>\n<span style=\"font-family: tahoma, arial, helvetica, sans-serif; font-size: 14pt;\">25 jogos e 2 gols Destaque no meio-campo defensivo e proje\u00e7\u00e3o internacional<\/span><\/p>\n<p><span style=\"text-decoration: underline;\"><span style=\"font-size: 12pt;\"><span class=\"whitespace-normal\">Cagliari Calcio<\/span> (It\u00e1lia)<\/span><\/span><\/p>\n<p data-start=\"2452\" data-end=\"2467\"><span style=\"font-family: tahoma, arial, helvetica, sans-serif; font-size: 14pt;\"><strong data-start=\"2452\" data-end=\"2465\">2019\u20132022-\u00a0<\/strong>Transferido para o futebol europeu<\/span><br \/>\n<span style=\"font-family: tahoma, arial, helvetica, sans-serif; font-size: 14pt;\">25 partidas e 1 gol na equipe italiana<\/span><\/p>\n<p><span style=\"text-decoration: underline;\"><span style=\"font-size: 12pt;\"><span class=\"whitespace-normal\">Valencia Club de F\u00fatbol<\/span> (Espanha) \u2013 empr\u00e9stimo<\/span><\/span><\/p>\n<p data-start=\"2662\" data-end=\"2672\"><span style=\"font-family: tahoma, arial, helvetica, sans-serif; font-size: 14pt;\"><strong data-start=\"2662\" data-end=\"2670\">2021- <\/strong>9 jogos pela equipe espanhola<\/span><\/p>\n<p><span style=\"text-decoration: underline;\"><span style=\"font-size: 12pt;\"><span class=\"whitespace-normal\">Club Atl\u00e9tico Talleres<\/span> (Argentina)<\/span><\/span><\/p>\n<p data-start=\"2808\" data-end=\"2823\"><span style=\"font-family: tahoma, arial, helvetica, sans-serif; font-size: 14pt;\"><strong data-start=\"2808\" data-end=\"2821\">2022\u20132023- <\/strong>41 partidas disputadas<\/span><\/p>\n<p><span style=\"text-decoration: underline;\"><span style=\"font-size: 12pt;\"><span class=\"whitespace-normal\">FC Ju\u00e1rez<\/span> (M\u00e9xico) \u2013 empr\u00e9stimo<\/span><\/span><\/p>\n<p data-start=\"2962\" data-end=\"2972\"><span style=\"font-family: tahoma, arial, helvetica, sans-serif; font-size: 14pt;\"><strong data-start=\"2962\" data-end=\"2970\">2023- <\/strong>10 partidas pelo clube mexicano<\/span><\/p>\n<p><span style=\"text-decoration: underline;\"><span style=\"font-size: 12pt;\">Retorno ao <span class=\"whitespace-normal\">Club Nacional de Football<\/span><\/span><\/span><\/p>\n<p data-start=\"3109\" data-end=\"3124\"><span style=\"font-family: tahoma, arial, helvetica, sans-serif; font-size: 14pt;\"><strong data-start=\"3109\" data-end=\"3122\">2024\u20132026- <\/strong>66 jogos e 3 gols antes da transfer\u00eancia ao Brasil<\/span><\/p>\n<p><span style=\"text-decoration: underline;\"><span class=\"whitespace-normal\" style=\"font-size: 12pt;\">Santos Futebol Clube<\/span><\/span><\/p>\n<p data-start=\"3269\" data-end=\"3290\"><span style=\"font-size: 14pt;\"><strong data-start=\"3269\" data-end=\"3288\">2026 \u2013 presente <\/strong>Contratado para refor\u00e7ar o meio-campo santista<\/span><\/p>\n<p><span style=\"font-family: tahoma, arial, helvetica, sans-serif; font-size: 14pt;\">Ao longo de sua hist\u00f3ria, o\u00a0<strong>Santos Futebol Clube<\/strong>\u00a0contou com\u00a0pelo menos\u00a0<strong>16 jogadores uruguaios<\/strong>. Esse n\u00famero cresceu significativamente nos \u00faltimos anos; at\u00e9 2012, apenas 11 atletas do pa\u00eds vizinho haviam vestido a camisa do Peixe.\u00a0<\/span><\/p>\n<p><span style=\"font-family: tahoma, arial, helvetica, sans-serif; font-size: 14pt;\">O refor\u00e7o mais recente vindo do Uruguai \u00e9 o volante\u00a0<strong>Christian Oliva<\/strong>, contratado em fevereiro de 2026 junto ao Nacional.\u00a0<\/span><\/p>\n<p><span style=\"font-family: tahoma, arial, helvetica, sans-serif; font-size: 14pt;\">No compito geral, Ao longo de sua centen\u00e1ria hist\u00f3ria, o Santos Futebol Clube contou com mais de <strong>100 jogadores<\/strong> estrangeiros em suas fileiras. A lista \u00e9 liderada por <strong>Argentinos<\/strong>, seguidos por <strong>Uruguaios<\/strong> e <strong>Colombianos.<\/strong><\/span><\/p>\n<p><span style=\"text-decoration: underline; font-size: 14pt;\"><strong>Lista de Jogadores Uruguaios que j\u00e1 vestiram a camisa do Santos Futebol Clube<\/strong><\/span><\/p>\n<p><span style=\"font-family: tahoma, arial, helvetica, sans-serif; font-size: 14pt;\"><strong><span style=\"text-decoration: underline;\">D\u00e9cadas de 1930 a 1950<\/span>:<\/strong><\/span><\/p>\n<p><span style=\"font-family: tahoma, arial, helvetica, sans-serif; font-size: 14pt;\"><strong>Herrero (ou Herrera): <\/strong>Atacante (1935).<br \/>\n<\/span><span style=\"font-family: tahoma, arial, helvetica, sans-serif; font-size: 14pt;\"><strong>Fierro:<\/strong>D\u00e9cada de 1940.<\/span><\/p>\n<p><span style=\"font-family: tahoma, arial, helvetica, sans-serif; font-size: 14pt;\"><strong><span style=\"text-decoration: underline;\">D\u00e9cada de 1980<\/span>:<\/strong><\/span><\/p>\n<p><span style=\"font-family: tahoma, arial, helvetica, sans-serif; font-size: 14pt;\"><strong>Rodolfo Rodr\u00edguez: <\/strong>Goleiro hist\u00f3rico e um dos maiores \u00eddolos estrangeiros do clube (1984\u20131988).<br \/>\n<\/span><span style=\"font-family: tahoma, arial, helvetica, sans-serif; font-size: 14pt;\"><strong>Nelson Montelongo: <\/strong>Lateral-direito (1985).<br \/>\n<\/span><span style=\"font-family: tahoma, arial, helvetica, sans-serif; font-size: 14pt;\"><strong>Jos\u00e9 Luis Russo: <\/strong>Zagueiro (1985).<br \/>\n<\/span><span style=\"font-family: tahoma, arial, helvetica, sans-serif; font-size: 14pt;\"><strong>C\u00e9sar Pereira: <\/strong>Lateral-esquerdo (1985).<br \/>\n<\/span><span style=\"font-family: tahoma, arial, helvetica, sans-serif; font-size: 14pt;\"><strong>Daniel Aguilera: <\/strong>Atacante (1985).<\/span><\/p>\n<p><span style=\"font-family: tahoma, arial, helvetica, sans-serif; font-size: 14pt;\"><strong><span style=\"text-decoration: underline;\">Era Moderna (A partir de 2012)<\/span>:<\/strong><\/span><\/p>\n<p><span style=\"font-family: tahoma, arial, helvetica, sans-serif; font-size: 14pt;\"><strong>Jorge Fucile: <\/strong>Lateral-direito (2012), que encerrou um per\u00edodo de 23 anos sem uruguaios no time.<br \/>\n<\/span><span style=\"font-family: tahoma, arial, helvetica, sans-serif; font-size: 14pt;\"><strong>Jim Varela: <\/strong>Volante (2013).<br \/>\n<\/span><span style=\"font-family: tahoma, arial, helvetica, sans-serif; font-size: 14pt;\"><strong>Carlos S\u00e1nchez: <\/strong>Meio-campista e maior artilheiro estrangeiro da hist\u00f3ria do clube (2018\u20132022).<br \/>\n<\/span><span style=\"font-family: tahoma, arial, helvetica, sans-serif; font-size: 14pt;\"><strong>Rodrigo Fern\u00e1ndez: <\/strong>Volante (2022\u20132024).<br \/>\n<\/span><span style=\"font-family: tahoma, arial, helvetica, sans-serif; font-size: 14pt;\"><strong>Emiliano Vel\u00e1zquez: <\/strong>Zagueiro (2021\u20132022).<br \/>\n<\/span><span style=\"font-family: tahoma, arial, helvetica, sans-serif; font-size: 14pt;\"><strong>Maximiliano Silvera: <\/strong>Atacante (2023).<br \/>\n<\/span><span style=\"font-family: tahoma, arial, helvetica, sans-serif; font-size: 14pt;\"><strong>Ign\u00e1cio Laquintana: <\/strong>Atacante(2024)<br \/>\n<\/span><span style=\"font-family: tahoma, arial, helvetica, sans-serif; font-size: 14pt;\"><strong>Christian Oliva: <\/strong>Volante (Contratado em 2026).<\/span><\/p>\n<p><span style=\"font-family: tahoma, arial, helvetica, sans-serif; font-size: 14pt;\">O volante Christian Oliva foi regularizada no <strong>BID<\/strong> (Boletim Informativo Di\u00e1rio da CBF) na quarta-feira (04).<br \/>\nO uruguaio j\u00e1 pode estrear pelo clube.<\/span><\/p>\n<p><img data-recalc-dims=\"1\" loading=\"lazy\" decoding=\"async\" class=\"aligncenter wp-image-7879 size-full\" src=\"https:\/\/i0.wp.com\/sergiobertoldi.com\/wp-content\/uploads\/2026\/03\/Captura-de-tela-2026-03-05-125226.png?resize=442%2C312&#038;ssl=1\" alt=\"\" width=\"442\" height=\"312\" srcset=\"https:\/\/i0.wp.com\/sergiobertoldi.com\/wp-content\/uploads\/2026\/03\/Captura-de-tela-2026-03-05-125226.png?w=442&amp;ssl=1 442w, https:\/\/i0.wp.com\/sergiobertoldi.com\/wp-content\/uploads\/2026\/03\/Captura-de-tela-2026-03-05-125226.png?resize=300%2C212&amp;ssl=1 300w\" sizes=\"auto, (max-width: 442px) 100vw, 442px\" \/><\/p>\n<p><span style=\"text-decoration: underline;\"><span style=\"font-size: 14pt;\">Acompanhe agora a Coletiva de apresenta\u00e7\u00e3o do volante Christian Oliva\u00a0<\/span><\/span><\/p>\n<p><iframe loading=\"lazy\" title=\"CHRISTIAN OLIVA | APRESENTA\u00c7\u00c3O (05\/03\/26)\" src=\"https:\/\/www.youtube.com\/embed\/vcxwkZSfTg0?feature=oembed\" width=\"800\" height=\"450\" frameborder=\"0\" allowfullscreen=\"allowfullscreen\"><\/iframe><\/p>\n<p>(Cr\u00e9dito: Imagem: Raul Baretta\/Santos FC)<br \/>\n(Cr\u00e9dito: Imagem: SantosTV\/Divulga\u00e7\u00e3o\/Santos FC)<\/p>\n<p>Falamos das coisas do Santos, sempre com a parceria e o apoio dos nossos anunciantes!<\/p>\n","protected":false},"excerpt":{"rendered":"<p>Al\u00f4 Na\u00e7\u00e3o Santista! Sauda\u00e7\u00f5es Alvinegras! O Santos Futebol Clube apresentou oficialmente nesta quinta-feira, (05), \u00e0s 14h00, na sala de imprensa<\/p>\n","protected":false},"author":2,"featured_media":7876,"comment_status":"open","ping_status":"open","sticky":false,"template":"","format":"standard","meta":{"colormag_page_container_layout":"default_layout","colormag_page_sidebar_layout":"default_layout","_jetpack_memberships_contains_paid_content":false,"footnotes":""},"categories":[68,4,30],"tags":[6],"class_list":["post-7864","post","type-post","status-publish","format-standard","has-post-thumbnail","hentry","category-apresentacao-oficial","category-bastidores-do-santos-fc","category-contratacoes","tag-santos-fc"],"jetpack_featured_media_url":"https:\/\/i0.wp.com\/sergiobertoldi.com\/wp-content\/uploads\/2026\/03\/oliva-3-JPG.jpg?fit=490%2C275&ssl=1","jetpack_likes_enabled":true,"jetpack_sharing_enabled":true,"_links":{"self":[{"href":"https:\/\/sergiobertoldi.com\/index.php\/wp-json\/wp\/v2\/posts\/7864","targetHints":{"allow":["GET"]}}],"collection":[{"href":"https:\/\/sergiobertoldi.com\/index.php\/wp-json\/wp\/v2\/posts"}],"about":[{"href":"https:\/\/sergiobertoldi.com\/index.php\/wp-json\/wp\/v2\/types\/post"}],"author":[{"embeddable":true,"href":"https:\/\/sergiobertoldi.com\/index.php\/wp-json\/wp\/v2\/users\/2"}],"replies":[{"embeddable":true,"href":"https:\/\/sergiobertoldi.com\/index.php\/wp-json\/wp\/v2\/comments?post=7864"}],"version-history":[{"count":12,"href":"https:\/\/sergiobertoldi.com\/index.php\/wp-json\/wp\/v2\/posts\/7864\/revisions"}],"predecessor-version":[{"id":7886,"href":"https:\/\/sergiobertoldi.com\/index.php\/wp-json\/wp\/v2\/posts\/7864\/revisions\/7886"}],"wp:featuredmedia":[{"embeddable":true,"href":"https:\/\/sergiobertoldi.com\/index.php\/wp-json\/wp\/v2\/media\/7876"}],"wp:attachment":[{"href":"https:\/\/sergiobertoldi.com\/index.php\/wp-json\/wp\/v2\/media?parent=7864"}],"wp:term":[{"taxonomy":"category","embeddable":true,"href":"https:\/\/sergiobertoldi.com\/index.php\/wp-json\/wp\/v2\/categories?post=7864"},{"taxonomy":"post_tag","embeddable":true,"href":"https:\/\/sergiobertoldi.com\/index.php\/wp-json\/wp\/v2\/tags?post=7864"}],"curies":[{"name":"wp","href":"https:\/\/api.w.org\/{rel}","templated":true}]}}