{"id":7723,"date":"2026-01-27T13:17:20","date_gmt":"2026-01-27T16:17:20","guid":{"rendered":"https:\/\/sergiobertoldi.com\/?p=7723"},"modified":"2026-02-04T00:25:52","modified_gmt":"2026-02-04T03:25:52","slug":"santos-fecha-com-rony-e-gabigol-tera-um-companheiro-de-ataque-para-dividir-a-responsabilidade-pelos-gols-do-peixe","status":"publish","type":"post","link":"https:\/\/sergiobertoldi.com\/index.php\/2026\/01\/27\/santos-fecha-com-rony-e-gabigol-tera-um-companheiro-de-ataque-para-dividir-a-responsabilidade-pelos-gols-do-peixe\/","title":{"rendered":"Santos fecha com Rony e Gabigol ter\u00e1 um companheiro de ataque para dividir a responsabilidade pelos gols do Peixe"},"content":{"rendered":"<p><span style=\"font-family: helvetica, arial, sans-serif; font-size: 14pt;\"><strong><u>Al\u00f4 Na\u00e7\u00e3o Santista! Sauda\u00e7\u00f5es Alvinegras!<\/u><\/strong><\/span><\/p>\n<p style=\"text-align: justify;\"><span style=\"font-family: tahoma, arial, helvetica, sans-serif; font-size: 14pt;\">Nesta ter\u00e7a-feira (27), o Santos Futebol Clube acertou junto ao Atl\u00e9tico Mineiro, a aquisi\u00e7\u00e3o em definitivo do atacante <strong>Rony<\/strong>.<\/span><br \/>\n<span style=\"font-family: tahoma, arial, helvetica, sans-serif; font-size: 14pt;\">A equipe paulista que em dezembro, j\u00e1 havia demonstrado interesse na aquisi\u00e7\u00e3o do atacante, por\u00e9m na \u00e9poca n\u00e3o conseguiu um entendimento financeiro com a dire\u00e7\u00e3o do Atl\u00e9tico, voltou a carga agora no in\u00edcio de janeiro de 2026, fez uma nova investida e desta vez chegou a um acordo com o clube mineiro.<\/span><\/p>\n<p style=\"text-align: justify;\"><span style=\"font-family: tahoma, arial, helvetica, sans-serif; font-size: 14pt;\">A contrata\u00e7\u00e3o de um novo atacante que atuasse principalmente pelo setor esquerdo do ataque Santista, era uma prioridade para o clube alvinegro ap\u00f3s a transfer\u00eancia do atacante <strong>Guilherme<\/strong> para o <strong>Houston Dynamo<\/strong>, dos Estados Unidos.<\/span><br \/>\n<span style=\"font-family: tahoma, arial, helvetica, sans-serif; font-size: 14pt;\">O atleta de 30 anos que pelas informa\u00e7\u00f5es de bastidores, firmar\u00e1 contrato com o Santos pelo per\u00edodo inicial de <strong>tr\u00eas<\/strong> temporadas, se despediu de seus colegas de time, dos funcion\u00e1rios e da comiss\u00e3o t\u00e9cnica do Atl\u00e9tico-MG na <strong>segunda-feira<\/strong>, dia <strong>(26)<\/strong>, e \u00e9 aguardado nesta <strong>quarta-feira<\/strong> dia <strong>(28)<\/strong> no <strong>CT Rei Pel\u00e9 <\/strong>em Santos para passar por exames m\u00e9dicos e assinar contrato com o clube paulista.<\/span><\/p>\n<p><span style=\"font-family: tahoma, arial, helvetica, sans-serif; font-size: 14pt;\">Rony j\u00e1 chegou a cidade de Santos onde conheceu as depend\u00eancias do seu novo clube<\/span><\/p>\n<div class=\"jetpack-video-wrapper\"><iframe loading=\"lazy\" title=\"RONY TREINA NO CT REI PEL\u00c9 E D\u00c1 SUA PRIMEIRA ENTREVISTA COMO JOGADOR DO SANTOS FC\" width=\"800\" height=\"450\" src=\"https:\/\/www.youtube.com\/embed\/rENJOX-ew0o?feature=oembed\" frameborder=\"0\" allow=\"accelerometer; autoplay; clipboard-write; encrypted-media; gyroscope; picture-in-picture; web-share\" referrerpolicy=\"strict-origin-when-cross-origin\" allowfullscreen><\/iframe><\/div>\n<p style=\"text-align: justify;\"><span style=\"font-family: tahoma, arial, helvetica, sans-serif; font-size: 14pt;\">O <strong>Galo<\/strong>, que investiu aproximadamente <strong>R$ 35 milh\u00f5es<\/strong> para trazer Rony do <strong>Palmeiras<\/strong> no ano anterior, buscava ao menos &#8216;recuperar&#8217; esse montante. No entanto o Alvinegro Praiano conseguiu convencer os colegas mineiros, a baixar os valores iniciais, e firmar um acordo na casa dos <strong>3 milh\u00f5es de euros<\/strong> <strong>(R$ 18 milh\u00f5es),<\/strong> al\u00e9m de um valor extra em b\u00f4nus.<\/span><br \/>\n<span style=\"font-family: tahoma, arial, helvetica, sans-serif; font-size: 14pt;\">Depois de cinco temporadas extremamente vitoriosas com a camisa do <strong>Palmeiras<\/strong>, Rony foi vendido ao <strong>Atl\u00e9tico-MG<\/strong> em <strong>fevereiro<\/strong> de <strong>2025<\/strong>.<\/span><br \/>\n<span style=\"font-family: tahoma, arial, helvetica, sans-serif; font-size: 14pt;\">Ao todo, foram <strong>65<\/strong> <strong>jogos<\/strong> pelo Galo, <strong>14 gols<\/strong> e seis assist\u00eancias. Ele ainda foi campe\u00e3o Mineiro (2025).<\/span><\/p>\n<p style=\"text-align: justify;\"><span style=\"font-family: tahoma, arial, helvetica, sans-serif; font-size: 14pt;\">O Galo ir\u00e1 poupar cerca de <strong>R$ 40 milh\u00f5es<\/strong> com a libera\u00e7\u00e3o antecipada de Rony, que recebia aproximadamente <strong>R$ 1,6 milh\u00e3o<\/strong> mensais, incluindo sal\u00e1rios, direitos de imagem e luvas. O contrato dele estava previsto para terminar em dezembro de 2027.<\/span><\/p>\n<p><span style=\"font-size: 14pt;\"><strong><u>PITACOS DO BERTOLDI<\/u><\/strong><\/span><\/p>\n<p style=\"text-align: justify;\"><span style=\"font-family: tahoma, arial, helvetica, sans-serif; font-size: 14pt;\">Rony foi contratado pelo Atl\u00e9tico-MG junto ao Palmeiras em fevereiro do ano passado, com um v\u00ednculo at\u00e9 <strong>dezembro<\/strong> de <strong>2027<\/strong>.<br \/>\n<\/span><span style=\"font-family: tahoma, arial, helvetica, sans-serif; font-size: 14pt;\">O Santos perdeu Guilherme, e n\u00e3o tinha um substituto para a posi\u00e7\u00e3o, que tivesse as mesmas caracter\u00edsticas de jogo!<br \/>\n<\/span><span style=\"font-family: tahoma, arial, helvetica, sans-serif; font-size: 14pt;\">Rony \u00e9 considerado a solu\u00e7\u00e3o imediata para preencher essa falta.<\/span><\/p>\n<p style=\"text-align: justify;\"><span style=\"font-family: tahoma, arial, helvetica, sans-serif; font-size: 14pt;\">Rony \u00e9 um atacante que tem um hist\u00f3rico de atuar pelos flancos, (Beiradas do Campo), al\u00e9m de contribuir para a transi\u00e7\u00e3o do jogo, ajustando-se ao que o clube e o treinador desejam para o estilo de jogo do Peixe!<br \/>\n<\/span><span style=\"font-family: tahoma, arial, helvetica, sans-serif; font-size: 14pt;\">Ap\u00f3s uma temporada dif\u00edcil, marcada pela luta contra o rebaixamento na S\u00e9rie-A do Brasileir\u00e3o, a diretoria optou por trazer para disputar a temporada de 2026, contrata\u00e7\u00f5es que tragam experi\u00eancia e habilidade para decidir jogos.<\/span><\/p>\n<p style=\"text-align: justify;\"><span style=\"font-family: tahoma, arial, helvetica, sans-serif; font-size: 14pt;\">\u00c9 n\u00edtida a car\u00eancia de atacantes com melhor capacidade t\u00e9cnica no ataque Santista, principalmente quando o Neymar est\u00e1 fora do time!<br \/>\n<\/span><span style=\"font-family: tahoma, arial, helvetica, sans-serif; font-size: 14pt;\">Rec\u00e9m contratado para ser a solu\u00e7\u00e3o da car\u00eancia de gols do ataque Santista, Gabigol j\u00e1 mostrou que uma andorinha s\u00f3 n\u00e3o far\u00e1 milagres!<\/span><\/p>\n<p style=\"text-align: justify;\"><span style=\"font-family: tahoma, arial, helvetica, sans-serif; font-size: 14pt;\">Resta ao torcedor do Santos, torcer para que o \u201c<strong>Rony<\/strong>\u201d que est\u00e1 chegando ao Alvinegro Praiano, seja o \u201cRony\u201d artilheiro dos tempos de Palmeiras, e n\u00e3o o \u201c<strong>Rony<\/strong>\u201d que no Galo Mineiro, fazia os torcedores passarem raiva tamanho o n\u00famero de gols absurdamente perdidos!<\/span><\/p>\n<p style=\"text-align: justify;\"><span style=\"font-family: tahoma, arial, helvetica, sans-serif; font-size: 14pt;\">(Cr\u00e9dito: Imagem: Pedro Souza\/Atl\u00e9tico Mineiro)<br \/>\nFalamos das coisas do Santos, sempre com a parceria e o apoio dos nossos anunciantes!<\/span><\/p>\n<p style=\"text-align: justify;\">\n","protected":false},"excerpt":{"rendered":"<p>Al\u00f4 Na\u00e7\u00e3o Santista! Sauda\u00e7\u00f5es Alvinegras! Nesta ter\u00e7a-feira (27), o Santos Futebol Clube acertou junto ao Atl\u00e9tico Mineiro, a aquisi\u00e7\u00e3o em<\/p>\n","protected":false},"author":2,"featured_media":7724,"comment_status":"open","ping_status":"open","sticky":false,"template":"","format":"standard","meta":{"colormag_page_container_layout":"default_layout","colormag_page_sidebar_layout":"default_layout","_jetpack_memberships_contains_paid_content":false,"footnotes":""},"categories":[12,4,30,10],"tags":[6],"class_list":["post-7723","post","type-post","status-publish","format-standard","has-post-thumbnail","hentry","category-analise-e-comentario","category-bastidores-do-santos-fc","category-contratacoes","category-elenco-profissional","tag-santos-fc"],"jetpack_featured_media_url":"https:\/\/i0.wp.com\/sergiobertoldi.com\/wp-content\/uploads\/2026\/01\/rony-atacante-do-atletico-mg-12435.jpg?fit=1600%2C900&ssl=1","jetpack_likes_enabled":true,"jetpack_sharing_enabled":true,"_links":{"self":[{"href":"https:\/\/sergiobertoldi.com\/index.php\/wp-json\/wp\/v2\/posts\/7723","targetHints":{"allow":["GET"]}}],"collection":[{"href":"https:\/\/sergiobertoldi.com\/index.php\/wp-json\/wp\/v2\/posts"}],"about":[{"href":"https:\/\/sergiobertoldi.com\/index.php\/wp-json\/wp\/v2\/types\/post"}],"author":[{"embeddable":true,"href":"https:\/\/sergiobertoldi.com\/index.php\/wp-json\/wp\/v2\/users\/2"}],"replies":[{"embeddable":true,"href":"https:\/\/sergiobertoldi.com\/index.php\/wp-json\/wp\/v2\/comments?post=7723"}],"version-history":[{"count":4,"href":"https:\/\/sergiobertoldi.com\/index.php\/wp-json\/wp\/v2\/posts\/7723\/revisions"}],"predecessor-version":[{"id":7757,"href":"https:\/\/sergiobertoldi.com\/index.php\/wp-json\/wp\/v2\/posts\/7723\/revisions\/7757"}],"wp:featuredmedia":[{"embeddable":true,"href":"https:\/\/sergiobertoldi.com\/index.php\/wp-json\/wp\/v2\/media\/7724"}],"wp:attachment":[{"href":"https:\/\/sergiobertoldi.com\/index.php\/wp-json\/wp\/v2\/media?parent=7723"}],"wp:term":[{"taxonomy":"category","embeddable":true,"href":"https:\/\/sergiobertoldi.com\/index.php\/wp-json\/wp\/v2\/categories?post=7723"},{"taxonomy":"post_tag","embeddable":true,"href":"https:\/\/sergiobertoldi.com\/index.php\/wp-json\/wp\/v2\/tags?post=7723"}],"curies":[{"name":"wp","href":"https:\/\/api.w.org\/{rel}","templated":true}]}}