{"id":7715,"date":"2026-01-25T19:13:13","date_gmt":"2026-01-25T22:13:13","guid":{"rendered":"https:\/\/sergiobertoldi.com\/?p=7715"},"modified":"2026-01-26T23:11:48","modified_gmt":"2026-01-27T02:11:48","slug":"jogando-na-neo-quimica-arena-santos-nao-vai-alem-de-um-empata-com-o-red-bull-bragantino","status":"publish","type":"post","link":"https:\/\/sergiobertoldi.com\/index.php\/2026\/01\/25\/jogando-na-neo-quimica-arena-santos-nao-vai-alem-de-um-empata-com-o-red-bull-bragantino\/","title":{"rendered":"Jogando na N\u00e9o Qu\u00edmica Arena Santos n\u00e3o vai al\u00e9m de um empata com o Red Bull Bragantino"},"content":{"rendered":"<p><span style=\"font-family: helvetica, arial, sans-serif; font-size: 14pt;\"><strong><u>Al\u00f4 Na\u00e7\u00e3o Santista! Sauda\u00e7\u00f5es Alvinegras!<\/u><\/strong><\/span><\/p>\n<p style=\"text-align: justify;\"><span style=\"font-family: tahoma, arial, helvetica, sans-serif; font-size: 14pt;\">Em partida realizada na tarde deste domingo (25) na Neo Qu\u00edmica Arena, o Santos n\u00e3o conseguiu interromper uma incomoda sequ\u00eancia negativa, e alcan\u00e7ou seu quarto jogo consecutivo sem vit\u00f3ria na temporada, empatando em 0 a 0 com o Red Bull Bragantino!<\/span><\/p>\n<p style=\"text-align: justify;\"><span style=\"font-family: tahoma, arial, helvetica, sans-serif; font-size: 14pt;\">O Peixe come\u00e7ou pressionando, conseguindo roubar a bola no campo advers\u00e1rio, mas pecou nas finaliza\u00e7\u00f5es, contando com apenas uma oportunidade clara de Gabigol no final do primeiro tempo.<br \/>\n<\/span><span style=\"font-family: tahoma, arial, helvetica, sans-serif; font-size: 14pt;\">Na segunda etapa, a equipe teve uma queda de rendimento, jogando de maneira lenta e desatenta, o que permitiu ao Bragantino, criar chances como um chute dado pelo atacante Sasha, que acertou o travess\u00e3o do goleiro Braz\u00e3o.<\/span><\/p>\n<p style=\"text-align: justify;\"><span style=\"font-family: tahoma, arial, helvetica, sans-serif; font-size: 14pt;\">As substitui\u00e7\u00f5es, incluindo a entrada de <strong>Mateus Xavier<\/strong> no lugar de <strong>Lautaro D\u00edaz <\/strong>que deixou o campo (vaiado), n\u00e3o conseguiram alterar o cen\u00e1rio confuso e sem criatividade da partida.<br \/>\n<\/span><span style=\"font-family: tahoma, arial, helvetica, sans-serif; font-size: 14pt;\">O resultado desagradou os torcedores que se durante os 90 minutos, incentivaram o time o tempo todo, ap\u00f3s o apito final expressaram toda a sua insatisfa\u00e7\u00e3o, vaiando a equipe e proferindo ofensas ao presidente <strong>Marcelo Teixeira<\/strong>.<\/span><\/p>\n<p style=\"text-align: justify;\"><span style=\"font-family: tahoma, arial, helvetica, sans-serif; font-size: 14pt;\">Para esse confronto o t\u00e9cnico Juan Pablo Vojvoda, mandou o 11 Santista a campo com a seguinte forma\u00e7\u00e3o: Gabriel Braz\u00e3o; Mayke, Adonis Fr\u00edas, Luan Peres e Escobar; Willian Ar\u00e3o (Jo\u00e3o Schmidt, no intervalo), Gabriel Menino (Tom\u00e1s Rinc\u00f3n, aos 38\u2019\/2\u00baT), Z\u00e9 Rafael (Robinho Jr, aos 38\u2019\/2\u00baT)e Miguelito (Rollheiser, aos 15\u2019\/2\u00baT); Lautaro D\u00edaz (Mateus Xavier, aos 29\u2019\/2\u00baT) e Gabriel Barbosa. <strong>T\u00e9cnico:<\/strong>\u00a0Juan Pablo Vojvoda<\/span><\/p>\n<p style=\"text-align: justify;\"><span style=\"font-family: tahoma, arial, helvetica, sans-serif; font-size: 14pt;\">Com esse resultado, o Alvinegro Praiano caiu da oitava para a <strong>10\u00aa<\/strong> coloca\u00e7\u00e3o deixando a zona de classifica\u00e7\u00e3o contabilizando agora <strong>06<\/strong> pontos em <strong>05<\/strong> jogos, podendo cair para a <strong>11\u00aa<\/strong> coloca\u00e7\u00e3o, dependendo do resultado da partida entre <strong>Portuguesa<\/strong> x <strong>Guarani<\/strong> a ser realizada na segunda-feira\u00a0<\/span><\/p>\n<p style=\"text-align: justify;\"><span style=\"font-family: tahoma, arial, helvetica, sans-serif; font-size: 14pt;\">Ap\u00f3s o empate em 0 a 0 contra o <strong>RB Bragantino<\/strong>, Voyvoda foi questionado sobre sua capacidade em reverter o quadro atual da equipe e sobre a press\u00e3o que enfrenta \u00e0 frente do clube.<br \/>\n<\/span><span style=\"font-family: tahoma, arial, helvetica, sans-serif; font-size: 14pt;\">Mesmo diante desse cen\u00e1rio nada animador, o treinador Juan Pablo Vojvoda mant\u00e9m a confian\u00e7a na equipe.<\/span><br \/>\n<span style=\"font-family: tahoma, arial, helvetica, sans-serif; font-size: 14pt;\">O argentino declarou estar mentalmente forte e preparado para a intensa maratona que se apresenta neste in\u00edcio de temporada.<\/span><\/p>\n<p><img data-recalc-dims=\"1\" loading=\"lazy\" decoding=\"async\" class=\"aligncenter wp-image-7716\" src=\"https:\/\/i0.wp.com\/sergiobertoldi.com\/wp-content\/uploads\/2026\/01\/Voyvoda-JPG.jpg?resize=400%2C298&#038;ssl=1\" alt=\"\" width=\"400\" height=\"298\" srcset=\"https:\/\/i0.wp.com\/sergiobertoldi.com\/wp-content\/uploads\/2026\/01\/Voyvoda-JPG.jpg?w=940&amp;ssl=1 940w, https:\/\/i0.wp.com\/sergiobertoldi.com\/wp-content\/uploads\/2026\/01\/Voyvoda-JPG.jpg?resize=300%2C224&amp;ssl=1 300w, https:\/\/i0.wp.com\/sergiobertoldi.com\/wp-content\/uploads\/2026\/01\/Voyvoda-JPG.jpg?resize=768%2C573&amp;ssl=1 768w\" sizes=\"auto, (max-width: 400px) 100vw, 400px\" \/><\/p>\n<blockquote>\n<p style=\"text-align: justify;\"><span style=\"font-family: georgia, palatino, serif; font-size: 14pt;\">Temos muitos jogos pela frente. Voc\u00ea [referindo-se ao rep\u00f3rter] fala do rebaixamento do ano passado, onde lutamos e conseguimos uma vaga na Sul-Americana sofrendo, o que n\u00e3o era o objetivo. Este ano temos o S\u00e3o Paulo e depois mais partidas [no Paulist\u00e3o], ent\u00e3o vamos estar com muita aten\u00e7\u00e3o. Sabemos que no Brasileir\u00e3o e no Paulist\u00e3o temos que estar atentos desde o primeiro jogo porque coisas importantes est\u00e3o sendo definidas. Sobre a press\u00e3o, eu estou trabalhando junto aos meus jogadores, estou com a cabe\u00e7a forte. A press\u00e3o sempre vai estar presente, como estivemos em outros momentos dif\u00edceis, estamos preparados para isso &#8211; destacou o treinador.<\/span><\/p>\n<\/blockquote>\n<p style=\"text-align: justify;\"><span style=\"font-family: georgia, palatino, serif; font-size: 14pt;\"><strong><u>Pr\u00f3ximo Compromisso do Peixe<\/u><\/strong><\/span><\/p>\n<ul style=\"text-align: justify;\">\n<li><span style=\"font-family: tahoma, arial, helvetica, sans-serif; font-size: 14pt;\"><strong>Chapecoense x Santos<\/strong>\u00a0(1\u00aa Rodada do Brasileir\u00e3o-2026)<\/span><\/li>\n<li><span style=\"font-family: tahoma, arial, helvetica, sans-serif; font-size: 14pt;\"><strong>Data e hor\u00e1rio:<\/strong>\u00a028\/01 (Quarta Feira), \u00e0s 20h00 (de Bras\u00edlia)<\/span><\/li>\n<li><span style=\"font-family: tahoma, arial, helvetica, sans-serif; font-size: 14pt;\"><strong>Local:<\/strong>\u00a0Est\u00e1dio Regional \u00cdndio Cond\u00e1 Chapec\u00f3 (SC)<\/span><\/li>\n<\/ul>\n<p style=\"text-align: justify;\"><span style=\"font-family: georgia, palatino, serif; font-size: 14pt;\"><strong><u>PITACOS DO BERTOLDI<\/u><\/strong><\/span><\/p>\n<p style=\"text-align: justify;\"><span style=\"font-family: tahoma, arial, helvetica, sans-serif; font-size: 14pt;\">Em mais uma atua\u00e7\u00e3o sem inspira\u00e7\u00e3o, o Santos decepcionou mais uma vez seu torcedor ao empatar em 0 a 0 com o Red Bull Bragantino, na Neo Qu\u00edmica Arena, partida realizada pela 5\u00aa rodada do Paulist\u00e3o 2026.<br \/>\nA partida realizada pelo Peixe, reflete problemas cr\u00f4nicos como falta de efetividade no ataque e desgaste f\u00edsico no elenco.<\/span><\/p>\n<p><span style=\"text-decoration: underline;\"><strong><span style=\"font-size: 14pt;\">Acompanha a Coletiva p\u00f3s jogo com o T\u00e9cnico<\/span> <span style=\"font-family: georgia, palatino, serif; font-size: 14pt;\">Juan Pablo Vojvoda<\/span><\/strong><\/span><\/p>\n<p><iframe loading=\"lazy\" title=\"JUAN PABLO VOJVODA | COLETIVA (25\/01\/26)\" width=\"800\" height=\"450\" src=\"https:\/\/www.youtube.com\/embed\/R0pFa0wojrU?feature=oembed\" frameborder=\"0\" allow=\"accelerometer; autoplay; clipboard-write; encrypted-media; gyroscope; picture-in-picture; web-share\" referrerpolicy=\"strict-origin-when-cross-origin\" allowfullscreen><\/iframe><\/p>\n<p style=\"text-align: justify;\"><span style=\"font-family: tahoma, arial, helvetica, sans-serif; font-size: 14pt;\">(Cr\u00e9dito: Imagem: Raul Baretta\/Santos FC)<br \/>\n<\/span><span style=\"font-family: tahoma, arial, helvetica, sans-serif; font-size: 14pt;\">(Cr\u00e9dito: Imagem: SantosTV\/Divulga\u00e7\u00e3o\/Santos FC)<\/span><\/p>\n<p style=\"text-align: justify;\"><span style=\"font-family: tahoma, arial, helvetica, sans-serif; font-size: 14pt;\">\u00a0Falamos das coisas do Santos, sempre com a parceria e o apoio dos nossos anunciantes!<\/span><\/p>\n<p style=\"text-align: justify;\">\n","protected":false},"excerpt":{"rendered":"<p>Al\u00f4 Na\u00e7\u00e3o Santista! Sauda\u00e7\u00f5es Alvinegras! Em partida realizada na tarde deste domingo (25) na Neo Qu\u00edmica Arena, o Santos n\u00e3o<\/p>\n","protected":false},"author":2,"featured_media":7718,"comment_status":"open","ping_status":"open","sticky":false,"template":"","format":"standard","meta":{"colormag_page_container_layout":"default_layout","colormag_page_sidebar_layout":"default_layout","_jetpack_memberships_contains_paid_content":false,"footnotes":""},"categories":[12,25,16],"tags":[6],"class_list":["post-7715","post","type-post","status-publish","format-standard","has-post-thumbnail","hentry","category-analise-e-comentario","category-campeonato-paulista","category-resenha-do-jogo","tag-santos-fc"],"jetpack_featured_media_url":"https:\/\/i0.wp.com\/sergiobertoldi.com\/wp-content\/uploads\/2026\/01\/55062018328_d573b732b6_z.jpg?fit=640%2C352&ssl=1","jetpack_likes_enabled":true,"jetpack_sharing_enabled":true,"_links":{"self":[{"href":"https:\/\/sergiobertoldi.com\/index.php\/wp-json\/wp\/v2\/posts\/7715","targetHints":{"allow":["GET"]}}],"collection":[{"href":"https:\/\/sergiobertoldi.com\/index.php\/wp-json\/wp\/v2\/posts"}],"about":[{"href":"https:\/\/sergiobertoldi.com\/index.php\/wp-json\/wp\/v2\/types\/post"}],"author":[{"embeddable":true,"href":"https:\/\/sergiobertoldi.com\/index.php\/wp-json\/wp\/v2\/users\/2"}],"replies":[{"embeddable":true,"href":"https:\/\/sergiobertoldi.com\/index.php\/wp-json\/wp\/v2\/comments?post=7715"}],"version-history":[{"count":4,"href":"https:\/\/sergiobertoldi.com\/index.php\/wp-json\/wp\/v2\/posts\/7715\/revisions"}],"predecessor-version":[{"id":7721,"href":"https:\/\/sergiobertoldi.com\/index.php\/wp-json\/wp\/v2\/posts\/7715\/revisions\/7721"}],"wp:featuredmedia":[{"embeddable":true,"href":"https:\/\/sergiobertoldi.com\/index.php\/wp-json\/wp\/v2\/media\/7718"}],"wp:attachment":[{"href":"https:\/\/sergiobertoldi.com\/index.php\/wp-json\/wp\/v2\/media?parent=7715"}],"wp:term":[{"taxonomy":"category","embeddable":true,"href":"https:\/\/sergiobertoldi.com\/index.php\/wp-json\/wp\/v2\/categories?post=7715"},{"taxonomy":"post_tag","embeddable":true,"href":"https:\/\/sergiobertoldi.com\/index.php\/wp-json\/wp\/v2\/tags?post=7715"}],"curies":[{"name":"wp","href":"https:\/\/api.w.org\/{rel}","templated":true}]}}