{"id":7706,"date":"2026-01-18T22:45:13","date_gmt":"2026-01-19T01:45:13","guid":{"rendered":"https:\/\/sergiobertoldi.com\/?p=7706"},"modified":"2026-01-22T17:58:28","modified_gmt":"2026-01-22T20:58:28","slug":"santos-deixa-escapar-vitoria-contra-o-guarani-no-ultimo-minuto-e-deixa-de-somar-pontos-importantes-fora-de-casa","status":"publish","type":"post","link":"https:\/\/sergiobertoldi.com\/index.php\/2026\/01\/18\/santos-deixa-escapar-vitoria-contra-o-guarani-no-ultimo-minuto-e-deixa-de-somar-pontos-importantes-fora-de-casa\/","title":{"rendered":"Santos deixa escapar vit\u00f3ria contra o Guarani no \u00faltimo minuto e deixa de somar pontos importantes fora de casa"},"content":{"rendered":"<p><strong>\u00a0<u>Al\u00f4 Na\u00e7\u00e3o Santista! Sauda\u00e7\u00f5es Alvinegras!<\/u><\/strong><\/p>\n<p style=\"text-align: justify;\"><span style=\"font-family: tahoma, arial, helvetica, sans-serif; font-size: 14pt;\">Jogando em Campinas no Est\u00e1dio Brinco de Ouro, o Santos que vencia os donos da casa, sofreu um gol no \u00faltimo momento da partida e terminou empatando com o Guarani em 1 a 1, em jogo referente \u00e0 terceira rodada do Paulist\u00e3o 2026.<br \/>\n<\/span><span style=\"font-family: tahoma, arial, helvetica, sans-serif; font-size: 14pt;\">Pelo Santos <strong>Barreal <\/strong>abriu o placar aos 13&#8242; do 2\u00baT, com <strong>Kewen<\/strong>, empatando para o Guarani aos 50&#8242; do 2\u00baT.<\/span><\/p>\n<p style=\"text-align: justify;\"><span style=\"text-decoration: underline;\"><strong><span style=\"font-size: 14pt;\">Para esse confronto o t\u00e9cnico Juan Pablo Vojvoda, mandou o 11 Santista com a seguinte forma\u00e7\u00e3o:<\/span><\/strong><\/span><\/p>\n<p style=\"text-align: justify;\"><span style=\"font-family: tahoma, arial, helvetica, sans-serif; font-size: 14pt;\">Gabriel Braz\u00e3o; Mayke, Adonis Fr\u00edas, Z\u00e9 Ivaldo e Vini Lira (Escobar); Ar\u00e3o, Gabriel Menino (Jo\u00e3o Schimidt) e Z\u00e9 Rafael (Lautaro D\u00edaz); Rollheiser (Miguelito), Barreal e Thaciano (Robinho.Jr.)\u00a0<strong>T\u00e9cnico<\/strong>: Juan Pablo Vojvoda<\/span><\/p>\n<p><span style=\"font-family: tahoma, arial, helvetica, sans-serif; font-size: 14pt;\">O goleiro <strong>Braz\u00e3o<\/strong> que mais uma vez foi o destaque do Santos teve um papel importante no empate, ao defender um p\u00eanalti durante os 90 minutos.<\/span><br \/>\n<span style=\"font-family: tahoma, arial, helvetica, sans-serif; font-size: 14pt;\">Apesar do resultado, o Peixe conseguiu entrar na zona de classifica\u00e7\u00e3o para as quartas de final do Campeonato Estadual.<\/span><br \/>\n<span style=\"font-family: tahoma, arial, helvetica, sans-serif; font-size: 14pt;\">Com esse empate em 1 x 1 o Alvinegro Praiano agora contabiliza 04 pontos, em 03 jogos, ocupando a 08\u00aa coloca\u00e7\u00e3o da tabela de classifica\u00e7\u00e3o<\/span><\/p>\n<p><span style=\"font-size: 14pt;\"><strong><u>Pr\u00f3ximo Compromisso do Peixe<\/u><\/strong><\/span><\/p>\n<ul>\n<li><span style=\"font-family: tahoma, arial, helvetica, sans-serif; font-size: 14pt;\"><strong>Santos x Corinthians<\/strong>\u00a0(04\u00aa rodada do Paulist\u00e3o)<\/span><\/li>\n<li><span style=\"font-family: tahoma, arial, helvetica, sans-serif; font-size: 14pt;\"><strong>Data e hor\u00e1rio:<\/strong>\u00a022\/01 (Quinta-feira), \u00e0s 19h30 (de Bras\u00edlia)<\/span><\/li>\n<li><span style=\"font-family: tahoma, arial, helvetica, sans-serif; font-size: 14pt;\"><strong>Local:<\/strong>\u00a0Vila Belmiro, em Santos (SP)<\/span><\/li>\n<\/ul>\n<p><span style=\"font-size: 14pt;\"><strong><u>PITACOS DO BERTOLDI<\/u><\/strong><\/span><\/p>\n<p style=\"text-align: justify;\"><span style=\"font-family: tahoma, arial, helvetica, sans-serif; font-size: 14pt;\">O Santos viu uma vit\u00f3ria praticamente decretada escapar de suas m\u00e3os em um jogo contra o Guarani, devido a uma combina\u00e7\u00e3o de desaten\u00e7\u00e3o defensiva no final da partida, press\u00e3o constante do advers\u00e1rio e decis\u00f5es t\u00e1ticas que diminu\u00edram seu poder ofensivo. Apesar das defesas importantes do goleiro <strong>Gabriel Braz\u00e3o <\/strong>e do gol de atacante <strong>\u00c1lvaro Barreal<\/strong>, o Bugre conseguiu empatar aos 51 minutos, frustrando a equipe do Peixe no Brinco de Ouro.<\/span><\/p>\n<p style=\"text-align: justify;\"><span style=\"font-family: tahoma, arial, helvetica, sans-serif; font-size: 14pt;\">N\u00e3o podemos usar de desculpas esfarrapadas, para tentar justificar o injustific\u00e1vel.<\/span><br \/>\n<span style=\"font-family: tahoma, arial, helvetica, sans-serif; font-size: 14pt;\">Por mais que saibamos que o Santos Futebol Clube, inicia sua trajet\u00f3ria na temporada 2026, com o mesmo elenco com o qual terminou de forma dram\u00e1tica a temporada de 2025, lutando para n\u00e3o se rebaixado novamente, tendo perdido dois jogadores do elenco passado, o atacante Guilherme e o lateral esquerdo Souza, que para a perda dos dois, o Santos rep\u00f3s com a contrata\u00e7\u00e3o do atacante Gabigol, e do volante Gabriel Menino, (Ambos por Empr\u00e9stimo), ou seja perdeu dois jogadores que pertenciam ao patrim\u00f4nio do clube, e trouxe outros dois apenas por empr\u00e9stimo!<br \/>\nAinda assim, o Santos tem um elenco superior e n\u00e3o pode jamais deixar de vencer um time que em n\u00edvel Nacional, disputa a S\u00e9rie-C.<\/span><\/p>\n<p><img data-recalc-dims=\"1\" loading=\"lazy\" decoding=\"async\" class=\"aligncenter wp-image-7709\" src=\"https:\/\/i0.wp.com\/sergiobertoldi.com\/wp-content\/uploads\/2026\/01\/Copia-de-JPG.jpg?resize=600%2C338&#038;ssl=1\" alt=\"\" width=\"600\" height=\"338\" srcset=\"https:\/\/i0.wp.com\/sergiobertoldi.com\/wp-content\/uploads\/2026\/01\/Copia-de-JPG.jpg?w=800&amp;ssl=1 800w, https:\/\/i0.wp.com\/sergiobertoldi.com\/wp-content\/uploads\/2026\/01\/Copia-de-JPG.jpg?resize=300%2C169&amp;ssl=1 300w, https:\/\/i0.wp.com\/sergiobertoldi.com\/wp-content\/uploads\/2026\/01\/Copia-de-JPG.jpg?resize=768%2C432&amp;ssl=1 768w\" sizes=\"auto, (max-width: 600px) 100vw, 600px\" \/><\/p>\n<p>&nbsp;<\/p>\n<p><span style=\"text-decoration: underline;\"><span style=\"font-size: 14pt;\">AP\u00d3S A PARTIDA GABRIEL <b>BRAZ\u00c3O<\/b> INCONFORMADO\u00a0APONTA CULPADOS E EXP\u00d5E ERROS GRAVES NO EMPATE ENTRE\u00a0<b>SANTOS<\/b>\u00a0E\u00a0<b>GUARANI\u00a0<\/b><\/span><\/span><\/p>\n<audio class=\"wp-audio-shortcode\" id=\"audio-7706-1\" preload=\"none\" style=\"width: 100%;\" controls=\"controls\"><source type=\"audio\/mpeg\" src=\"https:\/\/sergiobertoldi.com\/wp-content\/uploads\/2026\/01\/TENHO-QUE-PENSAR-NAS-PALAVRAS-PRA-NAO-FALAR-BOBAGEM-BRAZAO-E-DURO-DEPOIS-DO-EMPATE-DO-SANTOS.mp3?_=1\" \/><a href=\"https:\/\/sergiobertoldi.com\/wp-content\/uploads\/2026\/01\/TENHO-QUE-PENSAR-NAS-PALAVRAS-PRA-NAO-FALAR-BOBAGEM-BRAZAO-E-DURO-DEPOIS-DO-EMPATE-DO-SANTOS.mp3\">https:\/\/sergiobertoldi.com\/wp-content\/uploads\/2026\/01\/TENHO-QUE-PENSAR-NAS-PALAVRAS-PRA-NAO-FALAR-BOBAGEM-BRAZAO-E-DURO-DEPOIS-DO-EMPATE-DO-SANTOS.mp3<\/a><\/audio>\n<p><span style=\"font-size: 14pt;\"><strong><u>Acompanhe a Coletiva do T\u00e9cnico Juan Pablo Vojvoda <\/u><\/strong><\/span><\/p>\n<div class=\"jetpack-video-wrapper\"><iframe loading=\"lazy\" title=\"JUAN PABLO VOJVODA | COLETIVA (18\/01\/26)\" width=\"800\" height=\"450\" src=\"https:\/\/www.youtube.com\/embed\/S2SN-gxEJSg?feature=oembed\" frameborder=\"0\" allow=\"accelerometer; autoplay; clipboard-write; encrypted-media; gyroscope; picture-in-picture; web-share\" referrerpolicy=\"strict-origin-when-cross-origin\" allowfullscreen><\/iframe><\/div>\n<p><span style=\"font-size: 14pt;\">(Cr\u00e9dito: Imagem: Raul Baretta\/Santos FC)<\/span><br \/>\n<span style=\"font-size: 14pt;\">(Cr\u00e9dito: Imagem: SantosTV\/Divulga\u00e7\u00e3o\/Santos FC)<\/span><\/p>\n<p><span style=\"font-size: 14pt;\">Falamos das coisas do Santos, sempre com a parceria e o apoio dos nossos anunciantes!<\/span><\/p>\n","protected":false},"excerpt":{"rendered":"<p>\u00a0Al\u00f4 Na\u00e7\u00e3o Santista! Sauda\u00e7\u00f5es Alvinegras! Jogando em Campinas no Est\u00e1dio Brinco de Ouro, o Santos que vencia os donos da<\/p>\n","protected":false},"author":2,"featured_media":7710,"comment_status":"open","ping_status":"open","sticky":false,"template":"","format":"standard","meta":{"colormag_page_container_layout":"default_layout","colormag_page_sidebar_layout":"default_layout","_jetpack_memberships_contains_paid_content":false,"footnotes":""},"categories":[12,25,10,16],"tags":[6],"class_list":["post-7706","post","type-post","status-publish","format-standard","has-post-thumbnail","hentry","category-analise-e-comentario","category-campeonato-paulista","category-elenco-profissional","category-resenha-do-jogo","tag-santos-fc"],"jetpack_featured_media_url":"https:\/\/i0.wp.com\/sergiobertoldi.com\/wp-content\/uploads\/2026\/01\/55048927761_4fab77765b_z.jpg?fit=512%2C640&ssl=1","jetpack_likes_enabled":true,"jetpack_sharing_enabled":true,"_links":{"self":[{"href":"https:\/\/sergiobertoldi.com\/index.php\/wp-json\/wp\/v2\/posts\/7706","targetHints":{"allow":["GET"]}}],"collection":[{"href":"https:\/\/sergiobertoldi.com\/index.php\/wp-json\/wp\/v2\/posts"}],"about":[{"href":"https:\/\/sergiobertoldi.com\/index.php\/wp-json\/wp\/v2\/types\/post"}],"author":[{"embeddable":true,"href":"https:\/\/sergiobertoldi.com\/index.php\/wp-json\/wp\/v2\/users\/2"}],"replies":[{"embeddable":true,"href":"https:\/\/sergiobertoldi.com\/index.php\/wp-json\/wp\/v2\/comments?post=7706"}],"version-history":[{"count":1,"href":"https:\/\/sergiobertoldi.com\/index.php\/wp-json\/wp\/v2\/posts\/7706\/revisions"}],"predecessor-version":[{"id":7711,"href":"https:\/\/sergiobertoldi.com\/index.php\/wp-json\/wp\/v2\/posts\/7706\/revisions\/7711"}],"wp:featuredmedia":[{"embeddable":true,"href":"https:\/\/sergiobertoldi.com\/index.php\/wp-json\/wp\/v2\/media\/7710"}],"wp:attachment":[{"href":"https:\/\/sergiobertoldi.com\/index.php\/wp-json\/wp\/v2\/media?parent=7706"}],"wp:term":[{"taxonomy":"category","embeddable":true,"href":"https:\/\/sergiobertoldi.com\/index.php\/wp-json\/wp\/v2\/categories?post=7706"},{"taxonomy":"post_tag","embeddable":true,"href":"https:\/\/sergiobertoldi.com\/index.php\/wp-json\/wp\/v2\/tags?post=7706"}],"curies":[{"name":"wp","href":"https:\/\/api.w.org\/{rel}","templated":true}]}}