{"id":770,"date":"2019-11-27T12:45:04","date_gmt":"2019-11-27T15:45:04","guid":{"rendered":"http:\/\/sergiobertoldi.com\/?p=770"},"modified":"2019-11-27T13:49:10","modified_gmt":"2019-11-27T16:49:10","slug":"com-receitas-reduzidas-conselho-do-santos-aprova-orcamento-para-2020","status":"publish","type":"post","link":"https:\/\/sergiobertoldi.com\/index.php\/2019\/11\/27\/com-receitas-reduzidas-conselho-do-santos-aprova-orcamento-para-2020\/","title":{"rendered":"Com receitas reduzidas Conselho do Santos aprova or\u00e7amento para 2020"},"content":{"rendered":"\n<p><strong><span style=\"text-decoration: underline;\">Al\u00f4 Na\u00e7\u00e3o Santista! Sauda\u00e7\u00f5es Alvinegras!<\/span><\/strong><\/p>\n\n\n\n<p>Embora n\u00e3o tenha conquistado nenhum dos quatro t\u00edtulos que\ndisputou na temporada 2019 (Paulist\u00e3o, Copa Sul-americana, Copa do Brasil e\nBrasileir\u00e3o), a conquista de uma vaga para a Ta\u00e7a libertadores do ano que vem,\ne a possibilidade de ainda conquistar o vice-campeonato Brasileiro, fazem desse\nfinal de 2019, um ano bem mais positivo do que se desenha ser o ano de 2020! <\/p>\n\n\n\n<p>A perspectiva deixada ao final da noite de ontem, j\u00e1 adentrando a madrugada dessa quarta-feira, \u00e9 bastante sombria e preocupante!<br>Na noite de ontem ter\u00e7a-feira (26), o Conselho Deliberativo do Santos esteve reunido para tratar de assuntos importantes, dos quais a aprova\u00e7\u00e3o da previs\u00e3o or\u00e7ament\u00e1ria para o ano de 2020.<\/p>\n\n\n\n<p>Acatando recomenda\u00e7\u00f5es do Conselho Fiscal que rejeitou uma proposta inicial da diretoria executiva, que queria que fosse aprovado um or\u00e7amento de R$ 351 milh\u00f5es, com R$ 171 milh\u00f5es oriundos da poss\u00edvel venda de jogadores, os Conselheiros do Santos aprovaram a proposta or\u00e7ament\u00e1ria para a pr\u00f3xima temporada em R$ 249 milh\u00f5es. <br>Para chegar a essa soma, o Conselho Deliberativo seguiu a sugest\u00e3o do Conselho fiscal, para que fosse utilizada a m\u00e9dia dos \u00faltimos dez anos das receitas extraordin\u00e1rias, que foi de R$ 69 milh\u00f5es. <\/p>\n\n\n\n<p><strong><span style=\"text-decoration: underline;\">Desta maneira a proposta foi aprovada nos seguintes termos:<\/span><\/strong><\/p>\n\n\n\n<ul class=\"wp-block-list\"><li>R$ 249 milh\u00f5es em receitas, uma redu\u00e7\u00e3o de R$ 62\nmilh\u00f5es em rela\u00e7\u00e3o \u00e0 \u00faltima proposta sugerida pelo Comit\u00ea de Gest\u00e3o;<\/li><li>R$ 69 milh\u00f5es (m\u00e9dia das \u00faltimas temporadas) em\nvendas de jogadores;<\/li><li>O objetivo de que o clube tenha um super\u00e1vit de\nR$ 35 milh\u00f5es no fim de 2020.<\/li><\/ul>\n\n\n\n<p>Com a aus\u00eancia do presidente Jos\u00e9 Carlos Peres que n\u00e3o compareceu \u00e0 reuni\u00e3o, a defesa do or\u00e7amento foi feita pelo conselheiro Pedro Doria, membro do grupo Gestor, que sugeriu uma redu\u00e7\u00e3o de 25% dos gastos com o futebol, o que n\u00e3o foi aceito pelos demais conselheiros.<br>Portanto uma redu\u00e7\u00e3o de 28% nas despesas para 2020 foi o que foi aprovada pelos conselheiros.<\/p>\n\n\n\n<p>Outro item da pauta foi a apresenta\u00e7\u00e3o do parecer da\nComiss\u00e3o Tempor\u00e1ria sobre os trabalhos da secretaria social do clube. O\nrelat\u00f3rio questionou o cadastro do quadro de associados, entre outros assuntos.\nFoi sugerida a contrata\u00e7\u00e3o de uma auditoria para fiscalizar o cadastro.<\/p>\n\n\n\n<p>A proposta or\u00e7ament\u00e1ria aprovada para a pr\u00f3xima temporada em R$ 249 milh\u00f5es, nos tr\u00e1s a dimens\u00e3o das dificuldades e aperto financeiro, pelo qual o clube vi passar em, 2020.<br>Se antes dos n\u00fameros apresentados nesta reuni\u00e3o do Conselho, muitos j\u00e1 estavam c\u00e9ticos em rela\u00e7\u00e3o a uma poss\u00edvel perman\u00eancia to t\u00e9cnico Jorge Sampaoli, acho que agora a certeza de que sua perman\u00eancia tornou-se quase imposs\u00edvel, ficou clara como \u00e1gua! \u00a0<\/p>\n\n\n\n<p>Com um or\u00e7amento apertado como esse, agora mais do que nunca os R$ 33 Milh\u00f5es pagos como premia\u00e7\u00e3o ao vice-campe\u00e3o Brasileiro, cairiam como uma luva e na hora certa!<\/p>\n","protected":false},"excerpt":{"rendered":"<p>Al\u00f4 Na\u00e7\u00e3o Santista! Sauda\u00e7\u00f5es Alvinegras! Embora n\u00e3o tenha conquistado nenhum dos quatro t\u00edtulos que disputou na temporada 2019 (Paulist\u00e3o, Copa<\/p>\n","protected":false},"author":2,"featured_media":0,"comment_status":"open","ping_status":"open","sticky":false,"template":"","format":"standard","meta":{"colormag_page_container_layout":"default_layout","colormag_page_sidebar_layout":"default_layout","_jetpack_memberships_contains_paid_content":false,"footnotes":""},"categories":[12,4,18,14],"tags":[6],"class_list":["post-770","post","type-post","status-publish","format-standard","hentry","category-analise-e-comentario","category-bastidores-do-santos-fc","category-conselho-deliberativo","category-gestao-e-negocios","tag-santos-fc"],"jetpack_featured_media_url":"","jetpack_likes_enabled":true,"jetpack_sharing_enabled":true,"_links":{"self":[{"href":"https:\/\/sergiobertoldi.com\/index.php\/wp-json\/wp\/v2\/posts\/770","targetHints":{"allow":["GET"]}}],"collection":[{"href":"https:\/\/sergiobertoldi.com\/index.php\/wp-json\/wp\/v2\/posts"}],"about":[{"href":"https:\/\/sergiobertoldi.com\/index.php\/wp-json\/wp\/v2\/types\/post"}],"author":[{"embeddable":true,"href":"https:\/\/sergiobertoldi.com\/index.php\/wp-json\/wp\/v2\/users\/2"}],"replies":[{"embeddable":true,"href":"https:\/\/sergiobertoldi.com\/index.php\/wp-json\/wp\/v2\/comments?post=770"}],"version-history":[{"count":2,"href":"https:\/\/sergiobertoldi.com\/index.php\/wp-json\/wp\/v2\/posts\/770\/revisions"}],"predecessor-version":[{"id":774,"href":"https:\/\/sergiobertoldi.com\/index.php\/wp-json\/wp\/v2\/posts\/770\/revisions\/774"}],"wp:attachment":[{"href":"https:\/\/sergiobertoldi.com\/index.php\/wp-json\/wp\/v2\/media?parent=770"}],"wp:term":[{"taxonomy":"category","embeddable":true,"href":"https:\/\/sergiobertoldi.com\/index.php\/wp-json\/wp\/v2\/categories?post=770"},{"taxonomy":"post_tag","embeddable":true,"href":"https:\/\/sergiobertoldi.com\/index.php\/wp-json\/wp\/v2\/tags?post=770"}],"curies":[{"name":"wp","href":"https:\/\/api.w.org\/{rel}","templated":true}]}}