{"id":7681,"date":"2026-01-16T14:00:20","date_gmt":"2026-01-16T17:00:20","guid":{"rendered":"https:\/\/sergiobertoldi.com\/?p=7681"},"modified":"2026-01-18T23:57:33","modified_gmt":"2026-01-19T02:57:33","slug":"apresentado-no-santos-gabriel-menino-revela-sua-ansiedade-em-jogar-ao-lado-de-neymar-e-declara-vir-da-infancia-seu-amor-pelo-santos","status":"publish","type":"post","link":"https:\/\/sergiobertoldi.com\/index.php\/2026\/01\/16\/apresentado-no-santos-gabriel-menino-revela-sua-ansiedade-em-jogar-ao-lado-de-neymar-e-declara-vir-da-infancia-seu-amor-pelo-santos\/","title":{"rendered":"Apresentado no Santos Gabriel Menino revela sua ansiedade em jogar ao lado de Neymar e declara vir da inf\u00e2ncia seu amor pelo Santos"},"content":{"rendered":"<p><span style=\"font-size: 14pt;\"><strong><u>Al\u00f4 Na\u00e7\u00e3o Santista! Sauda\u00e7\u00f5es Alvinegras!<\/u><\/strong><\/span><\/p>\n<p style=\"text-align: justify;\"><span style=\"font-family: tahoma, arial, helvetica, sans-serif; font-size: 14pt;\">O Santos Futebol Clube apresentou oficialmente nesta <strong>sexta-feira, <\/strong>(<strong>16<\/strong>), \u00e0s 13h00, na sala de imprensa da Vila Belmiro, o Volante <strong>Gabriel Menino<\/strong>, jogador que chega para dar mais combate e qualidade t\u00e9cnica ao meio de campo do Peixe.<\/span><\/p>\n<p><img data-recalc-dims=\"1\" loading=\"lazy\" decoding=\"async\" class=\"aligncenter wp-image-7685 size-full\" src=\"https:\/\/i0.wp.com\/sergiobertoldi.com\/wp-content\/uploads\/2026\/01\/55044802438_ea35c17f3c_e.jpg?resize=500%2C400&#038;ssl=1\" alt=\"\" width=\"500\" height=\"400\" srcset=\"https:\/\/i0.wp.com\/sergiobertoldi.com\/wp-content\/uploads\/2026\/01\/55044802438_ea35c17f3c_e.jpg?w=500&amp;ssl=1 500w, https:\/\/i0.wp.com\/sergiobertoldi.com\/wp-content\/uploads\/2026\/01\/55044802438_ea35c17f3c_e.jpg?resize=300%2C240&amp;ssl=1 300w\" sizes=\"auto, (max-width: 500px) 100vw, 500px\" \/><\/p>\n<p style=\"text-align: justify;\"><span style=\"font-family: tahoma, arial, helvetica, sans-serif; font-size: 14pt;\">O novo refor\u00e7o do Alvinegro Praiano, jogador de 25 anos que foi cedido ao Peixe pelo Atl\u00e9tico-MG at\u00e9 o final da temporada, Gabriel Menino esteve na Sala de Imprensa da Vila Belmiro, onde ao lado de um dos volantes mais ra\u00e7udos da hist\u00f3ria do Santos Futebol Clube, o ex-volante <strong>Alison<\/strong>, que recentemente anunciou sua aposentadoria,<strong> Menino<\/strong> foi oficialmente apresentado e concedeu sua primeira entrevista como jogador do Alvinegro Praiano!<\/span><\/p>\n<p style=\"text-align: justify;\"><img data-recalc-dims=\"1\" loading=\"lazy\" decoding=\"async\" class=\"alignnone wp-image-7688\" src=\"https:\/\/i0.wp.com\/sergiobertoldi.com\/wp-content\/uploads\/2026\/01\/55044802528_df1fe37a11_e.jpg?resize=300%2C375&#038;ssl=1\" alt=\"\" width=\"300\" height=\"375\" srcset=\"https:\/\/i0.wp.com\/sergiobertoldi.com\/wp-content\/uploads\/2026\/01\/55044802528_df1fe37a11_e.jpg?resize=240%2C300&amp;ssl=1 240w, https:\/\/i0.wp.com\/sergiobertoldi.com\/wp-content\/uploads\/2026\/01\/55044802528_df1fe37a11_e.jpg?w=400&amp;ssl=1 400w\" sizes=\"auto, (max-width: 300px) 100vw, 300px\" \/> <img data-recalc-dims=\"1\" loading=\"lazy\" decoding=\"async\" class=\"alignnone wp-image-7686\" src=\"https:\/\/i0.wp.com\/sergiobertoldi.com\/wp-content\/uploads\/2026\/01\/55044884819_6e36076156_z-1.jpg?resize=375%2C300&#038;ssl=1\" alt=\"\" width=\"375\" height=\"300\" srcset=\"https:\/\/i0.wp.com\/sergiobertoldi.com\/wp-content\/uploads\/2026\/01\/55044884819_6e36076156_z-1.jpg?resize=300%2C240&amp;ssl=1 300w, https:\/\/i0.wp.com\/sergiobertoldi.com\/wp-content\/uploads\/2026\/01\/55044884819_6e36076156_z-1.jpg?w=640&amp;ssl=1 640w\" sizes=\"auto, (max-width: 375px) 100vw, 375px\" \/><br \/>\n<span style=\"font-family: tahoma, arial, helvetica, sans-serif; font-size: 14pt;\">Com a presen\u00e7a de Jornalistas da imprensa esportiva, o Volante<strong>\u00a0<\/strong>recebeu <strong>como presente de <\/strong><strong>\u201cBoas Vindas\u201d,\u00a0<\/strong>a camisa <strong>25<\/strong> com o seu nome e em alus\u00e3o a sua idade.<\/span><\/p>\n<p><img data-recalc-dims=\"1\" loading=\"lazy\" decoding=\"async\" class=\"alignnone wp-image-7691\" src=\"https:\/\/i0.wp.com\/sergiobertoldi.com\/wp-content\/uploads\/2026\/01\/55044884369_a77cd25d77_e.jpg?resize=360%2C450&#038;ssl=1\" alt=\"\" width=\"360\" height=\"450\" srcset=\"https:\/\/i0.wp.com\/sergiobertoldi.com\/wp-content\/uploads\/2026\/01\/55044884369_a77cd25d77_e.jpg?resize=240%2C300&amp;ssl=1 240w, https:\/\/i0.wp.com\/sergiobertoldi.com\/wp-content\/uploads\/2026\/01\/55044884369_a77cd25d77_e.jpg?w=400&amp;ssl=1 400w\" sizes=\"auto, (max-width: 360px) 100vw, 360px\" \/>\u00a0 <img data-recalc-dims=\"1\" loading=\"lazy\" decoding=\"async\" class=\"alignnone wp-image-7692\" src=\"https:\/\/i0.wp.com\/sergiobertoldi.com\/wp-content\/uploads\/2026\/01\/55043726132_dc0f9511d7_e.jpg?resize=365%2C292&#038;ssl=1\" alt=\"\" width=\"365\" height=\"292\" srcset=\"https:\/\/i0.wp.com\/sergiobertoldi.com\/wp-content\/uploads\/2026\/01\/55043726132_dc0f9511d7_e.jpg?resize=300%2C240&amp;ssl=1 300w, https:\/\/i0.wp.com\/sergiobertoldi.com\/wp-content\/uploads\/2026\/01\/55043726132_dc0f9511d7_e.jpg?w=500&amp;ssl=1 500w\" sizes=\"auto, (max-width: 365px) 100vw, 365px\" \/><\/p>\n<p><span style=\"font-size: 14pt;\"><strong><u>Dados do jogador<\/u><\/strong><\/span><\/p>\n<p style=\"text-align: justify;\"><span style=\"font-size: 14pt;\"><strong>Nome completo:<\/strong><\/span>\u00a0<span style=\"font-family: tahoma, arial, helvetica, sans-serif; font-size: 14pt;\">Gabriel Vinicius Menino<\/span><br \/>\n<span style=\"font-size: 14pt;\"><strong>Local de nascimento:<\/strong><\/span> <span style=\"font-family: tahoma, arial, helvetica, sans-serif; font-size: 14pt;\">Morungaba (SP)<\/span><br \/>\n<span style=\"font-size: 14pt;\"><strong>Data de nascimento:<\/strong><\/span> <span style=\"font-family: tahoma, arial, helvetica, sans-serif; font-size: 14pt;\">29 de setembro de 2000<\/span><br \/>\n<span style=\"font-size: 14pt;\"><strong>Idade atual:<\/strong> <\/span><span style=\"font-family: tahoma, arial, helvetica, sans-serif; font-size: 14pt;\">25 anos (em 2025)<\/span><br \/>\n<span style=\"font-size: 14pt;\"><strong>Altura:<\/strong><\/span> <span style=\"font-family: tahoma, arial, helvetica, sans-serif; font-size: 14pt;\">1,82 m<\/span><br \/>\n<span style=\"font-size: 14pt;\"><strong>Peso:<\/strong><\/span><span style=\"font-family: tahoma, arial, helvetica, sans-serif; font-size: 14pt;\"> 69 kg<\/span><br \/>\n<span style=\"font-size: 14pt;\"><strong>P\u00e9:<\/strong><\/span> <span style=\"font-family: tahoma, arial, helvetica, sans-serif; font-size: 14pt;\">destro<\/span><br \/>\n<span style=\"font-size: 14pt;\"><strong>Tempo de contrato com o Santos:<\/strong><\/span> <span style=\"font-family: tahoma, arial, helvetica, sans-serif; font-size: 14pt;\">at\u00e9 31 de dezembro de 2026 (com op\u00e7\u00e3o de compra)<\/span><\/p>\n<p><span style=\"font-size: 14pt;\"><strong><u>Hist\u00f3rico de carreira<\/u><\/strong><\/span><\/p>\n<ul>\n<li style=\"text-align: justify;\"><span style=\"font-family: tahoma, arial, helvetica, sans-serif; font-size: 14pt;\">Menino come\u00e7ou nas categorias de base do Guarani, em 2014\/2015 (sub-15\/sub-17), transferindo-se para o Palmeiras em 2017 (sub-17), onde subiu aos profissionais em 2020. Passou pelo Atl\u00e9tico-MG em 2025 e agora est\u00e1 barato ao Santos at\u00e9 31\/12\/2026.<\/span><\/li>\n<\/ul>\n<p><span style=\"font-size: 14pt;\"><strong><u>T\u00edtulos conquistados<\/u><\/strong><\/span><\/p>\n<p><img data-recalc-dims=\"1\" loading=\"lazy\" decoding=\"async\" class=\"alignnone wp-image-7682 size-full\" src=\"https:\/\/i0.wp.com\/sergiobertoldi.com\/wp-content\/uploads\/2026\/01\/Captura-de-tela-2026-01-17-000111.png?resize=380%2C528&#038;ssl=1\" alt=\"\" width=\"380\" height=\"528\" srcset=\"https:\/\/i0.wp.com\/sergiobertoldi.com\/wp-content\/uploads\/2026\/01\/Captura-de-tela-2026-01-17-000111.png?w=380&amp;ssl=1 380w, https:\/\/i0.wp.com\/sergiobertoldi.com\/wp-content\/uploads\/2026\/01\/Captura-de-tela-2026-01-17-000111.png?resize=216%2C300&amp;ssl=1 216w\" sizes=\"auto, (max-width: 380px) 100vw, 380px\" \/><\/p>\n<p><span style=\"font-size: 14pt;\"><strong><u>Estat\u00edsticas da carreira<\/u><\/strong><\/span><\/p>\n<p><span style=\"font-family: tahoma, arial, helvetica, sans-serif; font-size: 14pt;\">Pelo Palmeiras ao todo, conquistou dez t\u00edtulos, disputou 245 partidas e marcou 18 gols<\/span><\/p>\n<p><span style=\"font-size: 14pt;\"><strong><u>Perfil t\u00e1tico e caracter\u00edsticas<\/u><\/strong><\/span><\/p>\n<p style=\"text-align: justify;\"><span style=\"font-family: tahoma, arial, helvetica, sans-serif; font-size: 14pt;\">Atua preferencialmente como volante (meio-campista central), podendo jogar como lateral-direito. Destaca-se por caracter\u00edsticas, chutes de fora da \u00e1rea, gols em finais<\/span><\/p>\n<p><span style=\"font-size: 14pt;\"><strong><u>Principais caracter\u00edsticas:<\/u><\/strong><\/span><\/p>\n<p style=\"text-align: justify;\"><span style=\"font-family: tahoma, arial, helvetica, sans-serif; font-size: 14pt;\">Gabriel Menino \u00e9 um volante vers\u00e1til, conhecido por sua polival\u00eancia no meio-campo e capacidade de adapta\u00e7\u00e3o a m\u00faltiplas posi\u00e7\u00f5es. Suas principais caracter\u00edsticas incluem intensidade defensiva, boa vis\u00e3o de jogo e dinamismo em campo.<\/span><br \/>\n<span style=\"font-family: tahoma, arial, helvetica, sans-serif; font-size: 14pt;\">Menino se destaca pela qualidade no passe curto e circula\u00e7\u00e3o de bola, al\u00e9m de potente chute de longa dist\u00e2ncia e ambidestria. \u00c9 articulado, com bom drible e velocidade para quebrar linhas defensivas.<\/span><\/p>\n<p><span style=\"font-size: 14pt;\"><strong><u>Declara\u00e7\u00f5es do novo Volante do Peixe que chamaram a aten\u00e7\u00e3o durante a coletiva de apresenta\u00e7\u00e3o<\/u><\/strong><\/span><\/p>\n<blockquote><p><span style=\"font-size: 14pt;\">Meu pai \u00e9 muito santista mesmo. Eu peguei essa paix\u00e3o pelo Santos desde pequeno. Peguei \u00e9poca do Neymar, fazia tudo que o Neymar fazia. O cabelo, chuteira. Tentava imitar de tudo que \u00e9 jeito. Peguei essa paix\u00e3o da \u00e9poca. Participei de carreata com meu pai, soltava roj\u00e3o na rua para o Santos. Quando tive a oportunidade de vir veio um monte de emo\u00e7\u00e3o. Fico emocionado porque sei o peso que ela carrega, a import\u00e2ncia que tem de vestir essa camisa. \u00c9 muito gratificante. Desde crian\u00e7a tenho esse desejo e sonho de jogar no time do meu cora\u00e7\u00e3o e do meu pai.<\/span><\/p><\/blockquote>\n<p><span style=\"text-decoration: underline;\"><strong><span style=\"font-size: 14pt;\">Gabriel Menino fala sobre a expectativa de jogar ao lado do \u00eddolo Neymar<\/span><\/strong><\/span><\/p>\n<blockquote><p><span style=\"font-size: 14pt;\">Dif\u00edcil at\u00e9 imaginar. \u00c9 o melhor jogador que vi jogar. N\u00e3o pude treinar ainda com ele porque est\u00e1 no DM ainda se recuperando. Mas penso em comemorar gol com ele, dar assist\u00eancia, ganhar t\u00edtulos com ele. Estar do lado dele vestindo essa camisa, que eu sei que \u00e9 o time dele de cora\u00e7\u00e3o e o meu tamb\u00e9m. Ser\u00e1 especial. Meu pai fala que eu tenho a cara do Santos. Quero fazer isso valer a pena e deixar uma hist\u00f3ria aqui dentro.<\/span><\/p><\/blockquote>\n<p><span style=\"font-size: 14pt;\"><strong><u>Acompanhe a Coletiva de apresenta\u00e7\u00e3o do Volante Gabriel Menino<\/u><\/strong><\/span><\/p>\n<p><iframe loading=\"lazy\" title=\"GABRIEL MENINO | APRESENTA\u00c7\u00c3O (16\/01\/26)\" width=\"800\" height=\"450\" src=\"https:\/\/www.youtube.com\/embed\/g-UWaDAi0B0?feature=oembed\" frameborder=\"0\" allow=\"accelerometer; autoplay; clipboard-write; encrypted-media; gyroscope; picture-in-picture; web-share\" referrerpolicy=\"strict-origin-when-cross-origin\" allowfullscreen><\/iframe><\/p>\n<p><span style=\"font-size: 14pt;\">(Cr\u00e9dito: Imagem: Raul Baretta\/Santos FC)<\/span><br \/>\n<span style=\"font-size: 14pt;\">(Cr\u00e9dito: Imagem: SantosTV\/Divulga\u00e7\u00e3o\/Santos FC)<\/span><\/p>\n<p><span style=\"font-size: 14pt;\">Falamos das coisas do Santos, sempre com a parceria e o apoio dos nossos anunciantes!<\/span><\/p>\n<p>&nbsp;<\/p>\n<div id=\"gtx-trans\" style=\"position: absolute; left: 844px; top: 3626px;\">\n<div class=\"gtx-trans-icon\"><\/div>\n<\/div>\n","protected":false},"excerpt":{"rendered":"<p>Al\u00f4 Na\u00e7\u00e3o Santista! Sauda\u00e7\u00f5es Alvinegras! O Santos Futebol Clube apresentou oficialmente nesta sexta-feira, (16), \u00e0s 13h00, na sala de imprensa<\/p>\n","protected":false},"author":2,"featured_media":7683,"comment_status":"open","ping_status":"open","sticky":false,"template":"","format":"standard","meta":{"colormag_page_container_layout":"default_layout","colormag_page_sidebar_layout":"default_layout","_jetpack_memberships_contains_paid_content":false,"footnotes":""},"categories":[68,4],"tags":[6],"class_list":["post-7681","post","type-post","status-publish","format-standard","has-post-thumbnail","hentry","category-apresentacao-oficial","category-bastidores-do-santos-fc","tag-santos-fc"],"jetpack_featured_media_url":"https:\/\/i0.wp.com\/sergiobertoldi.com\/wp-content\/uploads\/2026\/01\/55044884819_6e36076156_z.jpg?fit=640%2C512&ssl=1","jetpack_likes_enabled":true,"jetpack_sharing_enabled":true,"_links":{"self":[{"href":"https:\/\/sergiobertoldi.com\/index.php\/wp-json\/wp\/v2\/posts\/7681","targetHints":{"allow":["GET"]}}],"collection":[{"href":"https:\/\/sergiobertoldi.com\/index.php\/wp-json\/wp\/v2\/posts"}],"about":[{"href":"https:\/\/sergiobertoldi.com\/index.php\/wp-json\/wp\/v2\/types\/post"}],"author":[{"embeddable":true,"href":"https:\/\/sergiobertoldi.com\/index.php\/wp-json\/wp\/v2\/users\/2"}],"replies":[{"embeddable":true,"href":"https:\/\/sergiobertoldi.com\/index.php\/wp-json\/wp\/v2\/comments?post=7681"}],"version-history":[{"count":8,"href":"https:\/\/sergiobertoldi.com\/index.php\/wp-json\/wp\/v2\/posts\/7681\/revisions"}],"predecessor-version":[{"id":7696,"href":"https:\/\/sergiobertoldi.com\/index.php\/wp-json\/wp\/v2\/posts\/7681\/revisions\/7696"}],"wp:featuredmedia":[{"embeddable":true,"href":"https:\/\/sergiobertoldi.com\/index.php\/wp-json\/wp\/v2\/media\/7683"}],"wp:attachment":[{"href":"https:\/\/sergiobertoldi.com\/index.php\/wp-json\/wp\/v2\/media?parent=7681"}],"wp:term":[{"taxonomy":"category","embeddable":true,"href":"https:\/\/sergiobertoldi.com\/index.php\/wp-json\/wp\/v2\/categories?post=7681"},{"taxonomy":"post_tag","embeddable":true,"href":"https:\/\/sergiobertoldi.com\/index.php\/wp-json\/wp\/v2\/tags?post=7681"}],"curies":[{"name":"wp","href":"https:\/\/api.w.org\/{rel}","templated":true}]}}