{"id":7672,"date":"2026-01-14T08:56:39","date_gmt":"2026-01-14T11:56:39","guid":{"rendered":"https:\/\/sergiobertoldi.com\/?p=7672"},"modified":"2026-01-18T09:54:30","modified_gmt":"2026-01-18T12:54:30","slug":"santos-acerta-junto-ao-atletico-mineiro-o-emprestimo-do-volante-gabriel-menino-ate-dezembro-de-2026","status":"publish","type":"post","link":"https:\/\/sergiobertoldi.com\/index.php\/2026\/01\/14\/santos-acerta-junto-ao-atletico-mineiro-o-emprestimo-do-volante-gabriel-menino-ate-dezembro-de-2026\/","title":{"rendered":"Santos acerta junto ao Atl\u00e9tico Mineiro o empr\u00e9stimo do volante Gabriel Menino at\u00e9 dezembro de 2026"},"content":{"rendered":"<p><span style=\"font-family: helvetica, arial, sans-serif; font-size: 14pt;\"><strong><u>Al\u00f4 Na\u00e7\u00e3o Santista! Sauda\u00e7\u00f5es Alvinegras!<\/u><\/strong><\/span><\/p>\n<p style=\"text-align: justify;\"><span style=\"font-family: tahoma, arial, helvetica, sans-serif; font-size: 14pt;\">O Santos anunciou nesta quarta-feira (14), a aquisi\u00e7\u00e3o, por meio de um empr\u00e9stimo de um ano, do volante <strong>Gabriel Menino<\/strong>, jogador do Atl\u00e9tico-MG.<br \/>\n<\/span><span style=\"font-family: tahoma, arial, helvetica, sans-serif; font-size: 14pt;\">O contrato de empr\u00e9stimo vai at\u00e9 31 de dezembro deste ano e inclui uma cl\u00e1usula que possibilita ao Alvinegro Praiano, a aquisi\u00e7\u00e3o em definitivo do atleta ao final do empr\u00e9stimo.<\/span><\/p>\n<p style=\"text-align: justify;\"><span style=\"font-family: tahoma, arial, helvetica, sans-serif; font-size: 14pt;\">O meio-campista de 25 anos chega para substituir <strong>Victor Hugo<\/strong>, que estava emprestado ao Santos pelo Flamengo! <\/span><span style=\"font-family: tahoma, arial, helvetica, sans-serif; font-size: 14pt;\">Adquirido pelo Galo junto ao Flamengo, Vitor Hugo j\u00e1 se despediu dos companheiros do peixe e rumou para Belo Horizonte! E de Belo Horizonte, para facilitar a transa\u00e7\u00e3o o galo Mineiro, cedeu Menino por esta temporada.<\/span><\/p>\n<p style=\"text-align: justify;\"><span style=\"font-family: tahoma, arial, helvetica, sans-serif; font-size: 14pt;\">Menino atua principalmente como volante, mas tamb\u00e9m j\u00e1 exerceu outras fun\u00e7\u00f5es ao longo da carreira, como um meio-campista aberto pelos lados e at\u00e9 mesmo como lateral.<\/span><\/p>\n<p style=\"text-align: justify;\"><span style=\"font-family: tahoma, arial, helvetica, sans-serif; font-size: 14pt;\">A mais recente contrata\u00e7\u00e3o do Santos para esta temporada, Gabriel Menino deve ser uma op\u00e7\u00e3o para Juan Pablo Vojvoda no confronto contra o Palmeiras, na segunda rodada do Paulist\u00e3o.<br \/>\n<\/span><span style=\"font-family: tahoma, arial, helvetica, sans-serif; font-size: 14pt;\">O jogador que j\u00e1 se encontra em Santos, realizou exames m\u00e9dicos!<\/span><\/p>\n<p style=\"text-align: justify;\"><span style=\"font-family: tahoma, arial, helvetica, sans-serif; font-size: 14pt;\">O meio-campista marcou presen\u00e7a na Vila Belmiro no s\u00e1bado quando assistiu de um dos camarotes do est\u00e1dio, \u00e0 vit\u00f3ria do Peixe por 2 a 1 contra o Novorizontino, na estreia de seu novo time no Paulist\u00e3o, Al\u00e9m disso, ele esteve no vesti\u00e1rio com os outros jogadores.<\/span><\/p>\n<p style=\"text-align: justify;\"><img data-recalc-dims=\"1\" loading=\"lazy\" decoding=\"async\" class=\"alignnone wp-image-7673\" src=\"https:\/\/i0.wp.com\/sergiobertoldi.com\/wp-content\/uploads\/2026\/01\/522132328-xiudn2iuzbevhhfjau3bcf5ka4.webp?resize=375%2C197&#038;ssl=1\" alt=\"\" width=\"375\" height=\"197\" srcset=\"https:\/\/i0.wp.com\/sergiobertoldi.com\/wp-content\/uploads\/2026\/01\/522132328-xiudn2iuzbevhhfjau3bcf5ka4.webp?resize=300%2C158&amp;ssl=1 300w, https:\/\/i0.wp.com\/sergiobertoldi.com\/wp-content\/uploads\/2026\/01\/522132328-xiudn2iuzbevhhfjau3bcf5ka4.webp?resize=1024%2C538&amp;ssl=1 1024w, https:\/\/i0.wp.com\/sergiobertoldi.com\/wp-content\/uploads\/2026\/01\/522132328-xiudn2iuzbevhhfjau3bcf5ka4.webp?resize=768%2C403&amp;ssl=1 768w, https:\/\/i0.wp.com\/sergiobertoldi.com\/wp-content\/uploads\/2026\/01\/522132328-xiudn2iuzbevhhfjau3bcf5ka4.webp?resize=390%2C205&amp;ssl=1 390w, https:\/\/i0.wp.com\/sergiobertoldi.com\/wp-content\/uploads\/2026\/01\/522132328-xiudn2iuzbevhhfjau3bcf5ka4.webp?w=1200&amp;ssl=1 1200w\" sizes=\"auto, (max-width: 375px) 100vw, 375px\" \/> <img data-recalc-dims=\"1\" loading=\"lazy\" decoding=\"async\" class=\"alignnone wp-image-7674\" src=\"https:\/\/i0.wp.com\/sergiobertoldi.com\/wp-content\/uploads\/2026\/01\/20260113-164744_2357816_3103-1920x1281-1.jpg?resize=295%2C197&#038;ssl=1\" alt=\"\" width=\"295\" height=\"197\" srcset=\"https:\/\/i0.wp.com\/sergiobertoldi.com\/wp-content\/uploads\/2026\/01\/20260113-164744_2357816_3103-1920x1281-1.jpg?resize=300%2C200&amp;ssl=1 300w, https:\/\/i0.wp.com\/sergiobertoldi.com\/wp-content\/uploads\/2026\/01\/20260113-164744_2357816_3103-1920x1281-1.jpg?resize=768%2C512&amp;ssl=1 768w, https:\/\/i0.wp.com\/sergiobertoldi.com\/wp-content\/uploads\/2026\/01\/20260113-164744_2357816_3103-1920x1281-1.jpg?w=850&amp;ssl=1 850w\" sizes=\"auto, (max-width: 295px) 100vw, 295px\" \/><\/p>\n<p style=\"text-align: justify;\"><span style=\"font-family: tahoma, arial, helvetica, sans-serif; font-size: 14pt;\">(Cr\u00e9dito: Imagem: Raul Baretta\/Santos FC)<\/span><\/p>\n<p style=\"text-align: justify;\"><span style=\"font-family: tahoma, arial, helvetica, sans-serif; font-size: 14pt;\">Falamos das coisas do Santos, sempre com a parceria e o apoio dos nossos anunciantes!<\/span><\/p>\n<p style=\"text-align: justify;\">\n","protected":false},"excerpt":{"rendered":"<p>Al\u00f4 Na\u00e7\u00e3o Santista! Sauda\u00e7\u00f5es Alvinegras! O Santos anunciou nesta quarta-feira (14), a aquisi\u00e7\u00e3o, por meio de um empr\u00e9stimo de um<\/p>\n","protected":false},"author":2,"featured_media":7680,"comment_status":"open","ping_status":"open","sticky":false,"template":"","format":"standard","meta":{"colormag_page_container_layout":"default_layout","colormag_page_sidebar_layout":"default_layout","_jetpack_memberships_contains_paid_content":false,"footnotes":""},"categories":[4,30],"tags":[6],"class_list":["post-7672","post","type-post","status-publish","format-standard","has-post-thumbnail","hentry","category-bastidores-do-santos-fc","category-contratacoes","tag-santos-fc"],"jetpack_featured_media_url":"https:\/\/i0.wp.com\/sergiobertoldi.com\/wp-content\/uploads\/2026\/01\/Gabriel-Menino-aspect-ratio-512-320.jpg?fit=1280%2C720&ssl=1","jetpack_likes_enabled":true,"jetpack_sharing_enabled":true,"_links":{"self":[{"href":"https:\/\/sergiobertoldi.com\/index.php\/wp-json\/wp\/v2\/posts\/7672","targetHints":{"allow":["GET"]}}],"collection":[{"href":"https:\/\/sergiobertoldi.com\/index.php\/wp-json\/wp\/v2\/posts"}],"about":[{"href":"https:\/\/sergiobertoldi.com\/index.php\/wp-json\/wp\/v2\/types\/post"}],"author":[{"embeddable":true,"href":"https:\/\/sergiobertoldi.com\/index.php\/wp-json\/wp\/v2\/users\/2"}],"replies":[{"embeddable":true,"href":"https:\/\/sergiobertoldi.com\/index.php\/wp-json\/wp\/v2\/comments?post=7672"}],"version-history":[{"count":5,"href":"https:\/\/sergiobertoldi.com\/index.php\/wp-json\/wp\/v2\/posts\/7672\/revisions"}],"predecessor-version":[{"id":7679,"href":"https:\/\/sergiobertoldi.com\/index.php\/wp-json\/wp\/v2\/posts\/7672\/revisions\/7679"}],"wp:featuredmedia":[{"embeddable":true,"href":"https:\/\/sergiobertoldi.com\/index.php\/wp-json\/wp\/v2\/media\/7680"}],"wp:attachment":[{"href":"https:\/\/sergiobertoldi.com\/index.php\/wp-json\/wp\/v2\/media?parent=7672"}],"wp:term":[{"taxonomy":"category","embeddable":true,"href":"https:\/\/sergiobertoldi.com\/index.php\/wp-json\/wp\/v2\/categories?post=7672"},{"taxonomy":"post_tag","embeddable":true,"href":"https:\/\/sergiobertoldi.com\/index.php\/wp-json\/wp\/v2\/tags?post=7672"}],"curies":[{"name":"wp","href":"https:\/\/api.w.org\/{rel}","templated":true}]}}