{"id":7513,"date":"2025-11-11T23:25:17","date_gmt":"2025-11-12T02:25:17","guid":{"rendered":"https:\/\/sergiobertoldi.com\/?p=7513"},"modified":"2025-11-19T00:45:11","modified_gmt":"2025-11-19T03:45:11","slug":"fpf-define-confrontos-e-formato-do-paulistao-2026","status":"publish","type":"post","link":"https:\/\/sergiobertoldi.com\/index.php\/2025\/11\/11\/fpf-define-confrontos-e-formato-do-paulistao-2026\/","title":{"rendered":"FPF define confrontos e formato do Paulist\u00e3o 2026"},"content":{"rendered":"<p style=\"text-align: justify;\"><span style=\"font-family: tahoma, arial, helvetica, sans-serif; font-size: 14pt;\"><strong><u>Al\u00f4 Na\u00e7\u00e3o Santista! Sauda\u00e7\u00f5es Alvinegras!<\/u><\/strong><\/span><\/p>\n<p style=\"text-align: justify;\"><span style=\"font-family: tahoma, arial, helvetica, sans-serif; font-size: 14pt;\">A FPF (Federa\u00e7\u00e3o Paulista de Futebol) apresentou oficialmente, as 20h da noite desta ter\u00e7a-feira (11), no Sal\u00e3o It\u00e1polis, na \u201cMercado Livre Arena Pacaembu\u201d, em S\u00e3o Paulo, o calend\u00e1rio do Campeonato Paulista de 2026.<\/span><\/p>\n<p style=\"text-align: justify;\"><span style=\"font-family: tahoma, arial, helvetica, sans-serif; font-size: 14pt;\">A noite que n\u00e3o foi apenas uma \u201cFesta de Lan\u00e7amento\u201d do Paulist\u00e3o 2026, serviu tamb\u00e9m para apresentar aos Presidentes de clubes, Ve\u00edculos de Imprensa e Convidados em geral, uma das principais inova\u00e7\u00f5es do Paulist\u00e3o 2026 que \u00e9 o novo formato de competi\u00e7\u00e3o.<\/span><\/p>\n<p><img data-recalc-dims=\"1\" loading=\"lazy\" decoding=\"async\" class=\"aligncenter wp-image-7516\" src=\"https:\/\/i0.wp.com\/sergiobertoldi.com\/wp-content\/uploads\/2025\/11\/WhatsApp-Image-2025-11-12-at-00.jpg?resize=600%2C375&#038;ssl=1\" alt=\"\" width=\"600\" height=\"375\" srcset=\"https:\/\/i0.wp.com\/sergiobertoldi.com\/wp-content\/uploads\/2025\/11\/WhatsApp-Image-2025-11-12-at-00.jpg?w=950&amp;ssl=1 950w, https:\/\/i0.wp.com\/sergiobertoldi.com\/wp-content\/uploads\/2025\/11\/WhatsApp-Image-2025-11-12-at-00.jpg?resize=300%2C187&amp;ssl=1 300w, https:\/\/i0.wp.com\/sergiobertoldi.com\/wp-content\/uploads\/2025\/11\/WhatsApp-Image-2025-11-12-at-00.jpg?resize=768%2C479&amp;ssl=1 768w\" sizes=\"auto, (max-width: 600px) 100vw, 600px\" \/><\/p>\n<p style=\"text-align: justify;\"><span style=\"font-family: tahoma, arial, helvetica, sans-serif; font-size: 14pt;\">Um novo formato inspirado na \u201c<strong>UEFA Champions League<\/strong>\u201d, com objetivo de ajustar o torneio ao novo calend\u00e1rio nacional imposto pela Confedera\u00e7\u00e3o Brasileira de Futebol (CBF).<\/span><br \/>\n<span style=\"font-family: tahoma, arial, helvetica, sans-serif; font-size: 14pt;\">A edi\u00e7\u00e3o de <strong>2026<\/strong> reduzir\u00e1 o n\u00famero de datas, totalizando 11 rodadas, sendo 8 na fase inicial e fases finais em jogos \u00fanicos, diferente do formato tradicional de grupos fixos utilizado desde <strong>2017<\/strong>.<\/span><\/p>\n<p style=\"text-align: justify;\"><span style=\"font-family: tahoma, arial, helvetica, sans-serif; font-size: 14pt;\">O Paulist\u00e3o 2026 aboliu o formato de quatro grupos fixos com quatro clubes cada, em que os times n\u00e3o se enfrentavam dentro das pr\u00f3prias chaves.<\/span><br \/>\n<span style=\"font-family: tahoma, arial, helvetica, sans-serif; font-size: 14pt;\">Agora, os <strong>16 <\/strong>clubes foram divididos em quatro potes (<strong>A, B, C <\/strong>e <strong>D<\/strong>) com quatro vezes cada.<\/span><br \/>\n<span style=\"font-family: tahoma, arial, helvetica, sans-serif; font-size: 14pt;\">Os clubes jogar\u00e3o contra os outros membros do pr\u00f3prio pote e tamb\u00e9m enfrentar\u00e3o advers\u00e1rios sorteados de outros potes, totalizando oito jogos na primeira fase.<\/span><br \/>\n<span style=\"font-family: tahoma, arial, helvetica, sans-serif; font-size: 14pt;\">A classifica\u00e7\u00e3o ser\u00e1 geral, e os oito melhores avan\u00e7ar\u00e3o para o mata-mata, que ser\u00e1 disputado em jogos \u00fanicos, com mando de campo para a equipe de melhor campanha.<\/span><br \/>\n<span style=\"font-family: tahoma, arial, helvetica, sans-serif; font-size: 14pt;\">Os dois \u00faltimos colocados ser\u00e3o rebaixados \u00e0 <strong>S\u00e9rie A2<\/strong>.<\/span><\/p>\n<p style=\"text-align: justify;\"><span style=\"font-family: tahoma, arial, helvetica, sans-serif; font-size: 14pt;\">O Pote <strong>A<\/strong> \u00e9 composto pelos campe\u00f5es estaduais mais destacados: <strong>Corinthians<\/strong>, <strong>Palmeiras<\/strong>, <strong>Santos<\/strong> e <strong>S\u00e3o Paulo<\/strong>.<\/span><br \/>\n<span style=\"font-family: tahoma, arial, helvetica, sans-serif; font-size: 14pt;\">O Pote <strong>B<\/strong> inclui <strong>S\u00e3o Bernardo<\/strong>, <strong>Novorizontino<\/strong>, <strong>Red Bull Bragantino<\/strong> e <strong>Mirassol<\/strong>, que finalizaram o Paulist\u00e3o de 2025 entre a quinta e a oitava posi\u00e7\u00e3o.<\/span><br \/>\n<span style=\"font-family: tahoma, arial, helvetica, sans-serif; font-size: 14pt;\">No Pote <strong>C <\/strong>est\u00e3o <strong>Ponte Preta<\/strong>, <strong>Guarani<\/strong>, <strong>Velo Clube<\/strong> e <strong>Portuguesa<\/strong>, que ficaram entre a nona e a 12\u00aa coloca\u00e7\u00e3o na \u00faltima edi\u00e7\u00e3o.<\/span><br \/>\n<span style=\"font-family: tahoma, arial, helvetica, sans-serif; font-size: 14pt;\">O Pote <strong>D<\/strong> \u00e9 formado por <strong>Botafogo-SP<\/strong> e <strong>Noroeste<\/strong>, que terminaram em 13\u00ba e 14\u00ba lugar em 2025, al\u00e9m de <strong>Capivariano<\/strong> e <strong>Primavera<\/strong>, que foram promovidos da S\u00e9rie A2.<\/span><\/p>\n<p style=\"text-align: justify;\"><span style=\"font-family: tahoma, arial, helvetica, sans-serif;\"><strong> \u00a0 \u00a0 \u00a0 \u00a0 \u00a0 \u00a0 \u00a0 \u00a0 \u00a0 \u00a0 \u00a0 \u00a0 \u00a0 \u00a0 \u00a0 \u00a0 \u00a0 \u00a0 \u00a0 \u00a0 \u00a0 \u00a0 \u00a0<span style=\"text-decoration: underline;\"><span style=\"font-family: georgia, palatino, serif; font-size: 14pt;\">Confira a seguir todos os duelos entre as equipes:<\/span><\/span><\/strong><\/span><\/p>\n<p><img data-recalc-dims=\"1\" loading=\"lazy\" decoding=\"async\" class=\"wp-image-7514 size-full aligncenter\" src=\"https:\/\/i0.wp.com\/sergiobertoldi.com\/wp-content\/uploads\/2025\/11\/Captura-de-tela-2025-11-12-003548.png?resize=674%2C339&#038;ssl=1\" alt=\"\" width=\"674\" height=\"339\" srcset=\"https:\/\/i0.wp.com\/sergiobertoldi.com\/wp-content\/uploads\/2025\/11\/Captura-de-tela-2025-11-12-003548.png?w=674&amp;ssl=1 674w, https:\/\/i0.wp.com\/sergiobertoldi.com\/wp-content\/uploads\/2025\/11\/Captura-de-tela-2025-11-12-003548.png?resize=300%2C151&amp;ssl=1 300w\" sizes=\"auto, (max-width: 674px) 100vw, 674px\" \/><\/p>\n<p style=\"text-align: justify;\"><span style=\"font-family: tahoma, arial, helvetica, sans-serif;\"><strong>\u00a0 \u00a0 \u00a0 \u00a0 \u00a0 \u00a0 \u00a0 \u00a0 \u00a0 \u00a0 \u00a0 \u00a0 \u00a0 \u00a0 \u00a0 \u00a0 \u00a0 \u00a0 \u00a0 \u00a0 \u00a0 \u00a0 \u00a0 \u00a0 \u00a0<span style=\"text-decoration: underline;\"><span style=\"font-family: georgia, palatino, serif; font-size: 14pt;\">Advers\u00e1rios do Santos na primeira parte do Paulist\u00e3o:<\/span><\/span><\/strong><\/span><\/p>\n<p style=\"text-align: justify;\"><img data-recalc-dims=\"1\" loading=\"lazy\" decoding=\"async\" class=\"wp-image-7515 aligncenter\" src=\"https:\/\/i0.wp.com\/sergiobertoldi.com\/wp-content\/uploads\/2025\/11\/Captura-de-tela-2025-11-12-003635.png?resize=350%2C403&#038;ssl=1\" alt=\"\" width=\"350\" height=\"403\" srcset=\"https:\/\/i0.wp.com\/sergiobertoldi.com\/wp-content\/uploads\/2025\/11\/Captura-de-tela-2025-11-12-003635.png?w=435&amp;ssl=1 435w, https:\/\/i0.wp.com\/sergiobertoldi.com\/wp-content\/uploads\/2025\/11\/Captura-de-tela-2025-11-12-003635.png?resize=260%2C300&amp;ssl=1 260w\" sizes=\"auto, (max-width: 350px) 100vw, 350px\" \/><\/p>\n<p style=\"text-align: justify;\"><span style=\"font-family: tahoma, arial, helvetica, sans-serif; font-size: 14pt;\">Al\u00e9m das mudan\u00e7as no formato da disputa, o Paulist\u00e3o 2026 ter\u00e1 outras novidades tecnol\u00f3gicas, como uso ampliado do impedimento semiautom\u00e1tico, que substitui as linhas manuais do VAR, a partir das quartas de final, tornando o \u00e1rbitro assistente de v\u00eddeo mais preciso.<\/span><\/p>\n<p style=\"text-align: justify;\"><span style=\"font-family: tahoma, arial, helvetica, sans-serif; font-size: 14pt;\">As etapas finais do campeonato, incluindo quartas e semifinais, ser\u00e3o disputadas em jogo \u00fanico, com os empates sendo decididos nos p\u00eanaltis. A decis\u00e3o acontece em jogo \u00fanico, embora a FPF esteja negociando com a CBF para conseguir um dado extra que permita uma final em dois jogos.<\/span><\/p>\n<p style=\"text-align: justify;\"><span style=\"font-family: tahoma, arial, helvetica, sans-serif; font-size: 14pt;\">Em resumo: O Paulist\u00e3o 2026 adota um formato mais enxuto e \u00e1gil, com jogos mais equilibrados e emocionantes desde a primeira fase, devido \u00e0 redu\u00e7\u00e3o das dados e ao sistema de potes inspirados na Liga dos Campe\u00f5es, preservando os grandes cl\u00e1ssicos e aumentando a competitividade<\/span><\/p>\n<p style=\"text-align: justify;\"><span style=\"font-family: tahoma, arial, helvetica, sans-serif; font-size: 14pt;\">(Cr\u00e9dito: Imagem: \u00a0(Foto: Divulga\u00e7\u00e3o\/FPF)<\/span><\/p>\n<p style=\"text-align: justify;\"><span style=\"font-family: tahoma, arial, helvetica, sans-serif; font-size: 14pt;\">Falamos das coisas do Santos, sempre com a parceria e o apoio dos nossos anunciantes!<\/span><\/p>\n<p>&nbsp;<\/p>\n","protected":false},"excerpt":{"rendered":"<p>Al\u00f4 Na\u00e7\u00e3o Santista! Sauda\u00e7\u00f5es Alvinegras! A FPF (Federa\u00e7\u00e3o Paulista de Futebol) apresentou oficialmente, as 20h da noite desta ter\u00e7a-feira (11),<\/p>\n","protected":false},"author":2,"featured_media":7517,"comment_status":"open","ping_status":"open","sticky":false,"template":"","format":"standard","meta":{"colormag_page_container_layout":"default_layout","colormag_page_sidebar_layout":"default_layout","_jetpack_memberships_contains_paid_content":false,"footnotes":""},"categories":[1],"tags":[6],"class_list":["post-7513","post","type-post","status-publish","format-standard","has-post-thumbnail","hentry","category-sem-categoria","tag-santos-fc"],"jetpack_featured_media_url":"https:\/\/i0.wp.com\/sergiobertoldi.com\/wp-content\/uploads\/2025\/11\/whatsapp_image_2025-11-11_at_17_31_29_1.jpeg_1758632412.webp?fit=480%2C270&ssl=1","jetpack_likes_enabled":true,"jetpack_sharing_enabled":true,"_links":{"self":[{"href":"https:\/\/sergiobertoldi.com\/index.php\/wp-json\/wp\/v2\/posts\/7513","targetHints":{"allow":["GET"]}}],"collection":[{"href":"https:\/\/sergiobertoldi.com\/index.php\/wp-json\/wp\/v2\/posts"}],"about":[{"href":"https:\/\/sergiobertoldi.com\/index.php\/wp-json\/wp\/v2\/types\/post"}],"author":[{"embeddable":true,"href":"https:\/\/sergiobertoldi.com\/index.php\/wp-json\/wp\/v2\/users\/2"}],"replies":[{"embeddable":true,"href":"https:\/\/sergiobertoldi.com\/index.php\/wp-json\/wp\/v2\/comments?post=7513"}],"version-history":[{"count":2,"href":"https:\/\/sergiobertoldi.com\/index.php\/wp-json\/wp\/v2\/posts\/7513\/revisions"}],"predecessor-version":[{"id":7519,"href":"https:\/\/sergiobertoldi.com\/index.php\/wp-json\/wp\/v2\/posts\/7513\/revisions\/7519"}],"wp:featuredmedia":[{"embeddable":true,"href":"https:\/\/sergiobertoldi.com\/index.php\/wp-json\/wp\/v2\/media\/7517"}],"wp:attachment":[{"href":"https:\/\/sergiobertoldi.com\/index.php\/wp-json\/wp\/v2\/media?parent=7513"}],"wp:term":[{"taxonomy":"category","embeddable":true,"href":"https:\/\/sergiobertoldi.com\/index.php\/wp-json\/wp\/v2\/categories?post=7513"},{"taxonomy":"post_tag","embeddable":true,"href":"https:\/\/sergiobertoldi.com\/index.php\/wp-json\/wp\/v2\/tags?post=7513"}],"curies":[{"name":"wp","href":"https:\/\/api.w.org\/{rel}","templated":true}]}}