{"id":7330,"date":"2025-08-22T11:21:50","date_gmt":"2025-08-22T14:21:50","guid":{"rendered":"https:\/\/sergiobertoldi.com\/?p=7330"},"modified":"2025-08-24T01:38:12","modified_gmt":"2025-08-24T04:38:12","slug":"santos-anuncia-juan-pablo-vojvoda-como-novo-treinador-ate-dezembro-de-2026","status":"publish","type":"post","link":"https:\/\/sergiobertoldi.com\/index.php\/2025\/08\/22\/santos-anuncia-juan-pablo-vojvoda-como-novo-treinador-ate-dezembro-de-2026\/","title":{"rendered":"Santos anuncia Juan Pablo Vojvoda como novo treinador at\u00e9 dezembro de 2026"},"content":{"rendered":"<p><span style=\"font-family: helvetica, arial, sans-serif; font-size: 14pt;\"><strong><u>Al\u00f4 Na\u00e7\u00e3o Santista! Sauda\u00e7\u00f5es Alvinegras!<\/u><\/strong><\/span><\/p>\n<p style=\"text-align: justify;\"><span style=\"font-family: tahoma, arial, helvetica, sans-serif; font-size: 14pt;\">O Santos anunciou nesta sexta-feira (22) de forma oficial, a contrata\u00e7\u00e3o do t\u00e9cnico <strong>Juan Pablo Vojvoda!<br \/>\n<\/strong>Vojvoda que estava livre no mercado, ap\u00f3s ser demitido do Fortaleza no m\u00eas passado, chega para substituir <strong>Cl\u00e9ber Xavier<\/strong>, demitido do comando t\u00e9cnico do Santos no \u00faltimo final de semana, ap\u00f3s a goleada sofrida para o Vasco, em partida v\u00e1lida pelo Campeonato Brasileiro.<\/span><\/p>\n<p style=\"text-align: justify;\"><span style=\"font-family: tahoma, arial, helvetica, sans-serif; font-size: 14pt;\">O argentino chega com os auxiliares <strong>Nahuel Martinez<\/strong> e <strong>G\u00e1ston Liendo<\/strong>, o preparador f\u00edsico <strong>Luis Azpiazu<\/strong>, o preparador de goleiros <strong>Santiago Piccinini<\/strong> e o psic\u00f3logo <strong>Christian Rodrigues<\/strong>, e assina contrato at\u00e9 o final de <strong>2026<\/strong>.<\/span><\/p>\n<p style=\"text-align: justify;\"><span style=\"font-family: tahoma, arial, helvetica, sans-serif; font-size: 14pt;\">Ap\u00f3s mais uma tentativa fracassada em promover novamente ao Santos, o retorno do tamb\u00e9m Argentino <strong>Jorge Sampaoli, <\/strong>Juan Pablo Vojvoda passou a ser a bola da vez pela diretoria Peixeira, que j\u00e1 havia em outras oportunidades, feito tentativas no intuito de contratar o treinador que h\u00e1 quatro anos, vinha tendo seu nome especulado em v\u00e1rios clubes do futebol Brasileiro, mas sempre declinou dos convites em prol do projeto do Fortaleza!<\/span><\/p>\n<p style=\"text-align: justify;\"><span style=\"font-family: tahoma, arial, helvetica, sans-serif; font-size: 14pt;\">Desta vez procurado pelo Santos, as negocia\u00e7\u00f5es evolu\u00edram rapidamente com reuni\u00f5es acontecendo desde quarta-feira (20\/8), reuni\u00f5es que foram aproximando as partes, tendo contado muito para o acerto do treinador com o Alvinegro Praiano, a afinidade de Vojvoda com a hist\u00f3ria do clube.<br \/>\nAos 49 anos, o argentino decidiu aceitar a proposta feita pela dire\u00e7\u00e3o Santista, acreditando que pode repetir no litoral paulista, o \u00eaxito alcan\u00e7ado no Fortaleza, onde levou a equipe a uma participa\u00e7\u00e3o marcante na <strong>Libertadores<\/strong> e \u00e0 final da <strong>Copa Sul-Americana<\/strong>.<br \/>\n<\/span><\/p>\n<p style=\"text-align: justify;\"><span style=\"font-family: tahoma, arial, helvetica, sans-serif; font-size: 14pt;\">O perfil equilibrado e ponderado de Vojvoda, tamb\u00e9m foi ponto determinante para que se tornasse o plano A da diretoria. Ele \u00e9 reconhecido por trabalhar bem com elencos enxutos e buscar op\u00e7\u00f5es de refor\u00e7os financeiramente vi\u00e1veis, caracter\u00edstica j\u00e1 demonstrada em sua passagem pelo Fortaleza. \u00a0\u00a0<\/span><\/p>\n<p style=\"text-align: justify;\"><span style=\"font-family: tahoma, arial, helvetica, sans-serif; font-size: 14pt;\">Vojvoda assume o Alvinegro Praiano com a miss\u00e3o de afastar o time da zona do rebaixamento, situa\u00e7\u00e3o similar que acabou inclusive custando o seu emprego no Fortaleza, clube cearense onde esteve comandando o time por mais de quatro anos, quando entre <strong>2021<\/strong> e <strong>2023<\/strong>, levou o Le\u00e3o do Pici a disputar competi\u00e7\u00f5es continentais pela primeira vez em sua hist\u00f3ria.<\/span><br \/>\n<span style=\"font-family: tahoma, arial, helvetica, sans-serif; font-size: 14pt;\">Reconhecido pela organiza\u00e7\u00e3o t\u00e1tica, disciplina defensiva e estilo de jogo ofensivo, Vojvoda coleciona resultados expressivos:<\/span><\/p>\n<ul>\n<li style=\"text-align: justify;\"><span style=\"font-size: 14pt;\">Classifica\u00e7\u00f5es in\u00e9ditas para a Copa Sul-Americana (2021) e Copa Libertadores (2022)<\/span><\/li>\n<li style=\"text-align: justify;\"><span style=\"font-size: 14pt;\">Melhor campanha geral do Brasileir\u00e3o de 2022 antes da paralisa\u00e7\u00e3o para a Copa do Mundo<\/span><\/li>\n<li style=\"text-align: justify;\"><span style=\"font-size: 14pt;\">M\u00e9dia de 1,6 ponto por partida durante sua passagem por Fortaleza, com cinco t\u00edtulos conquistados. Foram <strong>309<\/strong> jogos no comando do Le\u00e3o do Pici com <strong>144<\/strong> vit\u00f3rias, <strong>77 <\/strong>empates e <strong>88<\/strong> derrotas.<\/span><\/li>\n<\/ul>\n<p style=\"text-align: justify;\"><span style=\"font-family: tahoma, arial, helvetica, sans-serif; font-size: 14pt;\">Apesar do an\u00fancio realizado nesta sexta-feira, o Santos ainda ter\u00e1 o auxiliar <strong>Matheus Bachi<\/strong>, que pertencia \u00e0 comiss\u00e3o t\u00e9cnica anterior, no comando da equipe no final de semana, quando o Peixe visita o Bahia, em Salvador, no domingo, \u00e0s 16 horas (de Bras\u00edlia).<\/span><\/p>\n<p style=\"text-align: justify;\"><span style=\"font-family: tahoma, arial, helvetica, sans-serif; font-size: 14pt;\">(Cr\u00e9dito: Imagem: Raul Baretta\/Santos FC)<\/span><\/p>\n<p style=\"text-align: justify;\">\n<p>&nbsp;<\/p>\n<p>Falamos das coisas do Santos, sempre com a parceria e o apoio dos nossos anunciantes!<\/p>\n<p><strong><u>\u00a0<\/u><\/strong><\/p>\n","protected":false},"excerpt":{"rendered":"<p>Al\u00f4 Na\u00e7\u00e3o Santista! Sauda\u00e7\u00f5es Alvinegras! O Santos anunciou nesta sexta-feira (22) de forma oficial, a contrata\u00e7\u00e3o do t\u00e9cnico Juan Pablo<\/p>\n","protected":false},"author":2,"featured_media":7331,"comment_status":"open","ping_status":"open","sticky":false,"template":"","format":"standard","meta":{"colormag_page_container_layout":"default_layout","colormag_page_sidebar_layout":"default_layout","_jetpack_memberships_contains_paid_content":false,"footnotes":""},"categories":[4,30,73],"tags":[6],"class_list":["post-7330","post","type-post","status-publish","format-standard","has-post-thumbnail","hentry","category-bastidores-do-santos-fc","category-contratacoes","category-treinador","tag-santos-fc"],"jetpack_featured_media_url":"https:\/\/i0.wp.com\/sergiobertoldi.com\/wp-content\/uploads\/2025\/08\/goyaz-1755869715-780x470-1.jpg?fit=780%2C470&ssl=1","jetpack_likes_enabled":true,"jetpack_sharing_enabled":true,"_links":{"self":[{"href":"https:\/\/sergiobertoldi.com\/index.php\/wp-json\/wp\/v2\/posts\/7330","targetHints":{"allow":["GET"]}}],"collection":[{"href":"https:\/\/sergiobertoldi.com\/index.php\/wp-json\/wp\/v2\/posts"}],"about":[{"href":"https:\/\/sergiobertoldi.com\/index.php\/wp-json\/wp\/v2\/types\/post"}],"author":[{"embeddable":true,"href":"https:\/\/sergiobertoldi.com\/index.php\/wp-json\/wp\/v2\/users\/2"}],"replies":[{"embeddable":true,"href":"https:\/\/sergiobertoldi.com\/index.php\/wp-json\/wp\/v2\/comments?post=7330"}],"version-history":[{"count":1,"href":"https:\/\/sergiobertoldi.com\/index.php\/wp-json\/wp\/v2\/posts\/7330\/revisions"}],"predecessor-version":[{"id":7332,"href":"https:\/\/sergiobertoldi.com\/index.php\/wp-json\/wp\/v2\/posts\/7330\/revisions\/7332"}],"wp:featuredmedia":[{"embeddable":true,"href":"https:\/\/sergiobertoldi.com\/index.php\/wp-json\/wp\/v2\/media\/7331"}],"wp:attachment":[{"href":"https:\/\/sergiobertoldi.com\/index.php\/wp-json\/wp\/v2\/media?parent=7330"}],"wp:term":[{"taxonomy":"category","embeddable":true,"href":"https:\/\/sergiobertoldi.com\/index.php\/wp-json\/wp\/v2\/categories?post=7330"},{"taxonomy":"post_tag","embeddable":true,"href":"https:\/\/sergiobertoldi.com\/index.php\/wp-json\/wp\/v2\/tags?post=7330"}],"curies":[{"name":"wp","href":"https:\/\/api.w.org\/{rel}","templated":true}]}}