{"id":7146,"date":"2025-04-29T12:42:51","date_gmt":"2025-04-29T15:42:51","guid":{"rendered":"https:\/\/sergiobertoldi.com\/?p=7146"},"modified":"2025-04-30T14:45:32","modified_gmt":"2025-04-30T17:45:32","slug":"santos-acerta-com-cleber-xavier-ex-auxiliar-de-tite-para-ser-novo-treinador","status":"publish","type":"post","link":"https:\/\/sergiobertoldi.com\/index.php\/2025\/04\/29\/santos-acerta-com-cleber-xavier-ex-auxiliar-de-tite-para-ser-novo-treinador\/","title":{"rendered":"Santos acerta com Cl\u00e9ber Xavier ex-auxiliar de Tite para ser novo treinador"},"content":{"rendered":"<p><span style=\"font-family: helvetica, arial, sans-serif; font-size: 14pt;\"><strong><u>Al\u00f4 Na\u00e7\u00e3o Santista! Sauda\u00e7\u00f5es Alvinegras!<\/u><\/strong><\/span><\/p>\n<p style=\"text-align: justify;\"><span style=\"font-family: tahoma, arial, helvetica, sans-serif; font-size: 14pt;\">Nesta ter\u00e7a-feira, (29), o\u00a0Santos Futebol Clube anunciou oficialmente a contrata\u00e7\u00e3o de <strong>Cl\u00e9ber Xavier<\/strong> como novo t\u00e9cnico do time, que chega para substituir o portugu\u00eas <strong>Pedro Caixinha<\/strong>, demitido no dia 14 de abril, data do anivers\u00e1rio de 113 anos do clube.<br \/>\nO time j\u00e1 estava na zona do rebaixamento e apresentava um rendimento ruim em campo.<\/span><br \/>\n<span style=\"font-family: tahoma, arial, helvetica, sans-serif; font-size: 14pt;\">O portugu\u00eas dirigiu a equipe em apenas 17 jogos, acumulando 7 vit\u00f3rias, 3 empates e 7 derrotas.<\/span><\/p>\n<p style=\"text-align: justify;\"><span style=\"font-family: tahoma, arial, helvetica, sans-serif; font-size: 14pt;\">Cl\u00e9ber Xavier se apresentou no CT Rei Pel\u00e9 na manh\u00e3 desta ter\u00e7a-feira (29), firmou um contrato v\u00e1lido at\u00e9 o final de 2025, j\u00e1 iniciou os trabalhos em campo, conheceu seus novos jogadores e comandou seu primeiro treino durante a tarde.<\/span><\/p>\n<p><img data-recalc-dims=\"1\" loading=\"lazy\" decoding=\"async\" class=\"aligncenter wp-image-7149 size-full\" src=\"https:\/\/i0.wp.com\/sergiobertoldi.com\/wp-content\/uploads\/2025\/04\/Captura-de-tela-2025-04-30-105229.png?resize=592%2C336&#038;ssl=1\" alt=\"\" width=\"592\" height=\"336\" srcset=\"https:\/\/i0.wp.com\/sergiobertoldi.com\/wp-content\/uploads\/2025\/04\/Captura-de-tela-2025-04-30-105229.png?w=592&amp;ssl=1 592w, https:\/\/i0.wp.com\/sergiobertoldi.com\/wp-content\/uploads\/2025\/04\/Captura-de-tela-2025-04-30-105229.png?resize=300%2C170&amp;ssl=1 300w\" sizes=\"auto, (max-width: 592px) 100vw, 592px\" \/><\/p>\n<p style=\"text-align: justify;\"><span style=\"font-family: tahoma, arial, helvetica, sans-serif; font-size: 14pt;\">Al\u00e9m do novo treinador, chega ao Santos uma nova \u201cComiss\u00e3o T\u00e9cnica\u201d que contar\u00e1 com os auxiliares <strong>Matheus Bachi<\/strong> e <strong>Vinicius Marques<\/strong>, assim como o preparador f\u00edsico <strong>F\u00e1bio Mahseredjian<\/strong>.<br \/>\n<strong>Cesar Sampaio,<\/strong> que fez parte da comiss\u00e3o t\u00e9cnica fixa e atuou como treinador interino nos \u00faltimos tr\u00eas jogos, continuar\u00e1 como auxiliar da equipe profissional, assim como o atual preparador de goleiros <strong>Rog\u00e9rio Maia<\/strong><\/span><\/p>\n<p><img data-recalc-dims=\"1\" loading=\"lazy\" decoding=\"async\" class=\"aligncenter wp-image-7152 size-full\" src=\"https:\/\/i0.wp.com\/sergiobertoldi.com\/wp-content\/uploads\/2025\/04\/Cleber-Xavier-JPG.jpg?resize=774%2C619&#038;ssl=1\" alt=\"\" width=\"774\" height=\"619\" srcset=\"https:\/\/i0.wp.com\/sergiobertoldi.com\/wp-content\/uploads\/2025\/04\/Cleber-Xavier-JPG.jpg?w=774&amp;ssl=1 774w, https:\/\/i0.wp.com\/sergiobertoldi.com\/wp-content\/uploads\/2025\/04\/Cleber-Xavier-JPG.jpg?resize=300%2C240&amp;ssl=1 300w, https:\/\/i0.wp.com\/sergiobertoldi.com\/wp-content\/uploads\/2025\/04\/Cleber-Xavier-JPG.jpg?resize=768%2C614&amp;ssl=1 768w\" sizes=\"auto, (max-width: 774px) 100vw, 774px\" \/><\/p>\n<p><img data-recalc-dims=\"1\" loading=\"lazy\" decoding=\"async\" class=\"aligncenter wp-image-7153\" src=\"https:\/\/i0.wp.com\/sergiobertoldi.com\/wp-content\/uploads\/2025\/04\/cesar_sampaio_santos.jpg?resize=650%2C366&#038;ssl=1\" alt=\"\" width=\"650\" height=\"366\" srcset=\"https:\/\/i0.wp.com\/sergiobertoldi.com\/wp-content\/uploads\/2025\/04\/cesar_sampaio_santos.jpg?resize=1024%2C576&amp;ssl=1 1024w, https:\/\/i0.wp.com\/sergiobertoldi.com\/wp-content\/uploads\/2025\/04\/cesar_sampaio_santos.jpg?resize=300%2C169&amp;ssl=1 300w, https:\/\/i0.wp.com\/sergiobertoldi.com\/wp-content\/uploads\/2025\/04\/cesar_sampaio_santos.jpg?resize=768%2C432&amp;ssl=1 768w, https:\/\/i0.wp.com\/sergiobertoldi.com\/wp-content\/uploads\/2025\/04\/cesar_sampaio_santos.jpg?w=1280&amp;ssl=1 1280w\" sizes=\"auto, (max-width: 650px) 100vw, 650px\" \/><\/p>\n<p style=\"text-align: justify;\"><span style=\"font-family: tahoma, arial, helvetica, sans-serif; font-size: 14pt;\">Antes do acerto com Cleber Xavier, a Diretoria do Santos tentou sem sucesso, a contrata\u00e7\u00e3o de profissionais como: <strong>Dorival Jr<\/strong>, <strong>Lu\u00eds Castro<\/strong>, <strong>Tite<\/strong>, e <strong>Jorge Sampaoli<\/strong>. O argentino foi o t\u00e9cnico que chegou mais perto de assinar com o Peixe, mas o momento turbulento e a incerteza de investimentos para contrata\u00e7\u00f5es acabaram afastando Sampaoli da Baixada Santista.<\/span><\/p>\n<p style=\"text-align: justify;\"><span style=\"font-family: tahoma, arial, helvetica, sans-serif; font-size: 14pt;\">A diretoria santista aposta na experi\u00eancia de Cl\u00e9ber e tamb\u00e9m na possibilidade de potencializar o jogo t\u00e9cnico e f\u00edsico de Neymar, j\u00e1 que toda comiss\u00e3o trabalhou diretamente com o camisa 10 no tempo em que Tite esteve na Granja Comary, comandando a Sele\u00e7\u00e3o Brasileira!<\/span><\/p>\n<p><img data-recalc-dims=\"1\" loading=\"lazy\" decoding=\"async\" class=\"aligncenter wp-image-7154 size-large\" src=\"https:\/\/i0.wp.com\/sergiobertoldi.com\/wp-content\/uploads\/2025\/04\/cleber-xavier-e-tite.jpg.jpg?resize=800%2C450&#038;ssl=1\" alt=\"\" width=\"800\" height=\"450\" srcset=\"https:\/\/i0.wp.com\/sergiobertoldi.com\/wp-content\/uploads\/2025\/04\/cleber-xavier-e-tite.jpg.jpg?resize=1024%2C576&amp;ssl=1 1024w, https:\/\/i0.wp.com\/sergiobertoldi.com\/wp-content\/uploads\/2025\/04\/cleber-xavier-e-tite.jpg.jpg?resize=300%2C169&amp;ssl=1 300w, https:\/\/i0.wp.com\/sergiobertoldi.com\/wp-content\/uploads\/2025\/04\/cleber-xavier-e-tite.jpg.jpg?resize=768%2C432&amp;ssl=1 768w, https:\/\/i0.wp.com\/sergiobertoldi.com\/wp-content\/uploads\/2025\/04\/cleber-xavier-e-tite.jpg.jpg?resize=1536%2C864&amp;ssl=1 1536w, https:\/\/i0.wp.com\/sergiobertoldi.com\/wp-content\/uploads\/2025\/04\/cleber-xavier-e-tite.jpg.jpg?w=1920&amp;ssl=1 1920w, https:\/\/i0.wp.com\/sergiobertoldi.com\/wp-content\/uploads\/2025\/04\/cleber-xavier-e-tite.jpg.jpg?w=1600&amp;ssl=1 1600w\" sizes=\"auto, (max-width: 800px) 100vw, 800px\" \/><\/p>\n<p style=\"text-align: justify;\"><span style=\"font-family: tahoma, arial, helvetica, sans-serif; font-size: 14pt;\">Com o afastamento de Tite, que anunciou uma pausa na sua carreira para cuidar da sa\u00fade mental, Cl\u00e9ber decidiu dar in\u00edcio \u00e0 carreira solo como t\u00e9cnico principal, e enxerga no convite do Santos uma grande oportunidade de dar esse primeiro passo.<\/span><\/p>\n<p style=\"text-align: justify;\"><span style=\"font-family: tahoma, arial, helvetica, sans-serif; font-size: 14pt;\">Cleber Xavier ser\u00e1 apresentado oficialmente em coletiva de imprensa nesta quarta-feira, 30, \u00e0s 12h30, e j\u00e1 comandar\u00e1 o Peixe na partida contra o CRB, no dia seguinte, \u00e0s 18h, na Vila Belmiro, em duelo v\u00e1lido pelo jogo de ida da terceira fase da Copa do Brasil de 2025.<\/span><\/p>\n<p style=\"text-align: justify;\"><span style=\"font-family: tahoma, arial, helvetica, sans-serif; font-size: 14pt;\">J\u00e1 no Domingo (04), o Alvinegro Praiano joga pelo Campeonato Brasileiro, diante do Gr\u00eamio, \u00e0s 16h, em Porto Alegre, pela 7\u00aa rodada. O time \u00e9 o vice-lanterna com apenas uma vit\u00f3ria em seis partidas.<\/span><\/p>\n<p><span style=\"font-size: 14pt;\"><strong><u>PITACOS DO BERTOLDI<\/u><\/strong><\/span><\/p>\n<p style=\"text-align: justify;\"><span style=\"font-family: tahoma, arial, helvetica, sans-serif; font-size: 14pt;\">O Santos Futebol Clube, clube historicamente vinculado ao DNA ofensivo, e \u00e0 revela\u00e7\u00e3o de craques, inicia um novo ciclo sob o comando de Cleber Xavier, ex-auxiliar de Tite por 24 anos. <\/span><br \/>\n<span style=\"font-family: tahoma, arial, helvetica, sans-serif; font-size: 14pt;\">A contrata\u00e7\u00e3o do t\u00e9cnico de 61 anos, que assume pela primeira vez como t\u00e9cnico principal, mistura experi\u00eancia acumulada em comiss\u00f5es t\u00e9cnicas de alto n\u00edvel e a ambi\u00e7\u00e3o de construir uma identidade pr\u00f3pria.<\/span><br \/>\n<span style=\"font-family: tahoma, arial, helvetica, sans-serif; font-size: 14pt;\"> Com um elenco em fase de reestrutura\u00e7\u00e3o ap\u00f3s o retorno \u00e0 S\u00e9rie A, o Alvinegro Praiano busca estabilidade t\u00e9cnica e resgatar o protagonismo perdido nos \u00faltimos anos.<\/span><\/p>\n<p style=\"text-align: justify;\"><span style=\"font-family: tahoma, arial, helvetica, sans-serif; font-size: 14pt;\">A chegada de Xavier n\u00e3o se limita a uma simples troca no banco: traz consigo filosofias de gest\u00e3o humana, influ\u00eancias t\u00e1ticas do per\u00edodo ao lado de Tite e o desafio de conciliar expectativas imediatistas com um projeto de m\u00e9dio prazo!<\/span><\/p>\n<p style=\"text-align: justify;\"><span style=\"font-family: tahoma, arial, helvetica, sans-serif; font-size: 14pt;\">Um fato chama positivamente a aten\u00e7\u00e3o do torcedor Santista: Mesmo tendo sido durante 24 anos, Auxiliar T\u00e9cnico e &#8220;Bra\u00e7o Direito&#8221; do t\u00e9cnico Tite, Cleber Xavier tem seu modo pr\u00f3prio de enxergar futebol, e prefere armar seu time de maneira mais ofensiva! Gosta de times mais verticais, que trabalhem bem a bola e n\u00e3o pratiquem a chamada &#8220;Liga\u00e7\u00e3o Direta&#8221;<\/span><span style=\"font-family: tahoma, arial, helvetica, sans-serif; font-size: 14pt;\">\u00a0 \u00a0 \u00a0 \u00a0 \u00a0 \u00a0 \u00a0 \u00a0 \u00a0 \u00a0 \u00a0 \u00a0 \u00a0 \u00a0 \u00a0 \u00a0 \u00a0 \u00a0 \u00a0 \u00a0 \u00a0 \u00a0 \u00a0 \u00a0 \u00a0 \u00a0 \u00a0 \u00a0 \u00a0 \u00a0 \u00a0 \u00a0 \u00a0 \u00a0 \u00a0 \u00a0 \u00a0 \u00a0 \u00a0 \u00a0 \u00a0 \u00a0 \u00a0 \u00a0 \u00a0 \u00a0 \u00a0 \u00a0 \u00a0 \u00a0 \u00a0 \u00a0 \u00a0 \u00a0 \u00a0 \u00a0 \u00a0 \u00a0 \u00a0 \u00a0 \u00a0 \u00a0 \u00a0 \u00a0 \u00a0 \u00a0 \u00a0 \u00a0 \u00a0 \u00a0 \u00a0 \u00a0 \u00a0 \u00a0 \u00a0 \u00a0 \u00a0 \u00a0 \u00a0 \u00a0 \u00a0\u00a0<\/span><\/p>\n<p><span style=\"font-size: 14pt;\"><strong><u>Acompanhe a Chegada do novo treinador ao CT Rei Pel\u00e9<\/u><\/strong><\/span><\/p>\n<div class=\"jetpack-video-wrapper\"><iframe loading=\"lazy\" title=\"CLEBER XAVIER E NOVA COMISS\u00c3O CHEGAM AO CT REI PEL\u00c9\" width=\"800\" height=\"450\" src=\"https:\/\/www.youtube.com\/embed\/E4IZOKZsrPY?feature=oembed\" frameborder=\"0\" allow=\"accelerometer; autoplay; clipboard-write; encrypted-media; gyroscope; picture-in-picture; web-share\" referrerpolicy=\"strict-origin-when-cross-origin\" allowfullscreen><\/iframe><\/div>\n<p><span style=\"font-size: 14pt;\"><strong><u>Acompanhe um pouco do primeiro treino com a nova Comiss\u00e3o T\u00e9cnica<\/u><\/strong><\/span><\/p>\n<div class=\"jetpack-video-wrapper\"><iframe loading=\"lazy\" title=\"O PRIMEIRO TREINO DE CLEBER XAVIER NO CT REI PEL\u00c9\" width=\"800\" height=\"450\" src=\"https:\/\/www.youtube.com\/embed\/WM2uNj6EG5M?feature=oembed\" frameborder=\"0\" allow=\"accelerometer; autoplay; clipboard-write; encrypted-media; gyroscope; picture-in-picture; web-share\" referrerpolicy=\"strict-origin-when-cross-origin\" allowfullscreen><\/iframe><\/div>\n<p>&nbsp;<\/p>\n<p><span style=\"font-size: 14pt;\">(Cr\u00e9dito: Imagem: Raul Baretta\/Santos FC)<\/span><br \/>\n<span style=\"font-size: 14pt;\">(Cr\u00e9dito: Imagem: SantosTV\/Divulga\u00e7\u00e3o\/Santos FC)<\/span><\/p>\n<p><span style=\"font-size: 14pt;\">Falamos das coisas do Santos, sempre com a parceria e o apoio dos nossos anunciantes!<\/span><\/p>\n<p>&nbsp;<\/p>\n<p>&nbsp;<\/p>\n","protected":false},"excerpt":{"rendered":"<p>Al\u00f4 Na\u00e7\u00e3o Santista! Sauda\u00e7\u00f5es Alvinegras! Nesta ter\u00e7a-feira, (29), o\u00a0Santos Futebol Clube anunciou oficialmente a contrata\u00e7\u00e3o de Cl\u00e9ber Xavier como novo<\/p>\n","protected":false},"author":2,"featured_media":7155,"comment_status":"open","ping_status":"open","sticky":false,"template":"","format":"standard","meta":{"colormag_page_container_layout":"default_layout","colormag_page_sidebar_layout":"default_layout","_jetpack_memberships_contains_paid_content":false,"footnotes":""},"categories":[4,10,31,1,32],"tags":[6],"class_list":["post-7146","post","type-post","status-publish","format-standard","has-post-thumbnail","hentry","category-bastidores-do-santos-fc","category-elenco-profissional","category-quem-chega-e-quem-sai","category-sem-categoria","category-treinador-santista","tag-santos-fc"],"jetpack_featured_media_url":"https:\/\/i0.wp.com\/sergiobertoldi.com\/wp-content\/uploads\/2025\/04\/Tecnico-do-Santos-JPG.jpg?fit=950%2C593&ssl=1","jetpack_likes_enabled":true,"jetpack_sharing_enabled":true,"_links":{"self":[{"href":"https:\/\/sergiobertoldi.com\/index.php\/wp-json\/wp\/v2\/posts\/7146","targetHints":{"allow":["GET"]}}],"collection":[{"href":"https:\/\/sergiobertoldi.com\/index.php\/wp-json\/wp\/v2\/posts"}],"about":[{"href":"https:\/\/sergiobertoldi.com\/index.php\/wp-json\/wp\/v2\/types\/post"}],"author":[{"embeddable":true,"href":"https:\/\/sergiobertoldi.com\/index.php\/wp-json\/wp\/v2\/users\/2"}],"replies":[{"embeddable":true,"href":"https:\/\/sergiobertoldi.com\/index.php\/wp-json\/wp\/v2\/comments?post=7146"}],"version-history":[{"count":7,"href":"https:\/\/sergiobertoldi.com\/index.php\/wp-json\/wp\/v2\/posts\/7146\/revisions"}],"predecessor-version":[{"id":7160,"href":"https:\/\/sergiobertoldi.com\/index.php\/wp-json\/wp\/v2\/posts\/7146\/revisions\/7160"}],"wp:featuredmedia":[{"embeddable":true,"href":"https:\/\/sergiobertoldi.com\/index.php\/wp-json\/wp\/v2\/media\/7155"}],"wp:attachment":[{"href":"https:\/\/sergiobertoldi.com\/index.php\/wp-json\/wp\/v2\/media?parent=7146"}],"wp:term":[{"taxonomy":"category","embeddable":true,"href":"https:\/\/sergiobertoldi.com\/index.php\/wp-json\/wp\/v2\/categories?post=7146"},{"taxonomy":"post_tag","embeddable":true,"href":"https:\/\/sergiobertoldi.com\/index.php\/wp-json\/wp\/v2\/tags?post=7146"}],"curies":[{"name":"wp","href":"https:\/\/api.w.org\/{rel}","templated":true}]}}