{"id":7133,"date":"2025-04-20T18:35:32","date_gmt":"2025-04-20T21:35:32","guid":{"rendered":"https:\/\/sergiobertoldi.com\/?p=7133"},"modified":"2025-04-29T00:10:34","modified_gmt":"2025-04-29T03:10:34","slug":"santos-volta-a-jogar-mal-e-e-derrotado-pelo-sao-paulo-no-morumbi","status":"publish","type":"post","link":"https:\/\/sergiobertoldi.com\/index.php\/2025\/04\/20\/santos-volta-a-jogar-mal-e-e-derrotado-pelo-sao-paulo-no-morumbi\/","title":{"rendered":"Santos volta a jogar mal e \u00e9 derrotado pelo S\u00e3o Paulo no Morumbi"},"content":{"rendered":"<p><span style=\"font-family: helvetica, arial, sans-serif; font-size: 14pt;\"><strong><u>Al\u00f4 Na\u00e7\u00e3o Santista! Sauda\u00e7\u00f5es Alvinegras!<\/u><\/strong><\/span><\/p>\n<p style=\"text-align: justify;\"><span style=\"font-family: tahoma, arial, helvetica, sans-serif; font-size: 14pt;\">Neste domingo (20), o Santos perdeu o cl\u00e1ssico Sans\u00e3o para o S\u00e3o Paulo por 2 a 1, em uma partida do Campeonato Brasileiro, realizada no Est\u00e1dio do Morumbi.<\/span><br \/>\n<span style=\"font-family: tahoma, arial, helvetica, sans-serif; font-size: 14pt;\">Com gol assinalado pelo ponta <strong>Ferreirinha<\/strong>, o S\u00e3o Paulo abriu o placar com menos de 10\u00ba minutos de jogo, aos 22\u00ba ampliou com <strong>Andr\u00e9 Silva<\/strong>.<\/span><br \/>\n<span style=\"font-family: tahoma, arial, helvetica, sans-serif; font-size: 14pt;\"><strong>Tiquinho Soares<\/strong>, de p\u00eanalti, aos 44\u00ba da primeira etapa, marcou o gol do Peixe.<\/span><\/p>\n<p style=\"text-align: justify;\"><span style=\"font-family: tahoma, arial, helvetica, sans-serif; font-size: 14pt;\">Desde a sa\u00edda do t\u00e9cnico Pedro Caixinha, a equipe de Vila Belmiro tem sido comandada de forma interina pelo Auxiliar T\u00e9cnico C\u00e9sar Sampaio. Atualmente, o Santos caiu para a <strong>16\u00aa<\/strong> coloca\u00e7\u00e3o no Campeonato Brasileiro, somando apenas quatro pontos.<\/span><\/p>\n<p style=\"text-align: justify;\"><span style=\"font-family: tahoma, arial, helvetica, sans-serif; font-size: 14pt;\">O Santos volta a campo no pr\u00f3ximo domingo (27), quando encara o Red Bull Bragantino \u00e0s 20h30, na Vila Belmiro, em partida valida pela 6\u00aa rodada do Campeonato Brasileiro.<\/span><\/p>\n<p style=\"text-align: justify;\"><span style=\"text-decoration: underline;\"><span style=\"font-family: georgia, palatino, serif; font-size: 14pt;\"><strong>FICHA T\u00c9CNICA<\/strong><\/span><\/span><br \/>\n<span style=\"font-family: tahoma, arial, helvetica, sans-serif; font-size: 14pt;\"><strong><span style=\"text-decoration: underline;\"><span style=\"font-family: georgia, palatino, serif;\">S\u00c3O PAULO<\/span> <\/span>2 X 1 <span style=\"text-decoration: underline;\"><span style=\"font-family: georgia, palatino, serif;\">SANTOS<\/span><\/span><\/strong><\/span><br \/>\n<span style=\"font-family: tahoma, arial, helvetica, sans-serif; font-size: 14pt;\"><span style=\"font-family: georgia, palatino, serif;\"><strong>Local:<\/strong><\/span>\u00a0Est\u00e1dio do Morumbis, S\u00e3o Paulo (SP)<\/span><br \/>\n<span style=\"font-family: tahoma, arial, helvetica, sans-serif; font-size: 14pt;\"><span style=\"font-family: georgia, palatino, serif;\"><strong>Data:<\/strong>\u00a0<\/span>20 de abril de 2025 (domingo)<\/span><br \/>\n<span style=\"font-family: tahoma, arial, helvetica, sans-serif; font-size: 14pt;\"><span style=\"font-family: georgia, palatino, serif;\"><strong>Hora:<\/strong><\/span>\u00a0\u00e0s 16h (de Bras\u00edlia)<\/span><br \/>\n<span style=\"font-family: tahoma, arial, helvetica, sans-serif; font-size: 14pt;\"><span style=\"font-family: georgia, palatino, serif;\"><strong>\u00c1rbitro:<\/strong><\/span>\u00a0Wilton Pereira Sampaio (GO)<\/span><br \/>\n<span style=\"font-family: tahoma, arial, helvetica, sans-serif; font-size: 14pt;\"><span style=\"font-family: georgia, palatino, serif;\"><strong>Assistentes:<\/strong><\/span>\u00a0Neuza In\u00eas Back (SC) e Alex Ang Ribeiro (SP)<\/span><br \/>\n<span style=\"font-family: tahoma, arial, helvetica, sans-serif; font-size: 14pt;\"><span style=\"font-family: georgia, palatino, serif;\"><strong>VAR:<\/strong><\/span>\u00a0Carlos Eduardo Nunes Braga (RJ)<\/span><br \/>\n<span style=\"font-family: tahoma, arial, helvetica, sans-serif; font-size: 14pt;\"><span style=\"text-decoration: underline;\"><span style=\"font-family: georgia, palatino, serif; background-color: #ffff00;\"><strong>Cart\u00f5es amarelos:<\/strong><\/span><\/span> Sabino, Marcos Ant\u00f4nio, Rafael, Alisson, Matheus Alves, Rodriguinho, Enzo e Zubeld\u00eda (S\u00e3o Paulo)<br \/>\n<span style=\"text-decoration: underline;\"><span style=\"font-family: georgia, palatino, serif; background-color: #ffff00;\"><strong>Cart\u00f5es amarelos:<\/strong><\/span><\/span>\u00a0Rollheiser e Tiquinho (Santos)<\/span><br \/>\n<span style=\"font-family: tahoma, arial, helvetica, sans-serif; font-size: 14pt;\"><span style=\"font-family: georgia, palatino, serif;\"><strong>GOLS:<\/strong><\/span>\u00a0Ferreirinha, aos 9 do 1\u00baT, Andr\u00e9 Silva, aos 22 do 1\u00baT (S\u00e3o Paulo); Tiquinho Soares, aos 44 do 1\u00baT (Santos)<\/span><\/p>\n<p><span style=\"font-family: tahoma, arial, helvetica, sans-serif; font-size: 14pt;\"><span style=\"font-family: georgia, palatino, serif;\"><strong><span style=\"text-decoration: underline;\">S\u00c3O PAULO<\/span>:<\/strong><\/span>\u00a0Rafael; C\u00e9dric (Igor Vin\u00edcius), Sabino, Ruan e Enzo D\u00edaz; Alisson, Marcos Ant\u00f4nio (Rodriguinho) e Alves (Ferraresi); Lucas Ferreira (Bobadilla), Andr\u00e9 Silva e Ferreira (Lucca).<\/span><br \/>\n<span style=\"font-family: tahoma, arial, helvetica, sans-serif; font-size: 14pt;\"><strong>T\u00e9cnico:<\/strong>\u00a0Luis Zubeld\u00eda<\/span><\/p>\n<p><span style=\"font-family: tahoma, arial, helvetica, sans-serif; font-size: 14pt;\"><span style=\"font-family: georgia, palatino, serif;\"><strong><span style=\"text-decoration: underline;\">SANTOS<\/span>: <\/strong><\/span>Gabriel Braz\u00e3o; L\u00e9o Godoy (JP Chermont), Z\u00e9 Ivaldo, Gil e Escobar; Jo\u00e3o Schmidt (Thaciano), Gabriel Bontempo (Pituca) e Rollheiser; Barreal (Veron), Guilherme (Deivid Washington) e Tiquinho Soares<\/span><br \/>\n<span style=\"font-family: tahoma, arial, helvetica, sans-serif; font-size: 14pt;\"><strong>T\u00e9cnico:\u00a0<\/strong>C\u00e9sar Sampaio (interino)<\/span><\/p>\n<p><strong><u><img data-recalc-dims=\"1\" loading=\"lazy\" decoding=\"async\" class=\"size-full wp-image-6799 alignleft\" src=\"https:\/\/i0.wp.com\/sergiobertoldi.com\/wp-content\/uploads\/2025\/01\/Bola-Cheia-copia-150x60-1.png?resize=150%2C60&#038;ssl=1\" alt=\"\" width=\"150\" height=\"60\" \/><span style=\"font-size: 14pt;\">Rollheiser<\/span><\/u><\/strong> <span style=\"font-family: tahoma, arial, helvetica, sans-serif; font-size: 14pt;\">O meia-atacante foi o \u00fanico destaque positivo do Santos, criando jogadas ofensivas mesmo sob press\u00e3o.<\/span><\/p>\n<p>&nbsp;<\/p>\n<p><strong><u><img data-recalc-dims=\"1\" loading=\"lazy\" decoding=\"async\" class=\"size-full wp-image-6800 alignleft\" src=\"https:\/\/i0.wp.com\/sergiobertoldi.com\/wp-content\/uploads\/2025\/01\/Bola-Murcha-Copia-150x60-1.png?resize=150%2C60&#038;ssl=1\" alt=\"\" width=\"150\" height=\"60\" \/><span style=\"font-size: 14pt;\">Jo\u00e3o Schmidt<\/span><\/u><\/strong> <span style=\"font-family: tahoma, arial, helvetica, sans-serif; font-size: 14pt;\">O volante fez uma partida muito ruim, cometeu erros ao tentar sair jogando, erros esses que resultaram na vit\u00f3ria do S\u00e3o Paulo.<\/span><\/p>\n<p>&nbsp;<\/p>\n<p><span style=\"font-size: 14pt;\"><strong><u>PITACOS DO BERTOLDI<\/u><\/strong><\/span><\/p>\n<p><span style=\"font-family: tahoma, arial, helvetica, sans-serif; font-size: 14pt;\">A derrota do Santos para o S\u00e3o Paulo no Morumbi, foi resultado de uma soma de fatores: falhas defensivas individuais, aus\u00eancia de criatividade no meio-campo, a op\u00e7\u00e3o por um esquema t\u00e1tico conservador e a incapacidade de aproveitar momentos decisivos.<\/span><\/p>\n<p><span style=\"font-family: tahoma, arial, helvetica, sans-serif; font-size: 14pt;\">J\u00e1 o S\u00e3o Paulo, soube explorar a agilidade de talentos jovens mesclara a experiencia de jogadores mais tarimbados!<\/span><br \/>\n<span style=\"font-family: tahoma, arial, helvetica, sans-serif; font-size: 14pt;\">O Santos acabou preso de uma transi\u00e7\u00e3o institucional mal conduzida, evidenciada pela interinidade no comando t\u00e9cnico e pela desorganiza\u00e7\u00e3o interna.<\/span><\/p>\n<p><span style=\"font-family: tahoma, arial, helvetica, sans-serif; font-size: 14pt;\">Para os pr\u00f3ximos jogos, o Alvinegro Praiano precisar\u00e1 com urg\u00eancia, corrigir suas vulnerabilidades defensivas, encontrar no pr\u00f3prio elenco, um articulador de jogadas que fa\u00e7a a liga\u00e7\u00e3o entre o meio de campo e o ataque, e definir um plano t\u00e1tico bem estruturado.<\/span><\/p>\n<p><span style=\"font-family: tahoma, arial, helvetica, sans-serif; font-size: 14pt;\">Os erros individuais mais cr\u00edticos do Santos durante o jogo contra o S\u00e3o Paulo no Morumbi, foram principalmente na defesa e na sa\u00edda de bola. No primeiro gol, aos 9 minutos, o volante <strong>Jo\u00e3o Schmidt<\/strong> cometeu um erro de passe na sa\u00edda, o que iniciou a jogada do S\u00e3o Paulo; na sequ\u00eancia, os zagueiros <strong>Gil<\/strong> e <strong>Z\u00e9 Ivaldo<\/strong> n\u00e3o conseguiram acompanhar a passagem do atacante <strong>Ferreirinha<\/strong>, permitindo o gol.<\/span><\/p>\n<p><span style=\"font-family: tahoma, arial, helvetica, sans-serif; font-size: 14pt;\">No segundo gol, tamb\u00e9m no primeiro tempo, Jo\u00e3o Schmidt novamente falhou ao n\u00e3o acompanhar o ataque advers\u00e1rio, Gil n\u00e3o conseguiu interceptar um passe importante e Z\u00e9 Ivaldo n\u00e3o chegou a tempo para impedir a finaliza\u00e7\u00e3o de Andr\u00e9 Silva dentro da \u00e1rea. Al\u00e9m disso, o lateral <strong>Enzo D\u00edaz<\/strong> cometeu um p\u00eanalti infantil ao saltar com o bra\u00e7o aberto dentro da \u00e1rea, que resultou no gol de p\u00eanalti de <strong>Tiquinho Soares<\/strong> para o Santos.<\/span><\/p>\n<p><span style=\"font-family: tahoma, arial, helvetica, sans-serif; font-size: 14pt;\">Esses erros individuais, principalmente na marca\u00e7\u00e3o e na sa\u00edda de bola, foram decisivos para o resultado negativo do Santos na partida, evidenciando falhas de concentra\u00e7\u00e3o e posicionamento que comprometeram a equipe desde os primeiros minutos<strong><u>\u00a0<\/u><\/strong><\/span><\/p>\n<p><span style=\"font-family: tahoma, arial, helvetica, sans-serif; font-size: 14pt;\"><strong><u>Acompanhe a Coletiva do T\u00e9cnico C\u00e9sar Sampaio<\/u><\/strong><\/span><\/p>\n<div class=\"jetpack-video-wrapper\"><iframe loading=\"lazy\" title=\"C\u00c9SAR SAMPAIO | COLETIVA (20\/04\/25)\" width=\"800\" height=\"450\" src=\"https:\/\/www.youtube.com\/embed\/kDgAZ8w5vWw?feature=oembed\" frameborder=\"0\" allow=\"accelerometer; autoplay; clipboard-write; encrypted-media; gyroscope; picture-in-picture; web-share\" referrerpolicy=\"strict-origin-when-cross-origin\" allowfullscreen><\/iframe><\/div>\n<p><span style=\"font-family: tahoma, arial, helvetica, sans-serif; font-size: 14pt;\">(Cr\u00e9dito: Imagem: Raul Baretta\/Santos FC)<\/span><br \/>\n<span style=\"font-family: tahoma, arial, helvetica, sans-serif; font-size: 14pt;\">\u00a0(Cr\u00e9dito: Imagem: SantosTV\/Divulga\u00e7\u00e3o\/Santos FC)<\/span><\/p>\n<p><span style=\"font-family: tahoma, arial, helvetica, sans-serif; font-size: 14pt;\">Falamos das coisas do Santos, sempre com a parceria e o apoio dos nossos anunciantes!<\/span><\/p>\n<p>&nbsp;<\/p>\n<div id=\"gtx-trans\" style=\"position: absolute; left: 851px; top: 2038px;\">\n<div class=\"gtx-trans-icon\"><\/div>\n<\/div>\n","protected":false},"excerpt":{"rendered":"<p>Al\u00f4 Na\u00e7\u00e3o Santista! Sauda\u00e7\u00f5es Alvinegras! Neste domingo (20), o Santos perdeu o cl\u00e1ssico Sans\u00e3o para o S\u00e3o Paulo por 2<\/p>\n","protected":false},"author":2,"featured_media":7136,"comment_status":"open","ping_status":"open","sticky":false,"template":"","format":"standard","meta":{"colormag_page_container_layout":"default_layout","colormag_page_sidebar_layout":"default_layout","_jetpack_memberships_contains_paid_content":false,"footnotes":""},"categories":[12,11],"tags":[6],"class_list":["post-7133","post","type-post","status-publish","format-standard","has-post-thumbnail","hentry","category-analise-e-comentario","category-campeonato-brasileiro","tag-santos-fc"],"jetpack_featured_media_url":"https:\/\/i0.wp.com\/sergiobertoldi.com\/wp-content\/uploads\/2025\/04\/54464904433_2b0cac1d1d_z.jpg?fit=640%2C512&ssl=1","jetpack_likes_enabled":true,"jetpack_sharing_enabled":true,"_links":{"self":[{"href":"https:\/\/sergiobertoldi.com\/index.php\/wp-json\/wp\/v2\/posts\/7133","targetHints":{"allow":["GET"]}}],"collection":[{"href":"https:\/\/sergiobertoldi.com\/index.php\/wp-json\/wp\/v2\/posts"}],"about":[{"href":"https:\/\/sergiobertoldi.com\/index.php\/wp-json\/wp\/v2\/types\/post"}],"author":[{"embeddable":true,"href":"https:\/\/sergiobertoldi.com\/index.php\/wp-json\/wp\/v2\/users\/2"}],"replies":[{"embeddable":true,"href":"https:\/\/sergiobertoldi.com\/index.php\/wp-json\/wp\/v2\/comments?post=7133"}],"version-history":[{"count":2,"href":"https:\/\/sergiobertoldi.com\/index.php\/wp-json\/wp\/v2\/posts\/7133\/revisions"}],"predecessor-version":[{"id":7137,"href":"https:\/\/sergiobertoldi.com\/index.php\/wp-json\/wp\/v2\/posts\/7133\/revisions\/7137"}],"wp:featuredmedia":[{"embeddable":true,"href":"https:\/\/sergiobertoldi.com\/index.php\/wp-json\/wp\/v2\/media\/7136"}],"wp:attachment":[{"href":"https:\/\/sergiobertoldi.com\/index.php\/wp-json\/wp\/v2\/media?parent=7133"}],"wp:term":[{"taxonomy":"category","embeddable":true,"href":"https:\/\/sergiobertoldi.com\/index.php\/wp-json\/wp\/v2\/categories?post=7133"},{"taxonomy":"post_tag","embeddable":true,"href":"https:\/\/sergiobertoldi.com\/index.php\/wp-json\/wp\/v2\/tags?post=7133"}],"curies":[{"name":"wp","href":"https:\/\/api.w.org\/{rel}","templated":true}]}}