{"id":7046,"date":"2025-03-19T14:27:31","date_gmt":"2025-03-19T17:27:31","guid":{"rendered":"https:\/\/sergiobertoldi.com\/?p=7046"},"modified":"2025-03-27T09:57:27","modified_gmt":"2025-03-27T12:57:27","slug":"rede-globo-reune-dirigentes-das-series-a-e-b-do-futebol-brasileiro-em-um-evento-realizado-na-sede-da-emissora-em-sao-paulo","status":"publish","type":"post","link":"https:\/\/sergiobertoldi.com\/index.php\/2025\/03\/19\/rede-globo-reune-dirigentes-das-series-a-e-b-do-futebol-brasileiro-em-um-evento-realizado-na-sede-da-emissora-em-sao-paulo\/","title":{"rendered":"Rede Globo re\u00fane Dirigentes das S\u00e9ries A e B do futebol brasileiro em um evento realizado na sede da emissora em S\u00e3o Paulo."},"content":{"rendered":"<p><span style=\"font-family: helvetica, arial, sans-serif; font-size: 14pt;\"><strong><u>Al\u00f4 Na\u00e7\u00e3o Santista! Sauda\u00e7\u00f5es Alvinegras!<\/u><\/strong><\/span><\/p>\n<p style=\"text-align: justify;\"><span style=\"font-family: tahoma, arial, helvetica, sans-serif; font-size: 14pt;\">Nesta quarta-feira, dia 19 de mar\u00e7o, a sede da <strong>Rede Globo<\/strong> em S\u00e3o Paulo foi palco de um evento significativo que reuniu importantes lideran\u00e7as do futebol brasileiro e do mercado publicit\u00e1rio.<br \/>\n<\/span><span style=\"font-family: tahoma, arial, helvetica, sans-serif; font-size: 14pt;\">Estiveram presentes os <strong>presidentes<\/strong> e <strong>representantes <\/strong>dos <strong>40 <\/strong>clubes da S\u00e9rie A e B do futebol brasileiro, da <strong>CBF<\/strong>, <strong>Federa\u00e7\u00f5es<\/strong>, da <strong>Libra<\/strong> e da <strong>LFU<\/strong>, assim como executivos do setor publicit\u00e1rio, executivos de empresas de distribui\u00e7\u00e3o e patrocinadores, tamb\u00e9m marcaram presen\u00e7a.<\/span><\/p>\n<p><img data-recalc-dims=\"1\" loading=\"lazy\" decoding=\"async\" class=\"aligncenter wp-image-7052 size-large\" src=\"https:\/\/i0.wp.com\/sergiobertoldi.com\/wp-content\/uploads\/2025\/03\/snapedit-2.png?resize=800%2C451&#038;ssl=1\" alt=\"\" width=\"800\" height=\"451\" srcset=\"https:\/\/i0.wp.com\/sergiobertoldi.com\/wp-content\/uploads\/2025\/03\/snapedit-2.png?resize=1024%2C577&amp;ssl=1 1024w, https:\/\/i0.wp.com\/sergiobertoldi.com\/wp-content\/uploads\/2025\/03\/snapedit-2.png?resize=300%2C169&amp;ssl=1 300w, https:\/\/i0.wp.com\/sergiobertoldi.com\/wp-content\/uploads\/2025\/03\/snapedit-2.png?resize=768%2C432&amp;ssl=1 768w, https:\/\/i0.wp.com\/sergiobertoldi.com\/wp-content\/uploads\/2025\/03\/snapedit-2.png?resize=1536%2C865&amp;ssl=1 1536w, https:\/\/i0.wp.com\/sergiobertoldi.com\/wp-content\/uploads\/2025\/03\/snapedit-2.png?w=1600&amp;ssl=1 1600w\" sizes=\"auto, (max-width: 800px) 100vw, 800px\" \/><\/p>\n<p style=\"text-align: justify;\"><span style=\"font-family: tahoma, arial, helvetica, sans-serif; font-size: 14pt;\">Representantes de clubes como <strong>Botafogo-SP, Atl\u00e9tico-GO, Am\u00e9rica-MG, Gr\u00eamio, Internacional, Chapecoense, Coritiba, Bragantino, Corinthians, Vasco, Brusque, Figueirense, Athletic, Juventude, Novorizontino, Amazonas, Volta Redonda, Londrina, Cear\u00e1, Ferrovi\u00e1ria, S\u00e3o Paulo, Ava\u00ed, Ituano, Palmeiras, Flamengo, Fortaleza, Santos, Paysandu, Ponte Preta, CRB, Crici\u00fama, Athletico, CSA, Goi\u00e1s, Cruzeiro, Bahia, Guarani, Fluminense, Atl\u00e9tico-MG, Botafogo e Sport <\/strong>tamb\u00e9m marcaram presen\u00e7a, assim como as federa\u00e7\u00f5es <strong>mineira<\/strong> e <strong>pernambucana<\/strong>.<\/span><\/p>\n<p style=\"text-align: justify;\"><span style=\"font-family: tahoma, arial, helvetica, sans-serif; font-size: 14pt;\">O objetivo do evento foi fortalecer a parceria entre a Globo e os clubes, promovendo o desenvolvimento do futebol nacional e garantindo maior visibilidade para o esporte.<\/span><br \/>\n<span style=\"font-family: tahoma, arial, helvetica, sans-serif; font-size: 14pt;\">Durante o encontro, a emissora destacou os contratos firmados entre a <strong>Globo<\/strong>, <strong>Libra<\/strong> e a <strong>LFU<\/strong> Liga Forte Uni\u00e3o, que garantiram \u00e0 emissora a maior oferta do Brasileir\u00e3o para os torcedores devido \u00e0 abrang\u00eancia e exclusividade das transmiss\u00f5es.<\/span><\/p>\n<p style=\"text-align: justify;\"><span style=\"font-family: tahoma, arial, helvetica, sans-serif; font-size: 14pt;\">A Globo negociou com os dois blocos de clubes, assegurando os direitos de transmiss\u00e3o de jogos tanto da Libra quanto da <strong>LFU<\/strong>, o que resultou em uma cobertura quase completa do campeonato.<\/span><br \/>\n<span style=\"font-family: tahoma, arial, helvetica, sans-serif; font-size: 14pt;\">Nos pr\u00f3ximos cinco anos, a <strong>TV Globo<\/strong>, <strong>Sportv<\/strong> e <strong>Pay-per-view<\/strong> <strong>Premiere<\/strong> exibir\u00e3o nove dos dez jogos de cada rodada do campeonato, sendo oito deles de forma exclusiva.<\/span><br \/>\n<span style=\"font-family: tahoma, arial, helvetica, sans-serif; font-size: 14pt;\">Os torcedores tamb\u00e9m poder\u00e3o acompanhar as partidas do Brasileir\u00e3o, nos canais <strong>abertos<\/strong> e <strong>fechados<\/strong> e tamb\u00e9m no <strong>streaming<\/strong>.<\/span><\/p>\n<p style=\"text-align: justify;\"><span style=\"font-family: tahoma, arial, helvetica, sans-serif; font-size: 14pt;\">Em <strong>janeiro<\/strong> de <strong>2025<\/strong>, a Globo estabeleceu um acordo com a <strong>Liga Forte Uni\u00e3o (LFU)<\/strong> para a exibi\u00e7\u00e3o de jogos dos clubes pertencentes ao grupo nas edi\u00e7\u00f5es do <strong>Brasileir\u00e3o<\/strong> de <strong>2025<\/strong> a <strong>2029<\/strong>.<\/span><br \/>\n<span style=\"font-family: tahoma, arial, helvetica, sans-serif; font-size: 14pt;\">O contrato inclui a transmiss\u00e3o das partidas como mandantes de <strong>Botafogo, Cear\u00e1, Corinthians, Cruzeiro, Fluminense, Fortaleza, Internacional, Juventude, Mirassol, Sport e Vasco.<\/strong><\/span><\/p>\n<p style=\"text-align: justify;\"><span style=\"font-family: tahoma, arial, helvetica, sans-serif; font-size: 14pt;\">Os <strong>11 clubes<\/strong> da <strong>LFU<\/strong> que est\u00e3o na S\u00e9rie A se uniram aos <strong>nove clubes <\/strong>da <strong>Libra<\/strong> nos canais da Globo.<\/span><br \/>\n<span style=\"font-family: tahoma, arial, helvetica, sans-serif; font-size: 14pt;\">A empresa j\u00e1 havia assinado um acordo em <strong>mar\u00e7o<\/strong> de <strong>2024 <\/strong>para exibir, com exclusividade, os jogos como mandantes de <strong>Atl\u00e9tico-MG, Bahia, Bragantino, Flamengo, Gr\u00eamio, Palmeiras, Santos, S\u00e3o Paulo e Vit\u00f3ria<\/strong>.<\/span><\/p>\n<p style=\"text-align: justify;\"><span style=\"font-family: tahoma, arial, helvetica, sans-serif; font-size: 14pt;\">O evento simbolizou um momento de celebra\u00e7\u00e3o e planejamento coletivo, visando o fortalecimento do futebol como produto e espet\u00e1culo. A parceria entre a Globo e os clubes promete trazer benef\u00edcios significativos para o esporte, ampliando sua visibilidade e consolidando sua posi\u00e7\u00e3o como um dos maiores entretenimentos do Brasil.<br \/>\n<\/span><span style=\"font-family: tahoma, arial, helvetica, sans-serif; font-size: 14pt;\"><strong>Paulo Marinho<\/strong>, diretor-presidente da Globo, enfatizou a import\u00e2ncia da uni\u00e3o entre clubes, federa\u00e7\u00f5es, patrocinadores e distribuidores para tornar o futebol mais equilibrado e emocionante para os torcedores.<\/span><\/p>\n<p><img data-recalc-dims=\"1\" loading=\"lazy\" decoding=\"async\" class=\"aligncenter wp-image-7053 size-large\" src=\"https:\/\/i0.wp.com\/sergiobertoldi.com\/wp-content\/uploads\/2025\/03\/snapedit.png?resize=800%2C451&#038;ssl=1\" alt=\"\" width=\"800\" height=\"451\" srcset=\"https:\/\/i0.wp.com\/sergiobertoldi.com\/wp-content\/uploads\/2025\/03\/snapedit.png?resize=1024%2C577&amp;ssl=1 1024w, https:\/\/i0.wp.com\/sergiobertoldi.com\/wp-content\/uploads\/2025\/03\/snapedit.png?resize=300%2C169&amp;ssl=1 300w, https:\/\/i0.wp.com\/sergiobertoldi.com\/wp-content\/uploads\/2025\/03\/snapedit.png?resize=768%2C432&amp;ssl=1 768w, https:\/\/i0.wp.com\/sergiobertoldi.com\/wp-content\/uploads\/2025\/03\/snapedit.png?resize=1536%2C865&amp;ssl=1 1536w, https:\/\/i0.wp.com\/sergiobertoldi.com\/wp-content\/uploads\/2025\/03\/snapedit.png?w=1600&amp;ssl=1 1600w\" sizes=\"auto, (max-width: 800px) 100vw, 800px\" \/><\/p>\n<p>&nbsp;<\/p>\n<blockquote>\n<p style=\"text-align: justify;\"><em><span style=\"font-family: georgia, palatino, serif; font-size: 14pt;\">\u201cEste \u00e9 um momento crucial para a uni\u00e3o do futebol brasileiro, visando o desenvolvimento e o espet\u00e1culo. A Globo \u00e9 uma parceira hist\u00f3rica do futebol, e estamos celebrando os contratos com a Libra e a LFU. O futebol \u00e9 uma paix\u00e3o nacional e faz parte da ess\u00eancia da Globo, consolidando uma forte conex\u00e3o com o Brasil e suas diversas express\u00f5es culturais. Ele \u00e9 o grande palco dessas culturas e est\u00e1 intrinsecamente ligado ao DNA da Globo \u2014 declarou Paulo Marinho<\/span><\/em><\/p>\n<\/blockquote>\n<p style=\"text-align: justify;\"><span style=\"font-family: tahoma, arial, helvetica, sans-serif; font-size: 14pt;\">(Cr\u00e9dito: Imagem: Foto Jornal Nacional\/Reprodu\u00e7\u00e3o)<br \/>\n<\/span><span style=\"font-family: tahoma, arial, helvetica, sans-serif; font-size: 14pt;\">Falamos das coisas do Santos, sempre com a parceria e o apoio dos nossos anunciantes!<\/span><\/p>\n","protected":false},"excerpt":{"rendered":"<p>Al\u00f4 Na\u00e7\u00e3o Santista! Sauda\u00e7\u00f5es Alvinegras! Nesta quarta-feira, dia 19 de mar\u00e7o, a sede da Rede Globo em S\u00e3o Paulo foi<\/p>\n","protected":false},"author":2,"featured_media":7054,"comment_status":"open","ping_status":"open","sticky":false,"template":"","format":"standard","meta":{"colormag_page_container_layout":"default_layout","colormag_page_sidebar_layout":"default_layout","_jetpack_memberships_contains_paid_content":false,"footnotes":""},"categories":[11,14],"tags":[6],"class_list":["post-7046","post","type-post","status-publish","format-standard","has-post-thumbnail","hentry","category-campeonato-brasileiro","category-gestao-e-negocios","tag-santos-fc"],"jetpack_featured_media_url":"https:\/\/i0.wp.com\/sergiobertoldi.com\/wp-content\/uploads\/2025\/03\/snapedit-3.png?fit=1440%2C876&ssl=1","jetpack_likes_enabled":true,"jetpack_sharing_enabled":true,"_links":{"self":[{"href":"https:\/\/sergiobertoldi.com\/index.php\/wp-json\/wp\/v2\/posts\/7046","targetHints":{"allow":["GET"]}}],"collection":[{"href":"https:\/\/sergiobertoldi.com\/index.php\/wp-json\/wp\/v2\/posts"}],"about":[{"href":"https:\/\/sergiobertoldi.com\/index.php\/wp-json\/wp\/v2\/types\/post"}],"author":[{"embeddable":true,"href":"https:\/\/sergiobertoldi.com\/index.php\/wp-json\/wp\/v2\/users\/2"}],"replies":[{"embeddable":true,"href":"https:\/\/sergiobertoldi.com\/index.php\/wp-json\/wp\/v2\/comments?post=7046"}],"version-history":[{"count":2,"href":"https:\/\/sergiobertoldi.com\/index.php\/wp-json\/wp\/v2\/posts\/7046\/revisions"}],"predecessor-version":[{"id":7055,"href":"https:\/\/sergiobertoldi.com\/index.php\/wp-json\/wp\/v2\/posts\/7046\/revisions\/7055"}],"wp:featuredmedia":[{"embeddable":true,"href":"https:\/\/sergiobertoldi.com\/index.php\/wp-json\/wp\/v2\/media\/7054"}],"wp:attachment":[{"href":"https:\/\/sergiobertoldi.com\/index.php\/wp-json\/wp\/v2\/media?parent=7046"}],"wp:term":[{"taxonomy":"category","embeddable":true,"href":"https:\/\/sergiobertoldi.com\/index.php\/wp-json\/wp\/v2\/categories?post=7046"},{"taxonomy":"post_tag","embeddable":true,"href":"https:\/\/sergiobertoldi.com\/index.php\/wp-json\/wp\/v2\/tags?post=7046"}],"curies":[{"name":"wp","href":"https:\/\/api.w.org\/{rel}","templated":true}]}}