{"id":6959,"date":"2025-02-27T13:22:45","date_gmt":"2025-02-27T16:22:45","guid":{"rendered":"https:\/\/sergiobertoldi.com\/?p=6959"},"modified":"2025-02-28T10:41:13","modified_gmt":"2025-02-28T13:41:13","slug":"santos-apresenta-deivid-washington-que-revela-orgulho-no-retorno-ao-alvinegro","status":"publish","type":"post","link":"https:\/\/sergiobertoldi.com\/index.php\/2025\/02\/27\/santos-apresenta-deivid-washington-que-revela-orgulho-no-retorno-ao-alvinegro\/","title":{"rendered":"Santos apresenta Deivid Washington que revela orgulho no retorno ao Alvinegro"},"content":{"rendered":"<p><span style=\"font-family: helvetica, arial, sans-serif; font-size: 14pt;\"><strong><u>Al\u00f4 Na\u00e7\u00e3o Santista! Sauda\u00e7\u00f5es Alvinegras!<\/u><\/strong><\/span><\/p>\n<p style=\"text-align: justify;\"><span style=\"font-family: tahoma, arial, helvetica, sans-serif; font-size: 14pt;\">O Santos Futebol Clube apresentou oficialmente nesta <strong>quinta-feira, <\/strong>(<strong>27<\/strong>), \u00e0s 12h30, na sala de imprensa da Vila Belmiro, o atacante <strong>Deivid Washington<\/strong>, jogador que chega para fortalecer o ataque do Peixe.<\/span><\/p>\n<p><img data-recalc-dims=\"1\" loading=\"lazy\" decoding=\"async\" class=\"aligncenter wp-image-6960 size-full\" src=\"https:\/\/i0.wp.com\/sergiobertoldi.com\/wp-content\/uploads\/2025\/02\/54353567737_ff73e2ec5b_z.jpg?resize=640%2C512&#038;ssl=1\" alt=\"\" width=\"640\" height=\"512\" srcset=\"https:\/\/i0.wp.com\/sergiobertoldi.com\/wp-content\/uploads\/2025\/02\/54353567737_ff73e2ec5b_z.jpg?w=640&amp;ssl=1 640w, https:\/\/i0.wp.com\/sergiobertoldi.com\/wp-content\/uploads\/2025\/02\/54353567737_ff73e2ec5b_z.jpg?resize=300%2C240&amp;ssl=1 300w\" sizes=\"auto, (max-width: 640px) 100vw, 640px\" \/><\/p>\n<p style=\"text-align: justify;\"><span style=\"font-family: tahoma, arial, helvetica, sans-serif; font-size: 14pt;\">O mais novo contratado esteve na Sala de Imprensa da Vila Belmiro, onde ao lado de um dos grandes \u00eddolos da hist\u00f3ria do Santos Futebol Clube, o ex meia esquerda e Camisa 10, <strong>Giovanni,<\/strong> foi oficialmente apresentado e concedeu sua primeira entrevista como jogador do Alvinegro Praiano!<\/span><\/p>\n<p><img data-recalc-dims=\"1\" loading=\"lazy\" decoding=\"async\" class=\"alignnone wp-image-6962\" src=\"https:\/\/i0.wp.com\/sergiobertoldi.com\/wp-content\/uploads\/2025\/02\/54353567862_142df7e1d1_e.jpg?resize=355%2C284&#038;ssl=1\" alt=\"\" width=\"355\" height=\"284\" srcset=\"https:\/\/i0.wp.com\/sergiobertoldi.com\/wp-content\/uploads\/2025\/02\/54353567862_142df7e1d1_e.jpg?resize=300%2C240&amp;ssl=1 300w, https:\/\/i0.wp.com\/sergiobertoldi.com\/wp-content\/uploads\/2025\/02\/54353567862_142df7e1d1_e.jpg?w=500&amp;ssl=1 500w\" sizes=\"auto, (max-width: 355px) 100vw, 355px\" \/> <img data-recalc-dims=\"1\" loading=\"lazy\" decoding=\"async\" class=\"alignnone wp-image-6963\" src=\"https:\/\/i0.wp.com\/sergiobertoldi.com\/wp-content\/uploads\/2025\/02\/54354856040_112091ba2c_e.jpg?resize=355%2C284&#038;ssl=1\" alt=\"\" width=\"355\" height=\"284\" srcset=\"https:\/\/i0.wp.com\/sergiobertoldi.com\/wp-content\/uploads\/2025\/02\/54354856040_112091ba2c_e.jpg?resize=300%2C240&amp;ssl=1 300w, https:\/\/i0.wp.com\/sergiobertoldi.com\/wp-content\/uploads\/2025\/02\/54354856040_112091ba2c_e.jpg?w=500&amp;ssl=1 500w\" sizes=\"auto, (max-width: 355px) 100vw, 355px\" \/><\/p>\n<p style=\"text-align: justify;\"><span style=\"font-family: tahoma, arial, helvetica, sans-serif; font-size: 14pt;\">Deivid Washington, retorna ao clube por empr\u00e9stimo at\u00e9 o fim da temporada.<br \/>\nA cerim\u00f4nia ocorreu na\u00a0<strong>Vila Belmiro<\/strong>, com a presen\u00e7a de dirigentes, jogadores e a imprensa esportiva. Deivid Washington, agora com a\u00a0<strong>camisa 36<\/strong>, expressou sua alegria e gratid\u00e3o por estar de volta ao clube onde foi revelado.<\/span><\/p>\n<blockquote><p><span style=\"font-size: 14pt;\">&#8220;Estou realmente feliz. Sempre quis jogar profissionalmente pelo Santos&#8221;.<\/span><\/p><\/blockquote>\n<p><span style=\"text-decoration: underline;\"><span style=\"font-size: 14pt;\"><strong>Dados do Jogador<\/strong><\/span><\/span><\/p>\n<ul>\n<li><span style=\"font-size: 14pt;\"><strong>Local de Nascimento:<\/strong><\/span>\u00a0<span style=\"font-family: tahoma, arial, helvetica, sans-serif; font-size: 14pt;\">Itumbiara, Goi\u00e1s.<\/span><\/li>\n<li><span style=\"font-size: 14pt;\"><strong>Data de Nascimento:<\/strong><\/span>\u00a0 <span style=\"font-family: tahoma, arial, helvetica, sans-serif; font-size: 14pt;\">5 de junho de 2005 (idade 19 anos)<\/span><\/li>\n<li><span style=\"font-size: 14pt;\"><strong>Altura e Peso:<\/strong><\/span>\u00a0<span style=\"font-family: tahoma, arial, helvetica, sans-serif; font-size: 14pt;\">1,87 m &#8211; 74 kg<\/span><\/li>\n<li><span style=\"font-size: 14pt;\"><strong>P\u00e9 Preferido:<\/strong><\/span>\u00a0<span style=\"font-family: tahoma, arial, helvetica, sans-serif; font-size: 14pt;\">\u00c9 Destro mas chuta bem com a esquerda tamb\u00e9m.<\/span><\/li>\n<li><span style=\"font-size: 14pt;\"><strong>Tempo de Contrato com o Santos:<\/strong>\u00a0<\/span><span style=\"font-family: tahoma, arial, helvetica, sans-serif; font-size: 14pt;\">O empr\u00e9stimo vai at\u00e9\u00a0<strong>31 de dezembro de 2025<\/strong>, com op\u00e7\u00e3o de compra.<\/span><\/li>\n<\/ul>\n<p><span style=\"text-decoration: underline;\"><span style=\"font-size: 14pt;\"><strong>Hist\u00f3rico de Carreira<\/strong><\/span><\/span><\/p>\n<p style=\"text-align: justify;\"><span style=\"font-family: tahoma, arial, helvetica, sans-serif; font-size: 14pt;\"><b>Deivid Washington de Souza Eug\u00eanio<\/b>), mais conhecido como <b>Deivid Washington,<\/b> come\u00e7ou sua carreira nas categorias de base do Gr\u00eamio-RS\u00a0aos oito anos de idade, antes de se transferir para\u00a0o Santos\u00a0tr\u00eas anos depois.<br \/>\nFoi o ex-jogador da sele\u00e7\u00e3o brasileira, <strong>Marcos Assun\u00e7\u00e3o,<\/strong> quem o apresentou ao Alvinegro de Vila Belmiro, onde come\u00e7ou a impressionar no\u00a0<strong>Campeonato Brasileiro Sub-17<\/strong>.<\/span><\/p>\n<p><span style=\"font-family: tahoma, arial, helvetica, sans-serif; font-size: 14pt;\">Aos 16 anos, Deivid assinou seu primeiro contrato profissional com o clube, que supostamente inclu\u00eda uma cl\u00e1usula de rescis\u00e3o\u00a0de R$\u00a0100 milh\u00f5es, vinculando-o ao clube pelos pr\u00f3ximos tr\u00eas anos.<br \/>\nEm <strong>2022<\/strong>, foi o artilheiro do Campeonato Paulista Sub-17, com <strong>16 gols<\/strong>, al\u00e9m de marcar outros <strong>seis<\/strong> gols no <strong>Campeonato Brasileiro<\/strong> desta categoria.<sup id=\"cite_ref-:0_4-2\" class=\"reference\"><\/sup><\/span><\/p>\n<p style=\"text-align: justify;\"><span style=\"font-family: tahoma, arial, helvetica, sans-serif; font-size: 14pt;\"><sup id=\"cite_ref-:0_4-1\" class=\"reference\"><\/sup><sup id=\"cite_ref-8\" class=\"reference\"><\/sup><sup id=\"cite_ref-:2_9-0\" class=\"reference\"><\/sup><sup id=\"cite_ref-10\" class=\"reference\"><\/sup>No Santos rapidamente se destacou como uma das principais revela\u00e7\u00f5es do clube.<br \/>\nEm <strong>2023<\/strong>, foi promovido ao time profissional e fez sua estreia, conquistando o cora\u00e7\u00e3o dos torcedores santistas.<br \/>\n<\/span><span style=\"font-family: tahoma, arial, helvetica, sans-serif; font-size: 14pt;\">Ap\u00f3s uma breve passagem pelo time principal, ele foi transferido para o\u00a0<strong>Chelsea<\/strong>\u00a0da Inglaterra em agosto de 2023.<\/span><\/p>\n<p style=\"text-align: justify;\"><span style=\"font-family: tahoma, arial, helvetica, sans-serif; font-size: 14pt;\">No Chelsea, Deivid teve poucas oportunidades na equipe principal, atuando principalmente pelo time sub-21.<\/span><br \/>\n<span style=\"font-family: tahoma, arial, helvetica, sans-serif; font-size: 14pt;\">Recentemente, ele participou do\u00a0<strong>Campeonato Sul-Americano Sub-20<\/strong>\u00a0com a Sele\u00e7\u00e3o Brasileira, onde o Brasil conquistou o t\u00edtulo e Deivid terminou como um dos principais artilheiros da competi\u00e7\u00e3o, marcando tr\u00eas gols em sete jogos.<\/span><\/p>\n<p><span style=\"font-size: 14pt;\"><strong><u>Hist\u00f3rico de t\u00edtulos que o jogador j\u00e1 conquistou na carreira<\/u><\/strong><\/span><\/p>\n<p><img data-recalc-dims=\"1\" loading=\"lazy\" decoding=\"async\" class=\"alignnone wp-image-6970 size-full\" src=\"https:\/\/i0.wp.com\/sergiobertoldi.com\/wp-content\/uploads\/2025\/02\/Titulos-David-Whashington.png?resize=439%2C199&#038;ssl=1\" alt=\"\" width=\"439\" height=\"199\" srcset=\"https:\/\/i0.wp.com\/sergiobertoldi.com\/wp-content\/uploads\/2025\/02\/Titulos-David-Whashington.png?w=439&amp;ssl=1 439w, https:\/\/i0.wp.com\/sergiobertoldi.com\/wp-content\/uploads\/2025\/02\/Titulos-David-Whashington.png?resize=300%2C136&amp;ssl=1 300w\" sizes=\"auto, (max-width: 439px) 100vw, 439px\" \/><\/p>\n<p style=\"text-align: justify;\"><span style=\"font-family: tahoma, arial, helvetica, sans-serif; font-size: 14pt;\">Durante a coletiva de imprensa, Deivid Washington expressou sua emo\u00e7\u00e3o ao retornar ao Santos e destacou a experi\u00eancia adquirida no <strong>Chelsea<\/strong>, onde teve a oportunidade de trabalhar com grandes jogadores como <strong>Thiago Silva<\/strong>.<\/span><br \/>\n<span style=\"font-family: tahoma, arial, helvetica, sans-serif; font-size: 14pt;\">David tamb\u00e9m falou sobre o sonho de atuar ao lado de <strong>Neymar<\/strong>, um dos maiores \u00eddolos do futebol brasileiro, e confessou ter ficado impressionado com a gentileza do Pr\u00edncipe da Vila, ao parabeniz\u00e1-lo pelo t\u00edtulo <strong>sul-americano sub-20<\/strong>.<\/span><\/p>\n<blockquote><p><span style=\"font-family: tahoma, arial, helvetica, sans-serif; font-size: 14pt;\">&#8220;\u00c9 incr\u00edvel, um dos melhores do futebol. Jogar ao lado dele \u00e9 fant\u00e1stico. \u00c9 um orgulho imenso&#8221;, disse Deivid sobre Neymar.<\/span><\/p><\/blockquote>\n<p style=\"text-align: justify;\"><span style=\"font-family: tahoma, arial, helvetica, sans-serif; font-size: 14pt;\">Em seu retorno ao Santos, clube que o lan\u00e7ou e projetou, o atacante destacou que n\u00e3o v\u00ea erro em sua sa\u00edda para o Chelsea, considerando-a uma experi\u00eancia valiosa para sua carreira, por\u00e9m ressaltou que\u00a0gostaria de ter tido maior sequ\u00eancia no clube antes de se transferir para o Chelsea.<span class=\"pjBG2e\" data-cid=\"f33b5259-90fd-4418-8bdc-2cb5548499de\"><span class=\"UV3uM\">\u00a0<\/span><\/span><\/span><br \/>\n<span style=\"font-family: tahoma, arial, helvetica, sans-serif; font-size: 14pt;\">Com o retorno ao Santos, Deivid Washington busca contribuir para o sucesso do clube e realizar seu sonho de conquistar t\u00edtulos ao lado de Neymar e outros companheiros de equipe.<\/span><\/p>\n<p style=\"text-align: justify;\"><span style=\"font-family: tahoma, arial, helvetica, sans-serif; font-size: 14pt;\">\u00a0Deivid Washington \u00a0j\u00e1 est\u00e1 regularizado para disputar as quartas de final do Campeonato Paulista, enfrentando o <strong>Red Bull Bragantino<\/strong> no pr\u00f3ximo domingo, pois seu nome j\u00e1 esta regularizado no BID (Boletim Informativo Di\u00e1rio) da CBF<\/span><\/p>\n<p><img data-recalc-dims=\"1\" loading=\"lazy\" decoding=\"async\" class=\"aligncenter wp-image-6966 size-full\" src=\"https:\/\/i0.wp.com\/sergiobertoldi.com\/wp-content\/uploads\/2025\/02\/Captura-de-tela-2025-02-27-203458.png?resize=438%2C300&#038;ssl=1\" alt=\"\" width=\"438\" height=\"300\" srcset=\"https:\/\/i0.wp.com\/sergiobertoldi.com\/wp-content\/uploads\/2025\/02\/Captura-de-tela-2025-02-27-203458.png?w=438&amp;ssl=1 438w, https:\/\/i0.wp.com\/sergiobertoldi.com\/wp-content\/uploads\/2025\/02\/Captura-de-tela-2025-02-27-203458.png?resize=300%2C205&amp;ssl=1 300w, https:\/\/i0.wp.com\/sergiobertoldi.com\/wp-content\/uploads\/2025\/02\/Captura-de-tela-2025-02-27-203458.png?resize=130%2C90&amp;ssl=1 130w\" sizes=\"auto, (max-width: 438px) 100vw, 438px\" \/><\/p>\n<p style=\"text-align: justify;\"><span style=\"font-size: 14pt;\"><strong><u>Acompanhe a coletiva de apresenta\u00e7\u00e3o do jogador Deivid Washington<\/u><\/strong><\/span><\/p>\n<p><iframe loading=\"lazy\" title=\"DEIVID WASHINGTON | APRESENTA\u00c7\u00c3O (27\/02\/25)\" width=\"800\" height=\"450\" src=\"https:\/\/www.youtube.com\/embed\/AnQWbOT0B8U?feature=oembed\" frameborder=\"0\" allow=\"accelerometer; autoplay; clipboard-write; encrypted-media; gyroscope; picture-in-picture; web-share\" referrerpolicy=\"strict-origin-when-cross-origin\" allowfullscreen><\/iframe><\/p>\n<p style=\"text-align: justify;\"><span style=\"font-size: 14pt;\">(Cr\u00e9dito: Imagem: Raul Baretta\/Santos FC)<\/span><br \/>\n<span style=\"font-size: 14pt;\">(Cr\u00e9dito: Imagem: SantosTV\/Divulga\u00e7\u00e3o\/Santos FC)<\/span><\/p>\n<p style=\"text-align: justify;\"><span style=\"font-size: 14pt;\">Falamos das coisas do Santos, sempre com a parceria e o apoio dos nossos anunciantes!<\/span><\/p>\n","protected":false},"excerpt":{"rendered":"<p>Al\u00f4 Na\u00e7\u00e3o Santista! Sauda\u00e7\u00f5es Alvinegras! O Santos Futebol Clube apresentou oficialmente nesta quinta-feira, (27), \u00e0s 12h30, na sala de imprensa<\/p>\n","protected":false},"author":2,"featured_media":6961,"comment_status":"open","ping_status":"open","sticky":false,"template":"","format":"standard","meta":{"colormag_page_container_layout":"default_layout","colormag_page_sidebar_layout":"default_layout","_jetpack_memberships_contains_paid_content":false,"footnotes":""},"categories":[68,4],"tags":[6],"class_list":["post-6959","post","type-post","status-publish","format-standard","has-post-thumbnail","hentry","category-apresentacao-oficial","category-bastidores-do-santos-fc","tag-santos-fc"],"jetpack_featured_media_url":"https:\/\/i0.wp.com\/sergiobertoldi.com\/wp-content\/uploads\/2025\/02\/54353567602_42c5ceac42_z.jpg?fit=640%2C427&ssl=1","jetpack_likes_enabled":true,"jetpack_sharing_enabled":true,"_links":{"self":[{"href":"https:\/\/sergiobertoldi.com\/index.php\/wp-json\/wp\/v2\/posts\/6959","targetHints":{"allow":["GET"]}}],"collection":[{"href":"https:\/\/sergiobertoldi.com\/index.php\/wp-json\/wp\/v2\/posts"}],"about":[{"href":"https:\/\/sergiobertoldi.com\/index.php\/wp-json\/wp\/v2\/types\/post"}],"author":[{"embeddable":true,"href":"https:\/\/sergiobertoldi.com\/index.php\/wp-json\/wp\/v2\/users\/2"}],"replies":[{"embeddable":true,"href":"https:\/\/sergiobertoldi.com\/index.php\/wp-json\/wp\/v2\/comments?post=6959"}],"version-history":[{"count":7,"href":"https:\/\/sergiobertoldi.com\/index.php\/wp-json\/wp\/v2\/posts\/6959\/revisions"}],"predecessor-version":[{"id":6972,"href":"https:\/\/sergiobertoldi.com\/index.php\/wp-json\/wp\/v2\/posts\/6959\/revisions\/6972"}],"wp:featuredmedia":[{"embeddable":true,"href":"https:\/\/sergiobertoldi.com\/index.php\/wp-json\/wp\/v2\/media\/6961"}],"wp:attachment":[{"href":"https:\/\/sergiobertoldi.com\/index.php\/wp-json\/wp\/v2\/media?parent=6959"}],"wp:term":[{"taxonomy":"category","embeddable":true,"href":"https:\/\/sergiobertoldi.com\/index.php\/wp-json\/wp\/v2\/categories?post=6959"},{"taxonomy":"post_tag","embeddable":true,"href":"https:\/\/sergiobertoldi.com\/index.php\/wp-json\/wp\/v2\/tags?post=6959"}],"curies":[{"name":"wp","href":"https:\/\/api.w.org\/{rel}","templated":true}]}}