{"id":6951,"date":"2025-02-23T21:00:44","date_gmt":"2025-02-24T00:00:44","guid":{"rendered":"https:\/\/sergiobertoldi.com\/?p=6951"},"modified":"2025-02-25T20:23:35","modified_gmt":"2025-02-25T23:23:35","slug":"com-gol-olimpico-de-neymar-santos-bate-inter-de-limeira-e-esta-nas-quartas-de-finais-do-paulistao-2025","status":"publish","type":"post","link":"https:\/\/sergiobertoldi.com\/index.php\/2025\/02\/23\/com-gol-olimpico-de-neymar-santos-bate-inter-de-limeira-e-esta-nas-quartas-de-finais-do-paulistao-2025\/","title":{"rendered":"Com gol ol\u00edmpico de Neymar Santos bate Inter de Limeira e est\u00e1 nas quartas de finais do Paulist\u00e3o 2025"},"content":{"rendered":"<p style=\"text-align: justify;\"><span style=\"font-family: helvetica, arial, sans-serif; font-size: 14pt;\"><strong><u>Al\u00f4 Na\u00e7\u00e3o Santista! Sauda\u00e7\u00f5es Alvinegras!<\/u><\/strong><\/span><\/p>\n<p style=\"text-align: justify;\"><span style=\"font-family: tahoma, arial, helvetica, sans-serif; font-size: 14pt;\">O Santos garantiu sua vaga nas quartas de final do Campeonato Paulista ao derrotar a Inter de Limeira por 3 a 0, neste domingo, no Est\u00e1dio Major Jos\u00e9 Levy Sobrinho, em Limeira (SP), em partida v\u00e1lida pela 12\u00aa rodada do torneio.<\/span><\/p>\n<p style=\"text-align: justify;\"><span style=\"font-family: tahoma, arial, helvetica, sans-serif; font-size: 14pt;\">Com essa vit\u00f3ria, o Santos terminou a fase de grupos na lideran\u00e7a do Grupo B, acumulando 18 pontos. O Red Bull Bragantino ficou em segundo lugar com 17 pontos, enquanto Guarani e Portuguesa, com 13 pontos cada, completaram a chave.<\/span><\/p>\n<p style=\"text-align: justify;\"><span style=\"font-family: tahoma, arial, helvetica, sans-serif; font-size: 14pt;\">O destaque da partida foi o meia-atacante Neymar, que al\u00e9m de marcar um gol ol\u00edmpico, tamb\u00e9m forneceu duas assist\u00eancias para Tiquinho Soares marcar.<\/span><br \/>\n<span style=\"font-family: tahoma, arial, helvetica, sans-serif; font-size: 14pt;\">O camisa 10 recebeu aplausos at\u00e9 de torcedores advers\u00e1rios e teve seu nome entoado v\u00e1rias vezes. Essa foi a primeira vez que Neymar jogou os 90 minutos completos na competi\u00e7\u00e3o.<\/span><\/p>\n<p style=\"text-align: justify;\"><span style=\"font-family: tahoma, arial, helvetica, sans-serif; font-size: 14pt;\">Nas quartas de final, o Santos enfrentar\u00e1 o Red Bull Bragantino em casa. A data do confronto ainda est\u00e1 a ser definida pela Federa\u00e7\u00e3o Paulista de Futebol, o que deve ocorrer nesta segunda-feira.<\/span><\/p>\n<p style=\"text-align: justify;\"><span style=\"text-decoration: underline; font-size: 14pt;\"><strong>FICHA T\u00c9CNICA<\/strong><\/span><br \/>\n<span style=\"font-size: 14pt;\"><strong><span style=\"text-decoration: underline;\">INTER DE LIMEIRA<\/span> <span style=\"font-family: tahoma, arial, helvetica, sans-serif;\">0<\/span> X <span style=\"font-family: tahoma, arial, helvetica, sans-serif;\">3<\/span> <span style=\"text-decoration: underline;\">SANTOS<\/span><\/strong><\/span><\/p>\n<p><span style=\"font-size: 14pt;\"><strong>Local:<\/strong>\u00a0<span style=\"font-family: tahoma, arial, helvetica, sans-serif;\">Est\u00e1dio Major Jos\u00e9 Levy Sobrinho, em Limeira (SP)<\/span><\/span><br \/>\n<span style=\"font-size: 14pt;\"><strong>Data:<\/strong>\u00a0<span style=\"font-family: tahoma, arial, helvetica, sans-serif;\">23 de fevereiro de 2025, domingo<\/span><\/span><br \/>\n<span style=\"font-size: 14pt;\"><strong>Hor\u00e1rio:<\/strong>\u00a0<span style=\"font-family: tahoma, arial, helvetica, sans-serif;\">18h30 (de Bras\u00edlia)<\/span><\/span><br \/>\n<span style=\"font-size: 14pt;\"><strong>\u00c1rbitro:<\/strong>\u00a0<span style=\"font-family: tahoma, arial, helvetica, sans-serif;\">Vinicius Gon\u00e7alves Dias Araujo<\/span><\/span><br \/>\n<span style=\"font-size: 14pt;\"><strong>Assistentes:<\/strong>\u00a0<span style=\"font-family: tahoma, arial, helvetica, sans-serif;\">Fabrini Bevilaqua Costa e Alex Alexandrino<\/span><\/span><br \/>\n<span style=\"font-size: 14pt;\"><strong>VAR:<\/strong>\u00a0<span style=\"font-family: tahoma, arial, helvetica, sans-serif;\">Jos\u00e9 Claudio Rocha Filho<\/span><\/span><br \/>\n<span style=\"font-size: 14pt;\"><span style=\"background-color: #ffff00;\"><strong>Cart\u00f5es amarelos:<\/strong><\/span>\u00a0<span style=\"font-family: tahoma, arial, helvetica, sans-serif;\">Ramon, Fl\u00e1vio (Inter de Limeira)<\/span><\/span><br \/>\n<span style=\"font-size: 14pt;\"><span style=\"background-color: #ffff00;\"><strong>Cart\u00f5es amarelos:<\/strong><\/span> <span style=\"font-family: tahoma, arial, helvetica, sans-serif;\">Luan Peres (Santos)<\/span><\/span><br \/>\n<span style=\"font-size: 14pt;\"><strong>GOLS:<\/strong>\u00a0<span style=\"font-family: tahoma, arial, helvetica, sans-serif;\">Tiquinho Soares, aos 8 e 31 do 1\u00baT, Neymar, aos 26 do 1\u00baT (Santos)<\/span><\/span><\/p>\n<p><span style=\"font-size: 14pt;\"><span style=\"text-decoration: underline;\"><strong>INTER DE LIMEIRA:<\/strong><\/span> <span style=\"font-family: tahoma, arial, helvetica, sans-serif;\">Igo Gabriel; Felipe Albuquerque (Maur\u00edcio), Gui Mariano, Carl\u00e3o e Juan Tavares; Fl\u00e1vio, Ramon (Bernardo), Lucas Buchecha, Albano (Estev\u00e3o) e Ruan Ribeiro (Pablo Diogo); Ronie Carillo (Alex Sandro). <\/span><\/span><span style=\"font-size: 14pt; font-family: tahoma, arial, helvetica, sans-serif;\"><strong>T\u00e9cnico:<\/strong>\u00a0M\u00e1rcio Fernandes<\/span><\/p>\n<p><span style=\"font-size: 14pt;\"><span style=\"text-decoration: underline;\"><strong>SANTOS:<\/strong><\/span>\u00a0<span style=\"font-family: tahoma, arial, helvetica, sans-serif;\">Jo\u00e3o Paulo; JP Chermont, Z\u00e9 Ivaldo (Luan Peres), Gil e Escobar; Jo\u00e3o Schmidt, Gabriel Bontempo (Rinc\u00f3n) e Neymar; Soteldo (Barreal), Tiquinho (Thaciano) e Guilherme (Veron)<\/span><\/span><br \/>\n<span style=\"font-size: 14pt; font-family: tahoma, arial, helvetica, sans-serif;\"><strong>T\u00e9cnico:<\/strong>\u00a0Pedro Caixinha<\/span><\/p>\n<p style=\"text-align: justify;\"><span style=\"font-size: 14pt;\"><strong><u><img data-recalc-dims=\"1\" loading=\"lazy\" decoding=\"async\" class=\"size-full wp-image-6799 alignleft\" src=\"https:\/\/i0.wp.com\/sergiobertoldi.com\/wp-content\/uploads\/2025\/01\/Bola-Cheia-copia-150x60-1.png?resize=150%2C60&#038;ssl=1\" alt=\"\" width=\"150\" height=\"60\" \/>Tiquinho Soares<\/u><\/strong><\/span> <span style=\"font-family: tahoma, arial, helvetica, sans-serif; font-size: 14pt;\">O camisa 9 do Peixe teve um excelente desempenho, anotando dois gols, ambos de cabe\u00e7a, em jogadas a\u00e9reas Tiquinho est\u00e1 melhorando fisicamente e mostrou grande no\u00e7\u00e3o de posicionamento.<\/span><\/p>\n<p style=\"text-align: justify;\"><span style=\"font-size: 14pt;\"><strong><u><img data-recalc-dims=\"1\" loading=\"lazy\" decoding=\"async\" class=\"size-full wp-image-6800 alignleft\" src=\"https:\/\/i0.wp.com\/sergiobertoldi.com\/wp-content\/uploads\/2025\/01\/Bola-Murcha-Copia-150x60-1.png?resize=150%2C60&#038;ssl=1\" alt=\"\" width=\"150\" height=\"60\" \/>Gabriel Bontempo<\/u><\/strong> <\/span><span style=\"font-family: tahoma, arial, helvetica, sans-serif; font-size: 14pt;\">O garoto cria da base Santista, teve um in\u00edcio ruim, cometendo alguns erros, e n\u00e3o conseguiu realizar uma boa partida! \u00c9 n\u00edtido que est\u00e1 sofrendo para se adaptar a sua nova fun\u00e7\u00e3o, pois nunca atuou de volante!<\/span><\/p>\n<p style=\"text-align: justify;\"><span style=\"font-size: 14pt;\"><strong><u>Confira os Bastidores da Partida<\/u><\/strong><\/span><\/p>\n<div class=\"jetpack-video-wrapper\"><iframe loading=\"lazy\" title=\"INTER DE LIMEIRA 0 X 3 SANTOS | BASTIDORES | PAULIST\u00c3O (23\/02\/25)\" width=\"800\" height=\"450\" src=\"https:\/\/www.youtube.com\/embed\/28XN15qRbgE?feature=oembed\" frameborder=\"0\" allow=\"accelerometer; autoplay; clipboard-write; encrypted-media; gyroscope; picture-in-picture; web-share\" referrerpolicy=\"strict-origin-when-cross-origin\" allowfullscreen><\/iframe><\/div>\n<p style=\"text-align: justify;\"><span style=\"font-size: 14pt;\"><strong><u>Acompanhe a Coletiva do T\u00e9cnico Pedro Caixinha<\/u><\/strong><\/span><\/p>\n<div class=\"jetpack-video-wrapper\"><iframe loading=\"lazy\" title=\"PEDRO CAIXINHA | COLETIVA (23\/02\/25)\" width=\"800\" height=\"450\" src=\"https:\/\/www.youtube.com\/embed\/sU7xqOfjLzk?feature=oembed\" frameborder=\"0\" allow=\"accelerometer; autoplay; clipboard-write; encrypted-media; gyroscope; picture-in-picture; web-share\" referrerpolicy=\"strict-origin-when-cross-origin\" allowfullscreen><\/iframe><\/div>\n<p style=\"text-align: justify;\"><span style=\"font-size: 14pt;\">(Cr\u00e9dito: Imagem: Raul Baretta\/Santos FC)<br \/>\n<\/span><span style=\"font-size: 14pt;\">(Cr\u00e9dito: Imagem: SantosTV\/Divulga\u00e7\u00e3o\/Santos FC)<br \/>\n<\/span><span style=\"font-size: 14pt;\">Falamos das coisas do Santos, sempre com a parceria e o apoio dos nossos anunciantes!<\/span><\/p>\n","protected":false},"excerpt":{"rendered":"<p>Al\u00f4 Na\u00e7\u00e3o Santista! Sauda\u00e7\u00f5es Alvinegras! O Santos garantiu sua vaga nas quartas de final do Campeonato Paulista ao derrotar a<\/p>\n","protected":false},"author":2,"featured_media":6952,"comment_status":"open","ping_status":"open","sticky":false,"template":"","format":"standard","meta":{"colormag_page_container_layout":"default_layout","colormag_page_sidebar_layout":"default_layout","_jetpack_memberships_contains_paid_content":false,"footnotes":""},"categories":[12,25,16],"tags":[6],"class_list":["post-6951","post","type-post","status-publish","format-standard","has-post-thumbnail","hentry","category-analise-e-comentario","category-campeonato-paulista","category-resenha-do-jogo","tag-santos-fc"],"jetpack_featured_media_url":"https:\/\/i0.wp.com\/sergiobertoldi.com\/wp-content\/uploads\/2025\/02\/54345843657_74da58139d_z.jpg?fit=512%2C640&ssl=1","jetpack_likes_enabled":true,"jetpack_sharing_enabled":true,"_links":{"self":[{"href":"https:\/\/sergiobertoldi.com\/index.php\/wp-json\/wp\/v2\/posts\/6951","targetHints":{"allow":["GET"]}}],"collection":[{"href":"https:\/\/sergiobertoldi.com\/index.php\/wp-json\/wp\/v2\/posts"}],"about":[{"href":"https:\/\/sergiobertoldi.com\/index.php\/wp-json\/wp\/v2\/types\/post"}],"author":[{"embeddable":true,"href":"https:\/\/sergiobertoldi.com\/index.php\/wp-json\/wp\/v2\/users\/2"}],"replies":[{"embeddable":true,"href":"https:\/\/sergiobertoldi.com\/index.php\/wp-json\/wp\/v2\/comments?post=6951"}],"version-history":[{"count":3,"href":"https:\/\/sergiobertoldi.com\/index.php\/wp-json\/wp\/v2\/posts\/6951\/revisions"}],"predecessor-version":[{"id":6955,"href":"https:\/\/sergiobertoldi.com\/index.php\/wp-json\/wp\/v2\/posts\/6951\/revisions\/6955"}],"wp:featuredmedia":[{"embeddable":true,"href":"https:\/\/sergiobertoldi.com\/index.php\/wp-json\/wp\/v2\/media\/6952"}],"wp:attachment":[{"href":"https:\/\/sergiobertoldi.com\/index.php\/wp-json\/wp\/v2\/media?parent=6951"}],"wp:term":[{"taxonomy":"category","embeddable":true,"href":"https:\/\/sergiobertoldi.com\/index.php\/wp-json\/wp\/v2\/categories?post=6951"},{"taxonomy":"post_tag","embeddable":true,"href":"https:\/\/sergiobertoldi.com\/index.php\/wp-json\/wp\/v2\/tags?post=6951"}],"curies":[{"name":"wp","href":"https:\/\/api.w.org\/{rel}","templated":true}]}}