{"id":6904,"date":"2025-01-30T17:15:37","date_gmt":"2025-01-30T20:15:37","guid":{"rendered":"https:\/\/sergiobertoldi.com\/?p=6904"},"modified":"2025-02-04T17:47:03","modified_gmt":"2025-02-04T20:47:03","slug":"um-mes-apos-se-reapresentar-para-a-temporada-de-2025-santos-prepara-reformulacao-no-elenco","status":"publish","type":"post","link":"https:\/\/sergiobertoldi.com\/index.php\/2025\/01\/30\/um-mes-apos-se-reapresentar-para-a-temporada-de-2025-santos-prepara-reformulacao-no-elenco\/","title":{"rendered":"Um m\u00eas ap\u00f3s se reapresentar para a temporada de 2025 Santos prepara reformula\u00e7\u00e3o no elenco"},"content":{"rendered":"<p><span style=\"font-family: helvetica, arial, sans-serif; font-size: 14pt;\"><strong><u>Al\u00f4 Na\u00e7\u00e3o Santista! Sauda\u00e7\u00f5es Alvinegras!<\/u><\/strong><\/span><\/p>\n<p style=\"text-align: justify;\"><span style=\"font-family: tahoma, arial, helvetica, sans-serif; font-size: 14pt;\">Em meio a expectativa do retorno do \u00eddolo Neymar aos gramados Brasileiros, em especial ao gramado do \u201cTemplo Sagrado\u201d conhecido como \u201cVila Belmiro\u201d, o Santos Futebol Clube atrav\u00e9s do Presidente Marcelo Teixeira e sua Diretoria, vem trabalhando incansavelmente, preparando a chegada de novos jogadores, novas contrata\u00e7\u00f5es para fortalecer o elenco Santista nesta temporada 2025.<\/span><\/p>\n<p style=\"text-align: justify;\"><span style=\"font-family: tahoma, arial, helvetica, sans-serif; font-size: 14pt;\">O Santos j\u00e1 trouxe seis refor\u00e7os e quer pelo menos mais cinco. O atacante <strong>Gabriel Veron<\/strong> est\u00e1 pelos exames m\u00e9dicos.<\/span><br \/>\n<span style=\"font-family: tahoma, arial, helvetica, sans-serif; font-size: 14pt;\">J\u00e1 chegaram os zagueiros <strong>Z\u00e9 Ivaldo<\/strong> e <strong>Luis\u00e3o<\/strong>, o lateral-direito <strong>Leo Godoy<\/strong>, os meias-atacantes <strong>Thaciano<\/strong> e <strong>Barreal<\/strong> e centroavante <strong>Tiquinho Soares<\/strong>.<\/span><br \/>\n<span style=\"font-family: tahoma, arial, helvetica, sans-serif; font-size: 14pt;\">A diretoria ainda trabalha para refor\u00e7ar o elenco com mais um zagueiro, meio-campistas, ponta direita e centroavante.<\/span><br \/>\n<span style=\"font-family: tahoma, arial, helvetica, sans-serif; font-size: 14pt;\">Tr\u00eas dos nomes s\u00e3o <strong>Z\u00e9 Rafael<\/strong>, praticamente contratado, <strong>Niclas Eliasson<\/strong>, <strong>Deivid Washington <\/strong>e<strong> Rollheiser<\/strong>.<\/span><\/p>\n<p style=\"text-align: justify;\"><span style=\"font-family: tahoma, arial, helvetica, sans-serif; font-size: 14pt;\">Se por um lado tem gente nova que j\u00e1 chegou e continua chegando, com as recentes contrata\u00e7\u00f5es, o Peixe deve promover algumas sa\u00eddas, promovendo assim uma reformula\u00e7\u00e3o no plantel, evitando um incha\u00e7o no elenco, aliviando a folha de pagamento, se desfazendo de jogadores que n\u00e3o renderam o esperado, sendo assim negociados!<\/span><\/p>\n<p style=\"text-align: justify;\"><span style=\"font-family: tahoma, arial, helvetica, sans-serif; font-size: 14pt;\">Lucas Braga, que vinha sendo alvo de cr\u00edticas, foi negociado em definitivo com o Vit\u00f3ria.<\/span><br \/>\n<span style=\"font-family: tahoma, arial, helvetica, sans-serif; font-size: 14pt;\">O Santos receber\u00e1 <strong>1,3 milh\u00e3o<\/strong> de <strong>euros <\/strong>fixos (<strong>R$ 7,93 milh\u00f5es<\/strong>) e ainda pode ganhar <strong>800 mil euros<\/strong> (<strong>R$ 4,8 milh\u00f5es<\/strong>) adicionais.<\/span><br \/>\n<span style=\"font-family: tahoma, arial, helvetica, sans-serif; font-size: 14pt;\">Os 800 mil euros em b\u00f4nus depender\u00e3o de metas a serem atingidas, como participar de pelo menos metade dos jogos do Vit\u00f3ria e ajudar o clube a atingir a classifica\u00e7\u00e3o para a Sul-Americana.<\/span><br \/>\n<span style=\"font-family: tahoma, arial, helvetica, sans-serif; font-size: 14pt;\">O Peixe negociou <strong>50%<\/strong> dos seus direitos econ\u00f4micos, mantendo a outra metade na expectativa de um lucro futuro.<\/span><\/p>\n<p style=\"text-align: justify;\"><span style=\"font-family: tahoma, arial, helvetica, sans-serif; font-size: 14pt;\">A diretoria do Santos tamb\u00e9m confirmou as sa\u00eddas dos atacantes <strong>Alfredo Morelos<\/strong> e <strong>Yusupha Njie<\/strong>. O jogador gambiano teve seu empr\u00e9stimo encerrado e retornar\u00e1 ao <strong>Al-Markhiya<\/strong>, do <strong>Qatar<\/strong>, que o havia cedido at\u00e9 junho de 2025.<\/span><br \/>\n<span style=\"font-family: tahoma, arial, helvetica, sans-serif; font-size: 14pt;\">O jogador n\u00e3o chegou a atuar com a camisa do Santos e sua aus\u00eancia n\u00e3o ser\u00e1 sentida.<\/span><br \/>\n<span style=\"font-family: tahoma, arial, helvetica, sans-serif; font-size: 14pt;\">Outro que tamb\u00e9m deixou a Vila Belmiro, foi o atacante <strong>Alfredo Morelos<\/strong>!<\/span><br \/>\n<span style=\"font-family: tahoma, arial, helvetica, sans-serif; font-size: 14pt;\">Sem oportunidades no Santos e com um sal\u00e1rio elevado, o colombiano foi emprestado novamente ao <strong>Atl\u00e9tico Nacional<\/strong>, onde j\u00e1 havia jogado no ano anterior, participando de <strong>27<\/strong> <strong>partidas<\/strong>, marcando <strong>11 gols<\/strong> e dando duas assist\u00eancias.<\/span><\/p>\n<p style=\"text-align: justify;\"><span style=\"font-family: tahoma, arial, helvetica, sans-serif; font-size: 14pt;\">A expectativa \u00e9 que ao menos mais quatro ou cinco jogadores deixem o elenco nos pr\u00f3ximos dias.<\/span><br \/>\n<span style=\"font-family: tahoma, arial, helvetica, sans-serif; font-size: 14pt;\">Um deles \u00e9 o atacante <strong>Wendel Silva<\/strong>, que est\u00e1 emprestado pelo Porto, de Portugal, at\u00e9 o meio da temporada, n\u00e3o caiu nas gra\u00e7as do treinador Pedro Caixinha, e est\u00e1 sendo devolvido ao Porto.<\/span><br \/>\n<span style=\"font-family: tahoma, arial, helvetica, sans-serif; font-size: 14pt;\">Para continuar no Santos, o atacante precisaria ter sido titular em pelo menos <strong>60%<\/strong> das partidas oficiais ou marcar <strong>15 gols<\/strong>. Contudo, neste in\u00edcio de temporada, ele n\u00e3o agradou a Pedro Caixinha, que tem optado pelo jovem <strong>Luca Meirelles<\/strong> para-a posi\u00e7\u00e3o, al\u00e9m de contar agora com o rec\u00e9m contratado <strong>Tiquinho Soares<\/strong>.<\/span><br \/>\n<span style=\"font-family: tahoma, arial, helvetica, sans-serif; font-size: 14pt;\">O Centroavante Boliviano <strong>Enzo Monteiro <\/strong>\u00e9 mais um na lista dos jogadores que n\u00e3o ser\u00e3o aproveitados pelo t\u00e9cnico Pedro Caixinha, e foi emprestado ao <strong>Auda FK<\/strong> (Let\u00f4nia) at\u00e9 o fim da temporada.<\/span><br \/>\n<span style=\"font-family: tahoma, arial, helvetica, sans-serif; font-size: 14pt;\">O Menino que tem v\u00ednculo com o Peixe at\u00e9 29 de maio de 2027, deve ganhar minutagem na Europa.<\/span><\/p>\n<p style=\"text-align: justify;\"><span style=\"font-family: tahoma, arial, helvetica, sans-serif; font-size: 14pt;\">Outro jogador que n\u00e3o tem sido relacionado nas \u00faltimas partidas \u00e9 o lateral-direito <strong>Hayner<\/strong>. O atleta, que foi contratado em definitivo ap\u00f3s o Paulist\u00e3o do ano passado, enfrenta uma forte press\u00e3o da torcida e teve seu nome vaiado nos jogos contra Mirassol e Palmeiras. Com a chegada de <strong>Leo Godoy<\/strong> e a ascens\u00e3o de <strong>JP Chermont<\/strong>, \u00e9 prov\u00e1vel que Hayner busque outros ares.<\/span><\/p>\n<p style=\"text-align: justify;\"><span style=\"font-family: tahoma, arial, helvetica, sans-serif; font-size: 14pt;\"><strong>Patrick <\/strong>\u00e9 mais um na lista dos que vieram, ir\u00e3o embora e n\u00e3o deixar\u00e3o Saudades! O meia, que foi contratado no ano passado, n\u00e3o conseguiu agradar e passou boa parte da temporada no banco de reservas. Considerado um jogador caro, ele tamb\u00e9m deve ser negociado para deixar a Vila Belmiro, e nem relacionado deve ser mais.<\/span><\/p>\n<p style=\"text-align: justify;\"><span style=\"font-family: tahoma, arial, helvetica, sans-serif; font-size: 14pt;\">\u00a0(Cr\u00e9dito: Imagem: Raul Baretta\/Santos FC)<\/span><br \/>\n<span style=\"font-family: tahoma, arial, helvetica, sans-serif; font-size: 14pt;\">Falamos das coisas do Santos, sempre com a parceria e o apoio dos nossos anunciantes!<\/span><\/p>\n<p style=\"text-align: justify;\">\n<p style=\"text-align: justify;\"><span style=\"font-family: tahoma, arial, helvetica, sans-serif; font-size: 14pt;\"><u>\u00a0<\/u><\/span><\/p>\n","protected":false},"excerpt":{"rendered":"<p>Al\u00f4 Na\u00e7\u00e3o Santista! Sauda\u00e7\u00f5es Alvinegras! Em meio a expectativa do retorno do \u00eddolo Neymar aos gramados Brasileiros, em especial ao<\/p>\n","protected":false},"author":2,"featured_media":6905,"comment_status":"open","ping_status":"open","sticky":false,"template":"","format":"standard","meta":{"colormag_page_container_layout":"default_layout","colormag_page_sidebar_layout":"default_layout","_jetpack_memberships_contains_paid_content":false,"footnotes":""},"categories":[4,30,10,76,31],"tags":[6],"class_list":["post-6904","post","type-post","status-publish","format-standard","has-post-thumbnail","hentry","category-bastidores-do-santos-fc","category-contratacoes","category-elenco-profissional","category-jogadores-negociados","category-quem-chega-e-quem-sai","tag-santos-fc"],"jetpack_featured_media_url":"https:\/\/i0.wp.com\/sergiobertoldi.com\/wp-content\/uploads\/2025\/02\/54247096667_f4337d0b62_o_Easy-Resize.com_.jpg?fit=1280%2C798&ssl=1","jetpack_likes_enabled":true,"jetpack_sharing_enabled":true,"_links":{"self":[{"href":"https:\/\/sergiobertoldi.com\/index.php\/wp-json\/wp\/v2\/posts\/6904","targetHints":{"allow":["GET"]}}],"collection":[{"href":"https:\/\/sergiobertoldi.com\/index.php\/wp-json\/wp\/v2\/posts"}],"about":[{"href":"https:\/\/sergiobertoldi.com\/index.php\/wp-json\/wp\/v2\/types\/post"}],"author":[{"embeddable":true,"href":"https:\/\/sergiobertoldi.com\/index.php\/wp-json\/wp\/v2\/users\/2"}],"replies":[{"embeddable":true,"href":"https:\/\/sergiobertoldi.com\/index.php\/wp-json\/wp\/v2\/comments?post=6904"}],"version-history":[{"count":1,"href":"https:\/\/sergiobertoldi.com\/index.php\/wp-json\/wp\/v2\/posts\/6904\/revisions"}],"predecessor-version":[{"id":6906,"href":"https:\/\/sergiobertoldi.com\/index.php\/wp-json\/wp\/v2\/posts\/6904\/revisions\/6906"}],"wp:featuredmedia":[{"embeddable":true,"href":"https:\/\/sergiobertoldi.com\/index.php\/wp-json\/wp\/v2\/media\/6905"}],"wp:attachment":[{"href":"https:\/\/sergiobertoldi.com\/index.php\/wp-json\/wp\/v2\/media?parent=6904"}],"wp:term":[{"taxonomy":"category","embeddable":true,"href":"https:\/\/sergiobertoldi.com\/index.php\/wp-json\/wp\/v2\/categories?post=6904"},{"taxonomy":"post_tag","embeddable":true,"href":"https:\/\/sergiobertoldi.com\/index.php\/wp-json\/wp\/v2\/tags?post=6904"}],"curies":[{"name":"wp","href":"https:\/\/api.w.org\/{rel}","templated":true}]}}