{"id":6855,"date":"2025-01-31T19:15:41","date_gmt":"2025-01-31T22:15:41","guid":{"rendered":"https:\/\/sergiobertoldi.com\/?p=6855"},"modified":"2025-02-04T12:25:49","modified_gmt":"2025-02-04T15:25:49","slug":"neymar-e-recebido-com-festa-na-vila-belmiro","status":"publish","type":"post","link":"https:\/\/sergiobertoldi.com\/index.php\/2025\/01\/31\/neymar-e-recebido-com-festa-na-vila-belmiro\/","title":{"rendered":"Neymar \u00e9 recebido com festa na Vila Belmiro"},"content":{"rendered":"<p><span style=\"font-family: helvetica, arial, sans-serif; font-size: 14pt;\"><strong><u>Al\u00f4 Na\u00e7\u00e3o Santista! Sauda\u00e7\u00f5es Alvinegras!<\/u><\/strong><\/span><\/p>\n<p style=\"text-align: justify;\"><span style=\"font-family: tahoma, arial, helvetica, sans-serif; font-size: 14pt;\">Sim, Neymar est\u00e1 de volta ao Santos!<\/span><br \/>\n<span style=\"font-family: tahoma, arial, helvetica, sans-serif; font-size: 14pt;\">Ap\u00f3s quase 12 anos, ele retornou ao clube onde come\u00e7ou sua carreira, e como n\u00e3o poderia ser diferente, nesta sexta-feira (31), a Vila Belmiro foi palco de uma grande festa para celebrar o retorno e a apresenta\u00e7\u00e3o oficial do jogador, apresentado com uma grande festa proporcionada pela torcida e organiza\u00e7\u00e3o do clube que se esmerou em proporcionar um evento a altura da import\u00e2ncia desse retorno!<\/span><\/p>\n<p><img data-recalc-dims=\"1\" loading=\"lazy\" decoding=\"async\" class=\"aligncenter wp-image-6857 size-full\" src=\"https:\/\/i0.wp.com\/sergiobertoldi.com\/wp-content\/uploads\/2025\/02\/Vila-lotada.jpg?resize=640%2C427&#038;ssl=1\" alt=\"\" width=\"640\" height=\"427\" srcset=\"https:\/\/i0.wp.com\/sergiobertoldi.com\/wp-content\/uploads\/2025\/02\/Vila-lotada.jpg?w=640&amp;ssl=1 640w, https:\/\/i0.wp.com\/sergiobertoldi.com\/wp-content\/uploads\/2025\/02\/Vila-lotada.jpg?resize=300%2C200&amp;ssl=1 300w\" sizes=\"auto, (max-width: 640px) 100vw, 640px\" \/><\/p>\n<p style=\"text-align: justify;\"><span style=\"font-family: tahoma, arial, helvetica, sans-serif; font-size: 14pt;\">Mesmo debaixo de uma forte chuva que durante toda a tarde, castigou a cidade de Santos, a torcida compareceu em peso para recepcionar o \u00eddolo, que foi recebido com muita emo\u00e7\u00e3o e alegria pelos torcedores e pela comunidade santista.<\/span><\/p>\n<p><img data-recalc-dims=\"1\" loading=\"lazy\" decoding=\"async\" class=\"aligncenter wp-image-6858 size-full\" src=\"https:\/\/i0.wp.com\/sergiobertoldi.com\/wp-content\/uploads\/2025\/02\/Forte-Chuva-na-Vila.jpg?resize=640%2C427&#038;ssl=1\" alt=\"\" width=\"640\" height=\"427\" srcset=\"https:\/\/i0.wp.com\/sergiobertoldi.com\/wp-content\/uploads\/2025\/02\/Forte-Chuva-na-Vila.jpg?w=640&amp;ssl=1 640w, https:\/\/i0.wp.com\/sergiobertoldi.com\/wp-content\/uploads\/2025\/02\/Forte-Chuva-na-Vila.jpg?resize=300%2C200&amp;ssl=1 300w\" sizes=\"auto, (max-width: 640px) 100vw, 640px\" \/><\/p>\n<p style=\"text-align: justify;\"><span style=\"font-family: tahoma, arial, helvetica, sans-serif; font-size: 14pt;\">\u00c9 um momento emocionante para os torcedores do Santos e para o pr\u00f3prio Neymar, que est\u00e1 animado para essa nova etapa em sua carreira, e v\u00ea essa volta como uma oportunidade de retomar o alto n\u00edvel de desempenho e contribuir para o sucesso do clube.<br \/>\n<\/span><span style=\"font-family: tahoma, arial, helvetica, sans-serif; font-size: 14pt;\">O evento come\u00e7ou \u00e0s 16h, com a abertura dos port\u00f5es do est\u00e1dio.<br \/>\n<\/span><span style=\"font-family: tahoma, arial, helvetica, sans-serif; font-size: 14pt;\"> A festa contou com a presen\u00e7a de grandes artistas brasileiros, como <strong>Mano Brown<\/strong>, <strong>Projota<\/strong> e <strong>Supla<\/strong>, que contemplaram o p\u00fablico que compareceu a Vila, que ainda contou com uma variedade de atra\u00e7\u00f5es musicais, com a participa\u00e7\u00e3o de artistas declaradamente torcedores fan\u00e1ticos do Santos como: <strong>MC GP<\/strong>, <strong>Kay Black<\/strong>, <strong>Kyan<\/strong>, <strong>MC Bin<\/strong>, <strong>MC Lon<\/strong>, <strong>Lito Nwance<\/strong> + T<strong>rio de Ferro<\/strong>, DJ Will (dos Racionais), <strong>DJ Kalfany Val<\/strong> e <strong>MC WM. <\/strong>que animaram o torcedor com seus shows.<\/span><\/p>\n<p><img data-recalc-dims=\"1\" loading=\"lazy\" decoding=\"async\" class=\"aligncenter wp-image-6866 size-full\" src=\"https:\/\/i0.wp.com\/sergiobertoldi.com\/wp-content\/uploads\/2025\/02\/Captura-de-tela-2025-02-03-202549.png?resize=333%2C321&#038;ssl=1\" alt=\"\" width=\"333\" height=\"321\" srcset=\"https:\/\/i0.wp.com\/sergiobertoldi.com\/wp-content\/uploads\/2025\/02\/Captura-de-tela-2025-02-03-202549.png?w=333&amp;ssl=1 333w, https:\/\/i0.wp.com\/sergiobertoldi.com\/wp-content\/uploads\/2025\/02\/Captura-de-tela-2025-02-03-202549.png?resize=300%2C289&amp;ssl=1 300w\" sizes=\"auto, (max-width: 333px) 100vw, 333px\" \/><img data-recalc-dims=\"1\" loading=\"lazy\" decoding=\"async\" class=\"aligncenter wp-image-6860 size-full\" src=\"https:\/\/i0.wp.com\/sergiobertoldi.com\/wp-content\/uploads\/2025\/02\/Pro-Jota.jpg?resize=499%2C333&#038;ssl=1\" alt=\"\" width=\"499\" height=\"333\" srcset=\"https:\/\/i0.wp.com\/sergiobertoldi.com\/wp-content\/uploads\/2025\/02\/Pro-Jota.jpg?w=499&amp;ssl=1 499w, https:\/\/i0.wp.com\/sergiobertoldi.com\/wp-content\/uploads\/2025\/02\/Pro-Jota.jpg?resize=300%2C200&amp;ssl=1 300w\" sizes=\"auto, (max-width: 499px) 100vw, 499px\" \/><\/p>\n<p><img data-recalc-dims=\"1\" loading=\"lazy\" decoding=\"async\" class=\"aligncenter wp-image-6861 size-full\" src=\"https:\/\/i0.wp.com\/sergiobertoldi.com\/wp-content\/uploads\/2025\/02\/Supla.jpg?resize=499%2C333&#038;ssl=1\" alt=\"\" width=\"499\" height=\"333\" srcset=\"https:\/\/i0.wp.com\/sergiobertoldi.com\/wp-content\/uploads\/2025\/02\/Supla.jpg?w=499&amp;ssl=1 499w, https:\/\/i0.wp.com\/sergiobertoldi.com\/wp-content\/uploads\/2025\/02\/Supla.jpg?resize=300%2C200&amp;ssl=1 300w\" sizes=\"auto, (max-width: 499px) 100vw, 499px\" \/><\/p>\n<p><img data-recalc-dims=\"1\" loading=\"lazy\" decoding=\"async\" class=\"aligncenter wp-image-6864 size-full\" src=\"https:\/\/i0.wp.com\/sergiobertoldi.com\/wp-content\/uploads\/2025\/02\/Racionais.jpg?resize=499%2C333&#038;ssl=1\" alt=\"\" width=\"499\" height=\"333\" srcset=\"https:\/\/i0.wp.com\/sergiobertoldi.com\/wp-content\/uploads\/2025\/02\/Racionais.jpg?w=499&amp;ssl=1 499w, https:\/\/i0.wp.com\/sergiobertoldi.com\/wp-content\/uploads\/2025\/02\/Racionais.jpg?resize=300%2C200&amp;ssl=1 300w\" sizes=\"auto, (max-width: 499px) 100vw, 499px\" \/><\/p>\n<p><img data-recalc-dims=\"1\" loading=\"lazy\" decoding=\"async\" class=\"alignnone wp-image-6869\" src=\"https:\/\/i0.wp.com\/sergiobertoldi.com\/wp-content\/uploads\/2025\/02\/Galera-do-Som.jpg?resize=350%2C234&#038;ssl=1\" alt=\"\" width=\"350\" height=\"234\" srcset=\"https:\/\/i0.wp.com\/sergiobertoldi.com\/wp-content\/uploads\/2025\/02\/Galera-do-Som.jpg?resize=300%2C200&amp;ssl=1 300w, https:\/\/i0.wp.com\/sergiobertoldi.com\/wp-content\/uploads\/2025\/02\/Galera-do-Som.jpg?w=499&amp;ssl=1 499w\" sizes=\"auto, (max-width: 350px) 100vw, 350px\" \/> <img data-recalc-dims=\"1\" loading=\"lazy\" decoding=\"async\" class=\"alignnone wp-image-6870\" src=\"https:\/\/i0.wp.com\/sergiobertoldi.com\/wp-content\/uploads\/2025\/02\/Galera-do-Som01.jpg?resize=350%2C234&#038;ssl=1\" alt=\"\" width=\"350\" height=\"234\" srcset=\"https:\/\/i0.wp.com\/sergiobertoldi.com\/wp-content\/uploads\/2025\/02\/Galera-do-Som01.jpg?resize=300%2C200&amp;ssl=1 300w, https:\/\/i0.wp.com\/sergiobertoldi.com\/wp-content\/uploads\/2025\/02\/Galera-do-Som01.jpg?w=499&amp;ssl=1 499w\" sizes=\"auto, (max-width: 350px) 100vw, 350px\" \/><\/p>\n<p><span style=\"font-family: tahoma, arial, helvetica, sans-serif; font-size: 14pt;\">Neymar chegou ao est\u00e1dio uniformizado e foi recebido com aplausos e gritos de euforia pelos f\u00e3s. Emocionado, o jogador n\u00e3o conteve as l\u00e1grimas ao se reencontrar com a torcida do Peixe.<\/span><\/p>\n<p><img data-recalc-dims=\"1\" loading=\"lazy\" decoding=\"async\" class=\"aligncenter wp-image-6872\" src=\"https:\/\/i0.wp.com\/sergiobertoldi.com\/wp-content\/uploads\/2025\/02\/apresentacao-neymar-santos-2025.jpg?resize=700%2C464&#038;ssl=1\" alt=\"\" width=\"700\" height=\"464\" srcset=\"https:\/\/i0.wp.com\/sergiobertoldi.com\/wp-content\/uploads\/2025\/02\/apresentacao-neymar-santos-2025.jpg?w=900&amp;ssl=1 900w, https:\/\/i0.wp.com\/sergiobertoldi.com\/wp-content\/uploads\/2025\/02\/apresentacao-neymar-santos-2025.jpg?resize=300%2C199&amp;ssl=1 300w, https:\/\/i0.wp.com\/sergiobertoldi.com\/wp-content\/uploads\/2025\/02\/apresentacao-neymar-santos-2025.jpg?resize=768%2C509&amp;ssl=1 768w\" sizes=\"auto, (max-width: 700px) 100vw, 700px\" \/><\/p>\n<p><span style=\"font-family: tahoma, arial, helvetica, sans-serif; font-size: 14pt;\">Antes de subir ao gramado Neymar ajoelhado em frente ao arm\u00e1rio do Rei Pel\u00e9,fez uma ora\u00e7\u00e3o no vesti\u00e1rio do Santos!<\/span><\/p>\n<p><img data-recalc-dims=\"1\" loading=\"lazy\" decoding=\"async\" class=\"aligncenter wp-image-6873\" src=\"https:\/\/i0.wp.com\/sergiobertoldi.com\/wp-content\/uploads\/2025\/02\/Captura-de-tela-2025-02-03-200033.png?resize=651%2C328&#038;ssl=1\" alt=\"\" width=\"651\" height=\"328\" srcset=\"https:\/\/i0.wp.com\/sergiobertoldi.com\/wp-content\/uploads\/2025\/02\/Captura-de-tela-2025-02-03-200033.png?w=736&amp;ssl=1 736w, https:\/\/i0.wp.com\/sergiobertoldi.com\/wp-content\/uploads\/2025\/02\/Captura-de-tela-2025-02-03-200033.png?resize=300%2C151&amp;ssl=1 300w\" sizes=\"auto, (max-width: 651px) 100vw, 651px\" \/><\/p>\n<p style=\"text-align: justify;\"><span style=\"font-family: tahoma, arial, helvetica, sans-serif; font-size: 14pt;\">Por\u00e9m antes de chegar a <strong>Vila Belmiro<\/strong>,\u00a0<\/span><span style=\"font-family: tahoma, arial, helvetica, sans-serif; font-size: 14pt;\">Neymar aterrissou de helic\u00f3ptero no <strong>CT Rei Pel\u00e9<\/strong>, em Santos, \u00e0s <strong>17h<\/strong> desta <strong>sexta-feira<\/strong> (<strong>31<\/strong>). O craque foi recebido pelo ex-atleta do Santos, L\u00e9o, e pelo presidente Marcelo Teixeira.<br \/>\n<\/span><span style=\"font-family: tahoma, arial, helvetica, sans-serif; font-size: 14pt;\">Ao desembarcar, ele estava acompanhado pela namorada <strong>Bruna Biancardi<\/strong> e sua filha <strong>Mavie<\/strong>.<br \/>\nAl\u00e9m disso, o &#8220;<strong>Pr\u00edncipe da Vila<\/strong>&#8221; foi saudado por <strong>Soteldo<\/strong>, <strong>Rincon<\/strong>, <strong>Gabriel Braz\u00e3o<\/strong> e <strong>Leo Godoy<\/strong> no gramado do CT, tendo<\/span><span style=\"font-family: tahoma, arial, helvetica, sans-serif; font-size: 14pt;\"> seu primeiro contato com o elenco Santista!<\/span><\/p>\n<p style=\"text-align: justify;\"><span style=\"font-family: tahoma, arial, helvetica, sans-serif; font-size: 14pt;\"><img data-recalc-dims=\"1\" loading=\"lazy\" decoding=\"async\" class=\"aligncenter wp-image-6874\" src=\"https:\/\/i0.wp.com\/sergiobertoldi.com\/wp-content\/uploads\/2025\/02\/Helicoptero.webp?resize=700%2C467&#038;ssl=1\" alt=\"\" width=\"700\" height=\"467\" srcset=\"https:\/\/i0.wp.com\/sergiobertoldi.com\/wp-content\/uploads\/2025\/02\/Helicoptero.webp?resize=1024%2C683&amp;ssl=1 1024w, https:\/\/i0.wp.com\/sergiobertoldi.com\/wp-content\/uploads\/2025\/02\/Helicoptero.webp?resize=300%2C200&amp;ssl=1 300w, https:\/\/i0.wp.com\/sergiobertoldi.com\/wp-content\/uploads\/2025\/02\/Helicoptero.webp?resize=768%2C512&amp;ssl=1 768w, https:\/\/i0.wp.com\/sergiobertoldi.com\/wp-content\/uploads\/2025\/02\/Helicoptero.webp?w=1200&amp;ssl=1 1200w\" sizes=\"auto, (max-width: 700px) 100vw, 700px\" \/>Em seguida Neymar assinou o contrato v\u00e1lido at\u00e9 30 de junho, e recebeu, das m\u00e3os do presidente Marcelo Teixeira, uma camisa 11 simb\u00f3lica, com a qual deixou sua marca na hist\u00f3ria do Alvinegro Praiano.<\/span><\/p>\n<p><img data-recalc-dims=\"1\" loading=\"lazy\" decoding=\"async\" class=\"alignnone wp-image-6875\" src=\"https:\/\/i0.wp.com\/sergiobertoldi.com\/wp-content\/uploads\/2025\/02\/Neymar-assina-contrato.jpg?resize=360%2C240&#038;ssl=1\" alt=\"\" width=\"360\" height=\"240\" srcset=\"https:\/\/i0.wp.com\/sergiobertoldi.com\/wp-content\/uploads\/2025\/02\/Neymar-assina-contrato.jpg?resize=300%2C200&amp;ssl=1 300w, https:\/\/i0.wp.com\/sergiobertoldi.com\/wp-content\/uploads\/2025\/02\/Neymar-assina-contrato.jpg?resize=1024%2C684&amp;ssl=1 1024w, https:\/\/i0.wp.com\/sergiobertoldi.com\/wp-content\/uploads\/2025\/02\/Neymar-assina-contrato.jpg?resize=768%2C513&amp;ssl=1 768w, https:\/\/i0.wp.com\/sergiobertoldi.com\/wp-content\/uploads\/2025\/02\/Neymar-assina-contrato.jpg?w=1200&amp;ssl=1 1200w\" sizes=\"auto, (max-width: 360px) 100vw, 360px\" \/>\u00a0 <img data-recalc-dims=\"1\" loading=\"lazy\" decoding=\"async\" class=\"alignnone wp-image-6876\" src=\"https:\/\/i0.wp.com\/sergiobertoldi.com\/wp-content\/uploads\/2025\/02\/santos-neymar-2.jpg?resize=360%2C223&#038;ssl=1\" alt=\"\" width=\"360\" height=\"223\" srcset=\"https:\/\/i0.wp.com\/sergiobertoldi.com\/wp-content\/uploads\/2025\/02\/santos-neymar-2.jpg?resize=300%2C186&amp;ssl=1 300w, https:\/\/i0.wp.com\/sergiobertoldi.com\/wp-content\/uploads\/2025\/02\/santos-neymar-2.jpg?resize=768%2C476&amp;ssl=1 768w, https:\/\/i0.wp.com\/sergiobertoldi.com\/wp-content\/uploads\/2025\/02\/santos-neymar-2.jpg?w=1000&amp;ssl=1 1000w\" sizes=\"auto, (max-width: 360px) 100vw, 360px\" \/><br \/>\n<img data-recalc-dims=\"1\" loading=\"lazy\" decoding=\"async\" class=\"aligncenter wp-image-6892\" src=\"https:\/\/i0.wp.com\/sergiobertoldi.com\/wp-content\/uploads\/2025\/01\/Muita-calma-nessa-hora-Neymar-assina-contrato-com-camisa-11-e-ainda-vai-pegar-a-10.jpg?resize=700%2C525&#038;ssl=1\" alt=\"\" width=\"700\" height=\"525\" srcset=\"https:\/\/i0.wp.com\/sergiobertoldi.com\/wp-content\/uploads\/2025\/01\/Muita-calma-nessa-hora-Neymar-assina-contrato-com-camisa-11-e-ainda-vai-pegar-a-10.jpg?resize=1024%2C768&amp;ssl=1 1024w, https:\/\/i0.wp.com\/sergiobertoldi.com\/wp-content\/uploads\/2025\/01\/Muita-calma-nessa-hora-Neymar-assina-contrato-com-camisa-11-e-ainda-vai-pegar-a-10.jpg?resize=300%2C225&amp;ssl=1 300w, https:\/\/i0.wp.com\/sergiobertoldi.com\/wp-content\/uploads\/2025\/01\/Muita-calma-nessa-hora-Neymar-assina-contrato-com-camisa-11-e-ainda-vai-pegar-a-10.jpg?resize=768%2C576&amp;ssl=1 768w, https:\/\/i0.wp.com\/sergiobertoldi.com\/wp-content\/uploads\/2025\/01\/Muita-calma-nessa-hora-Neymar-assina-contrato-com-camisa-11-e-ainda-vai-pegar-a-10.jpg?w=1200&amp;ssl=1 1200w\" sizes=\"auto, (max-width: 700px) 100vw, 700px\" \/><\/p>\n<p style=\"text-align: justify;\"><span style=\"font-family: tahoma, arial, helvetica, sans-serif; font-size: 14pt;\">Ap\u00f3s isso, se dirigiu para ser apresentado oficialmente como novo atleta do clube na Vila Belmiro.<br \/>\nAlguns familiares e amigos de Neymar j\u00e1 se encontravam na Vila, o local das comemora\u00e7\u00f5es.<br \/>\n<\/span><span style=\"font-family: tahoma, arial, helvetica, sans-serif; font-size: 14pt;\">Os torcedores alvinegros compraram ingressos para assistir \u00e0 apresenta\u00e7\u00e3o do jogador.<br \/>\nA Vila j\u00e1 est\u00e1 tomada por torcedores usando a tradicional camisa azul de 2012, crian\u00e7as com m\u00e1scaras de Neymar e faixas com a frase &#8216;100% Jesus&#8217;.<br \/>\n<\/span><span style=\"font-family: tahoma, arial, helvetica, sans-serif; font-size: 14pt;\">Durante a apresenta\u00e7\u00e3o, Neymar compartilhou sua felicidade nas redes sociais, afirmando estar &#8220;vivendo um sonho&#8221; ao retornar ao Santos. O jogador tamb\u00e9m apareceu em p\u00fablico pela primeira vez com seus tr\u00eas filhos: <strong>Davi Lucca<\/strong>, <strong>Mavie<\/strong> e <strong>Helena<\/strong>.<\/span><\/p>\n<p><img data-recalc-dims=\"1\" loading=\"lazy\" decoding=\"async\" class=\"alignnone size-medium wp-image-6878\" src=\"https:\/\/i0.wp.com\/sergiobertoldi.com\/wp-content\/uploads\/2025\/02\/David-Luca.jpg?resize=200%2C300&#038;ssl=1\" alt=\"\" width=\"200\" height=\"300\" srcset=\"https:\/\/i0.wp.com\/sergiobertoldi.com\/wp-content\/uploads\/2025\/02\/David-Luca.jpg?resize=200%2C300&amp;ssl=1 200w, https:\/\/i0.wp.com\/sergiobertoldi.com\/wp-content\/uploads\/2025\/02\/David-Luca.jpg?w=333&amp;ssl=1 333w\" sizes=\"auto, (max-width: 200px) 100vw, 200px\" \/> <img data-recalc-dims=\"1\" loading=\"lazy\" decoding=\"async\" class=\"alignnone size-medium wp-image-6879\" src=\"https:\/\/i0.wp.com\/sergiobertoldi.com\/wp-content\/uploads\/2025\/02\/Esposa-e-filha.jpg?resize=200%2C300&#038;ssl=1\" alt=\"\" width=\"200\" height=\"300\" srcset=\"https:\/\/i0.wp.com\/sergiobertoldi.com\/wp-content\/uploads\/2025\/02\/Esposa-e-filha.jpg?resize=200%2C300&amp;ssl=1 200w, https:\/\/i0.wp.com\/sergiobertoldi.com\/wp-content\/uploads\/2025\/02\/Esposa-e-filha.jpg?w=333&amp;ssl=1 333w\" sizes=\"auto, (max-width: 200px) 100vw, 200px\" \/> <img data-recalc-dims=\"1\" loading=\"lazy\" decoding=\"async\" class=\"alignnone size-medium wp-image-6880\" src=\"https:\/\/i0.wp.com\/sergiobertoldi.com\/wp-content\/uploads\/2025\/02\/Um-carinho-na-pequena-Mavi.jpg?resize=200%2C300&#038;ssl=1\" alt=\"\" width=\"200\" height=\"300\" srcset=\"https:\/\/i0.wp.com\/sergiobertoldi.com\/wp-content\/uploads\/2025\/02\/Um-carinho-na-pequena-Mavi.jpg?resize=200%2C300&amp;ssl=1 200w, https:\/\/i0.wp.com\/sergiobertoldi.com\/wp-content\/uploads\/2025\/02\/Um-carinho-na-pequena-Mavi.jpg?w=333&amp;ssl=1 333w\" sizes=\"auto, (max-width: 200px) 100vw, 200px\" \/><\/p>\n<p><span style=\"font-family: tahoma, arial, helvetica, sans-serif; font-size: 14pt;\">Ao subir no palco montado para a festa da sua apresenta\u00e7\u00e3o, Neymar tentou ensaiar um discurso falando sobre a sua volta, e o que significava estar novamente em casa, mas as manifesta\u00e7\u00f5es de carinho que emanavam vindas de todos os cantos da Vila Belmiro, levaram o \u00eddolo \u00e0s lagrimas!<br \/>\n<img data-recalc-dims=\"1\" loading=\"lazy\" decoding=\"async\" class=\"alignnone wp-image-6882 size-full\" src=\"https:\/\/i0.wp.com\/sergiobertoldi.com\/wp-content\/uploads\/2025\/02\/Ney-se-emociona-01.jpg?resize=213%2C319&#038;ssl=1\" alt=\"\" width=\"213\" height=\"319\" srcset=\"https:\/\/i0.wp.com\/sergiobertoldi.com\/wp-content\/uploads\/2025\/02\/Ney-se-emociona-01.jpg?w=213&amp;ssl=1 213w, https:\/\/i0.wp.com\/sergiobertoldi.com\/wp-content\/uploads\/2025\/02\/Ney-se-emociona-01.jpg?resize=200%2C300&amp;ssl=1 200w\" sizes=\"auto, (max-width: 213px) 100vw, 213px\" \/> <img data-recalc-dims=\"1\" loading=\"lazy\" decoding=\"async\" class=\"alignnone wp-image-6883 size-full\" src=\"https:\/\/i0.wp.com\/sergiobertoldi.com\/wp-content\/uploads\/2025\/02\/Ney-se-emociona-02.jpg?resize=213%2C319&#038;ssl=1\" alt=\"\" width=\"213\" height=\"319\" srcset=\"https:\/\/i0.wp.com\/sergiobertoldi.com\/wp-content\/uploads\/2025\/02\/Ney-se-emociona-02.jpg?w=213&amp;ssl=1 213w, https:\/\/i0.wp.com\/sergiobertoldi.com\/wp-content\/uploads\/2025\/02\/Ney-se-emociona-02.jpg?resize=200%2C300&amp;ssl=1 200w\" sizes=\"auto, (max-width: 213px) 100vw, 213px\" \/> <img data-recalc-dims=\"1\" loading=\"lazy\" decoding=\"async\" class=\"alignnone wp-image-6884 size-full\" src=\"https:\/\/i0.wp.com\/sergiobertoldi.com\/wp-content\/uploads\/2025\/02\/Ney-se-emociona-03jpg.jpg?resize=213%2C319&#038;ssl=1\" alt=\"\" width=\"213\" height=\"319\" srcset=\"https:\/\/i0.wp.com\/sergiobertoldi.com\/wp-content\/uploads\/2025\/02\/Ney-se-emociona-03jpg.jpg?w=213&amp;ssl=1 213w, https:\/\/i0.wp.com\/sergiobertoldi.com\/wp-content\/uploads\/2025\/02\/Ney-se-emociona-03jpg.jpg?resize=200%2C300&amp;ssl=1 200w\" sizes=\"auto, (max-width: 213px) 100vw, 213px\" \/><br \/>\nOutro momento emocionante foi quando Neymar dividiu esse grande momento e toda a emo\u00e7\u00e3o que estava sentindo, com seus pais e sua av\u00f3, em quem deu um demorado beijo e abra\u00e7o!<br \/>\n<img data-recalc-dims=\"1\" loading=\"lazy\" decoding=\"async\" class=\"alignnone wp-image-6885\" src=\"https:\/\/i0.wp.com\/sergiobertoldi.com\/wp-content\/uploads\/2025\/02\/Um-abraco-emocionado-no-Pai.jpg?resize=333%2C222&#038;ssl=1\" alt=\"\" width=\"333\" height=\"222\" srcset=\"https:\/\/i0.wp.com\/sergiobertoldi.com\/wp-content\/uploads\/2025\/02\/Um-abraco-emocionado-no-Pai.jpg?resize=300%2C200&amp;ssl=1 300w, https:\/\/i0.wp.com\/sergiobertoldi.com\/wp-content\/uploads\/2025\/02\/Um-abraco-emocionado-no-Pai.jpg?w=640&amp;ssl=1 640w\" sizes=\"auto, (max-width: 333px) 100vw, 333px\" \/> <img data-recalc-dims=\"1\" loading=\"lazy\" decoding=\"async\" class=\"alignnone wp-image-6886\" src=\"https:\/\/i0.wp.com\/sergiobertoldi.com\/wp-content\/uploads\/2025\/02\/Emocao-com-a-mae.jpg?resize=333%2C222&#038;ssl=1\" alt=\"\" width=\"333\" height=\"222\" srcset=\"https:\/\/i0.wp.com\/sergiobertoldi.com\/wp-content\/uploads\/2025\/02\/Emocao-com-a-mae.jpg?resize=300%2C200&amp;ssl=1 300w, https:\/\/i0.wp.com\/sergiobertoldi.com\/wp-content\/uploads\/2025\/02\/Emocao-com-a-mae.jpg?w=640&amp;ssl=1 640w\" sizes=\"auto, (max-width: 333px) 100vw, 333px\" \/><br \/>\n<img data-recalc-dims=\"1\" loading=\"lazy\" decoding=\"async\" class=\"aligncenter wp-image-6887 size-full\" src=\"https:\/\/i0.wp.com\/sergiobertoldi.com\/wp-content\/uploads\/2025\/02\/Neymar-Beija-sua-avo.jpg?resize=333%2C499&#038;ssl=1\" alt=\"\" width=\"333\" height=\"499\" srcset=\"https:\/\/i0.wp.com\/sergiobertoldi.com\/wp-content\/uploads\/2025\/02\/Neymar-Beija-sua-avo.jpg?w=333&amp;ssl=1 333w, https:\/\/i0.wp.com\/sergiobertoldi.com\/wp-content\/uploads\/2025\/02\/Neymar-Beija-sua-avo.jpg?resize=200%2C300&amp;ssl=1 200w\" sizes=\"auto, (max-width: 333px) 100vw, 333px\" \/>Em uma festa para um jogador da import\u00e2ncia do Neymar, n\u00e3o poderiam faltar seus amigos, os famosos &#8220;Par\u00e7as&#8221;, al\u00e9m de jogadores que jogaram e foram campe\u00f5es com ele no pr\u00f3prio Santos, como <strong>Andr\u00e9 Belezinha<\/strong>, ou apenas grandes amigos como <strong>Emerson Sheik<\/strong><br \/>\n<img data-recalc-dims=\"1\" loading=\"lazy\" decoding=\"async\" class=\"aligncenter wp-image-6888 size-full\" src=\"https:\/\/i0.wp.com\/sergiobertoldi.com\/wp-content\/uploads\/2025\/02\/Rodeado-pelos-amigos.jpg?resize=640%2C427&#038;ssl=1\" alt=\"\" width=\"640\" height=\"427\" srcset=\"https:\/\/i0.wp.com\/sergiobertoldi.com\/wp-content\/uploads\/2025\/02\/Rodeado-pelos-amigos.jpg?w=640&amp;ssl=1 640w, https:\/\/i0.wp.com\/sergiobertoldi.com\/wp-content\/uploads\/2025\/02\/Rodeado-pelos-amigos.jpg?resize=300%2C200&amp;ssl=1 300w\" sizes=\"auto, (max-width: 640px) 100vw, 640px\" \/><img data-recalc-dims=\"1\" loading=\"lazy\" decoding=\"async\" class=\"aligncenter wp-image-6889 size-full\" src=\"https:\/\/i0.wp.com\/sergiobertoldi.com\/wp-content\/uploads\/2025\/02\/Andre-belezinha.jpg?resize=640%2C427&#038;ssl=1\" alt=\"\" width=\"640\" height=\"427\" srcset=\"https:\/\/i0.wp.com\/sergiobertoldi.com\/wp-content\/uploads\/2025\/02\/Andre-belezinha.jpg?w=640&amp;ssl=1 640w, https:\/\/i0.wp.com\/sergiobertoldi.com\/wp-content\/uploads\/2025\/02\/Andre-belezinha.jpg?resize=300%2C200&amp;ssl=1 300w\" sizes=\"auto, (max-width: 640px) 100vw, 640px\" \/><img data-recalc-dims=\"1\" loading=\"lazy\" decoding=\"async\" class=\"aligncenter wp-image-6890 size-full\" src=\"https:\/\/i0.wp.com\/sergiobertoldi.com\/wp-content\/uploads\/2025\/02\/Emerson-Sheik.jpg?resize=333%2C499&#038;ssl=1\" alt=\"\" width=\"333\" height=\"499\" srcset=\"https:\/\/i0.wp.com\/sergiobertoldi.com\/wp-content\/uploads\/2025\/02\/Emerson-Sheik.jpg?w=333&amp;ssl=1 333w, https:\/\/i0.wp.com\/sergiobertoldi.com\/wp-content\/uploads\/2025\/02\/Emerson-Sheik.jpg?resize=200%2C300&amp;ssl=1 200w\" sizes=\"auto, (max-width: 333px) 100vw, 333px\" \/><\/span><span style=\"font-family: tahoma, arial, helvetica, sans-serif; font-size: 14pt;\">A festa na Vila Belmiro foi um marco na hist\u00f3ria do Santos Futebol Clube e um momento inesquec\u00edvel para os torcedores, que agora aguardam ansiosos para ver Neymar em a\u00e7\u00e3o novamente com a camisa do Peixe.<br \/>\nAt\u00e9 a dupla <strong>Baleinha<\/strong> e <strong>Balei\u00e3o<\/strong> apareceu na festa!<\/span><\/p>\n<p><img data-recalc-dims=\"1\" loading=\"lazy\" decoding=\"async\" class=\"aligncenter wp-image-6901 size-full\" src=\"https:\/\/i0.wp.com\/sergiobertoldi.com\/wp-content\/uploads\/2025\/01\/Baleinha-e-Beleiao.jpg?resize=333%2C499&#038;ssl=1\" alt=\"\" width=\"333\" height=\"499\" srcset=\"https:\/\/i0.wp.com\/sergiobertoldi.com\/wp-content\/uploads\/2025\/01\/Baleinha-e-Beleiao.jpg?w=333&amp;ssl=1 333w, https:\/\/i0.wp.com\/sergiobertoldi.com\/wp-content\/uploads\/2025\/01\/Baleinha-e-Beleiao.jpg?resize=200%2C300&amp;ssl=1 200w\" sizes=\"auto, (max-width: 333px) 100vw, 333px\" \/><\/p>\n<p><strong><span style=\"text-decoration: underline;\"><span style=\"font-size: 14pt;\">Veja o momento em que Neymar chega ao CT Rei Pel\u00e9 para assinar contrato com o Santos\u00a0<\/span><\/span><\/strong><\/p>\n<div class=\"jetpack-video-wrapper\"><iframe loading=\"lazy\" title=\"NEYMAR CHEGA AO CT REI PEL\u00c9 E ASSINA CONTRATO COM O SANTOS FC\" width=\"800\" height=\"450\" src=\"https:\/\/www.youtube.com\/embed\/2umn9O6RMJg?feature=oembed\" frameborder=\"0\" allow=\"accelerometer; autoplay; clipboard-write; encrypted-media; gyroscope; picture-in-picture; web-share\" referrerpolicy=\"strict-origin-when-cross-origin\" allowfullscreen><\/iframe><\/div>\n<p><span style=\"font-family: tahoma, arial, helvetica, sans-serif; font-size: 14pt;\"><strong><u>Acompanhe a Festa da volta do Jogador Neymar<\/u><\/strong><\/span><\/p>\n<div class=\"jetpack-video-wrapper\"><iframe loading=\"lazy\" title=\"LIVE ESPECIAL | APRESENTA\u00c7\u00c3O NEYMAR JR\" width=\"800\" height=\"450\" src=\"https:\/\/www.youtube.com\/embed\/FUkbtA8oc5o?feature=oembed\" frameborder=\"0\" allow=\"accelerometer; autoplay; clipboard-write; encrypted-media; gyroscope; picture-in-picture; web-share\" referrerpolicy=\"strict-origin-when-cross-origin\" allowfullscreen><\/iframe><\/div>\n<p><span style=\"font-family: tahoma, arial, helvetica, sans-serif; font-size: 14pt;\"><strong><u>Acompanhe a Coletiva do Jogador Neymar<\/u><\/strong><\/span><\/p>\n<div class=\"jetpack-video-wrapper\"><iframe loading=\"lazy\" title=\"COLETIVA | NEYMAR JR DE VOLTA AO SANTOS\" width=\"800\" height=\"450\" src=\"https:\/\/www.youtube.com\/embed\/9JGDJFCkEwo?feature=oembed\" frameborder=\"0\" allow=\"accelerometer; autoplay; clipboard-write; encrypted-media; gyroscope; picture-in-picture; web-share\" referrerpolicy=\"strict-origin-when-cross-origin\" allowfullscreen><\/iframe><\/div>\n<p style=\"text-align: justify;\"><span style=\"font-family: tahoma, arial, helvetica, sans-serif; font-size: 14pt;\">(Cr\u00e9dito: Imagem: B<\/span><span style=\"font-family: tahoma, arial, helvetica, sans-serif; font-size: 14pt;\">runo Vaz<\/span><span style=\"font-family: tahoma, arial, helvetica, sans-serif; font-size: 14pt;\">\/Santos FC)<\/span><br \/>\n<span style=\"font-family: tahoma, arial, helvetica, sans-serif; font-size: 14pt;\">(Cr\u00e9dito: Imagem: SantosTV\/Divulga\u00e7\u00e3o\/Santos FC)<\/span><\/p>\n<p style=\"text-align: justify;\"><span style=\"font-family: tahoma, arial, helvetica, sans-serif; font-size: 14pt;\">Falamos das coisas do Santos, sempre com a parceria e o apoio dos nossos anunciantes!<\/span><\/p>\n<p style=\"text-align: justify;\">\n","protected":false},"excerpt":{"rendered":"<p>Al\u00f4 Na\u00e7\u00e3o Santista! Sauda\u00e7\u00f5es Alvinegras! Sim, Neymar est\u00e1 de volta ao Santos! Ap\u00f3s quase 12 anos, ele retornou ao clube<\/p>\n","protected":false},"author":2,"featured_media":6856,"comment_status":"open","ping_status":"open","sticky":false,"template":"","format":"standard","meta":{"colormag_page_container_layout":"default_layout","colormag_page_sidebar_layout":"default_layout","_jetpack_memberships_contains_paid_content":false,"footnotes":""},"categories":[68,4,35,10],"tags":[6],"class_list":["post-6855","post","type-post","status-publish","format-standard","has-post-thumbnail","hentry","category-apresentacao-oficial","category-bastidores-do-santos-fc","category-edicao-especial","category-elenco-profissional","tag-santos-fc"],"jetpack_featured_media_url":"https:\/\/i0.wp.com\/sergiobertoldi.com\/wp-content\/uploads\/2025\/02\/54301034938_3d5341f147_z.jpg?fit=640%2C427&ssl=1","jetpack_likes_enabled":true,"jetpack_sharing_enabled":true,"_links":{"self":[{"href":"https:\/\/sergiobertoldi.com\/index.php\/wp-json\/wp\/v2\/posts\/6855","targetHints":{"allow":["GET"]}}],"collection":[{"href":"https:\/\/sergiobertoldi.com\/index.php\/wp-json\/wp\/v2\/posts"}],"about":[{"href":"https:\/\/sergiobertoldi.com\/index.php\/wp-json\/wp\/v2\/types\/post"}],"author":[{"embeddable":true,"href":"https:\/\/sergiobertoldi.com\/index.php\/wp-json\/wp\/v2\/users\/2"}],"replies":[{"embeddable":true,"href":"https:\/\/sergiobertoldi.com\/index.php\/wp-json\/wp\/v2\/comments?post=6855"}],"version-history":[{"count":14,"href":"https:\/\/sergiobertoldi.com\/index.php\/wp-json\/wp\/v2\/posts\/6855\/revisions"}],"predecessor-version":[{"id":6903,"href":"https:\/\/sergiobertoldi.com\/index.php\/wp-json\/wp\/v2\/posts\/6855\/revisions\/6903"}],"wp:featuredmedia":[{"embeddable":true,"href":"https:\/\/sergiobertoldi.com\/index.php\/wp-json\/wp\/v2\/media\/6856"}],"wp:attachment":[{"href":"https:\/\/sergiobertoldi.com\/index.php\/wp-json\/wp\/v2\/media?parent=6855"}],"wp:term":[{"taxonomy":"category","embeddable":true,"href":"https:\/\/sergiobertoldi.com\/index.php\/wp-json\/wp\/v2\/categories?post=6855"},{"taxonomy":"post_tag","embeddable":true,"href":"https:\/\/sergiobertoldi.com\/index.php\/wp-json\/wp\/v2\/tags?post=6855"}],"curies":[{"name":"wp","href":"https:\/\/api.w.org\/{rel}","templated":true}]}}