{"id":6826,"date":"2025-01-25T20:38:33","date_gmt":"2025-01-25T23:38:33","guid":{"rendered":"https:\/\/sergiobertoldi.com\/?p=6826"},"modified":"2025-01-29T16:00:18","modified_gmt":"2025-01-29T19:00:18","slug":"velo-clube-surpreende-e-derrota-santos-por-2-a-1-no-campeonato-paulista","status":"publish","type":"post","link":"https:\/\/sergiobertoldi.com\/index.php\/2025\/01\/25\/velo-clube-surpreende-e-derrota-santos-por-2-a-1-no-campeonato-paulista\/","title":{"rendered":"Velo Clube surpreende e derrota Santos por 2 a 1 no Campeonato Paulista"},"content":{"rendered":"<p><span style=\"font-family: helvetica, arial, sans-serif; font-size: 14pt;\"><strong><u>Al\u00f4 Na\u00e7\u00e3o Santista! Sauda\u00e7\u00f5es Alvinegras!<\/u><\/strong><\/span><\/p>\n<p style=\"text-align: justify;\"><span style=\"font-family: tahoma, arial, helvetica, sans-serif; font-size: 14pt;\">Em uma noite hist\u00f3rica para o futebol de Rio Claro, o Velo Clube venceu o Santos por 2 a 1, na quarta rodada do Campeonato Paulista de 2025.<\/span><\/p>\n<p style=\"text-align: justify;\"><span style=\"font-family: tahoma, arial, helvetica, sans-serif; font-size: 14pt;\">A partida, realizada no Est\u00e1dio <strong>Benito Agnelo Castellano<\/strong>, marcou a primeira vit\u00f3ria do Velo Clube sobre o Santos em toda a hist\u00f3ria dos confrontos entre as duas equipes.<\/span><\/p>\n<p style=\"text-align: justify;\"><span style=\"font-family: tahoma, arial, helvetica, sans-serif; font-size: 14pt;\">O jogo come\u00e7ou de forma truncada, com ambas as equipes criando poucas oportunidades no primeiro tempo.<\/span><br \/>\n<span style=\"font-family: tahoma, arial, helvetica, sans-serif; font-size: 14pt;\">O Santos teve sua melhor chance com um chute de Luca Meirelles que acertou a trave.<\/span><br \/>\n<span style=\"font-family: tahoma, arial, helvetica, sans-serif; font-size: 14pt;\">No entanto, foi o Velo Clube que abriu o placar aos 6 minutos do segundo tempo, com um gol de Daniel Amorim ap\u00f3s cobran\u00e7a de um escanteio confuso onde a bola acabou entrando ap\u00f3s um desvio.<\/span><br \/>\n<span style=\"font-family: tahoma, arial, helvetica, sans-serif; font-size: 14pt;\">O atacante voltou a marcar aos 38 minutos, ampliando a vantagem para 2 a 0. Dos seis gols que o Alvinegro Praiano sofreu no Estadual at\u00e9 agora, cinco foram originados de jogadas a\u00e9reas.<\/span><\/p>\n<p style=\"text-align: justify;\"><span style=\"font-family: tahoma, arial, helvetica, sans-serif; font-size: 14pt;\">O Santos entrou em campo com um time alternativo, bastante modificado pelo t\u00e9cnico Pedro Caixinha, (Quarta escala\u00e7\u00e3o diferente em quatro jogos), tentou reagir e conseguiu diminuir a diferen\u00e7a aos 44 minutos do segundo tempo, com um gol de <strong>L\u00e9o Godoy,<\/strong> por\u00e9m j\u00e1 era tarde para buscar o empate.<br \/>\nO time da casa, que havia conquistado recentemente o t\u00edtulo da S\u00e9rie A2 de 2024, somou seus primeiros pontos no campeonato e saiu da lanterna do Grupo D<\/span><\/p>\n<p style=\"text-align: justify;\"><span style=\"font-family: tahoma, arial, helvetica, sans-serif; font-size: 14pt;\">J\u00e1 o Santos, com essa sua segunda derrota na competi\u00e7\u00e3o, estacionou nos quatro pontos, na segunda coloca\u00e7\u00e3o do Grupo B.<br \/>\nA derrota aumentou a press\u00e3o sobre o Alvinegro Praiano e seu t\u00e9cnico Pedro Caixinha, especialmente ap\u00f3s uma sequ\u00eancia de resultados negativos.<br \/>\nO time agora enfrenta um desafio crucial em sua pr\u00f3xima partida, quando o Santos volta a campo na quarta-feira, e visita o S\u00e3o Bernardo, pela quinta rodada do Estadual.<\/span><br \/>\n<span style=\"font-family: tahoma, arial, helvetica, sans-serif; font-size: 14pt;\">A bola rola no gramado do Est\u00e1dio 1\u00b0 de Maio, em S\u00e3o Bernardo (SP), a partir das 18h30 (de Bras\u00edlia)<\/span><\/p>\n<p style=\"text-align: justify;\"><span style=\"font-family: georgia, palatino, serif; font-size: 14pt;\"><strong><u>FICHA T\u00c9CNICA<\/u><\/strong><\/span><br \/>\n<span style=\"font-family: tahoma, arial, helvetica, sans-serif; font-size: 14pt;\"><span style=\"font-family: georgia, palatino, serif;\"><strong><u>VELO CLUBE<\/u><\/strong><\/span><strong> 2 X 1 <\/strong><span style=\"font-family: georgia, palatino, serif;\"><strong><u>SANTOS<\/u><\/strong><\/span><\/span><\/p>\n<p style=\"text-align: justify;\"><span style=\"font-family: tahoma, arial, helvetica, sans-serif; font-size: 14pt;\"><span style=\"font-family: georgia, palatino, serif;\"><strong>Local:<\/strong><\/span>\u00a0Est\u00e1dio\u00a0Benit\u00e3o, em Rio Claro (SP)<\/span><br \/>\n<span style=\"font-family: tahoma, arial, helvetica, sans-serif; font-size: 14pt;\"><span style=\"font-family: georgia, palatino, serif;\"><strong>Data:<\/strong><\/span>\u00a025 de janeiro de 2025, s\u00e1bado<\/span><br \/>\n<span style=\"font-family: tahoma, arial, helvetica, sans-serif; font-size: 14pt;\"><span style=\"font-family: georgia, palatino, serif;\"><strong>Hor\u00e1rio:<\/strong><\/span>\u00a018h30 (de Bras\u00edlia)<\/span><br \/>\n<span style=\"font-family: tahoma, arial, helvetica, sans-serif; font-size: 14pt;\"><span style=\"font-family: georgia, palatino, serif;\"><strong>\u00c1rbitro:<\/strong><\/span>\u00a0Edina Alves Batista<\/span><br \/>\n<span style=\"font-family: tahoma, arial, helvetica, sans-serif; font-size: 14pt;\"><span style=\"font-family: georgia, palatino, serif;\"><strong>Assistentes:<\/strong><\/span>\u00a0Luiz Alberto Andrini Nogueira e Diego Morelli de Oliveira<\/span><br \/>\n<span style=\"font-family: tahoma, arial, helvetica, sans-serif; font-size: 14pt;\"><span style=\"font-family: georgia, palatino, serif;\"><strong>VAR:<\/strong><\/span>\u00a0Jose Claudio Rocha Filho<\/span><br \/>\n<span style=\"font-family: tahoma, arial, helvetica, sans-serif; font-size: 14pt;\"><span style=\"font-family: georgia, palatino, serif; background-color: #ffff00;\"><strong>Cart\u00f5es amarelos:<\/strong><\/span>\u00a0Gabriel Mancha, L\u00e9o Baiano (Velo Clube)<\/span><br \/>\n<span style=\"font-family: tahoma, arial, helvetica, sans-serif; font-size: 14pt;\"><span style=\"font-family: georgia, palatino, serif;\"><strong>GOLS:<\/strong>\u00a0<\/span>Daniel Amorim, aos 6 e 38 do 2\u00baT (Velo Clube); Leo Godoy, aos 45 do 2\u00baT (Santos)<\/span><br \/>\n<span style=\"font-family: tahoma, arial, helvetica, sans-serif; font-size: 14pt;\"><span style=\"font-family: georgia, palatino, serif;\"><strong><u>VELO CLUBE:<\/u><\/strong><\/span>\u00a0Dalton; Rafael Ribeiro (J\u00falio Vaz), Gabriel Mancha (Itamb\u00e9), Marcelo; L\u00e9o Campos, L\u00e9o Baiano (Renan Siqueira), Felipinho (Carlos Manuel) e Pedro Favela; Jefferson Nem (Sillas) e Daniel Amorim. <strong>T\u00e9cnico:<\/strong> Guilherme Alves<\/span><br \/>\n<span style=\"font-family: tahoma, arial, helvetica, sans-serif; font-size: 14pt;\"><span style=\"font-family: georgia, palatino, serif;\"><strong><u>SANTOS:<\/u><\/strong>\u00a0<\/span>Gabriel Braz\u00e3o; JP Chermont, Luan Peres, Luis\u00e3o e Souza (Escobar); Tom\u00e1s Rinc\u00f3n, Jo\u00e3o Schmidt (Diego Pituca) e Patrick (Patrick); Miguelito (Tiquinho Soares), Luca Meirelles e Gabriel Bontempo (Leo Godoy).\u00a0 <strong>T\u00e9cnico:<\/strong>\u00a0Pedro Caixinha<\/span><\/p>\n<p style=\"text-align: justify;\"><span style=\"font-size: 14pt;\"><strong><u><img data-recalc-dims=\"1\" loading=\"lazy\" decoding=\"async\" class=\"size-full wp-image-6815 alignleft\" src=\"https:\/\/i0.wp.com\/sergiobertoldi.com\/wp-content\/uploads\/2025\/01\/Bola-Cheia-copia-150x60-2.png?resize=150%2C60&#038;ssl=1\" alt=\"\" width=\"150\" height=\"60\" \/>Luca Meirelles<\/u><\/strong><\/span> \u00a0<span style=\"font-family: tahoma, arial, helvetica, sans-serif; font-size: 14pt;\">Procurou se movimentar bastante no ataque, buscou a bola, tentou finaliza\u00e7\u00f5es e foi um dos poucos que se destacou. Acertou uma bola na trave.<\/span><\/p>\n<p>&nbsp;<\/p>\n<p style=\"text-align: justify;\"><span style=\"font-size: 14pt;\"><strong><u><img data-recalc-dims=\"1\" loading=\"lazy\" decoding=\"async\" class=\"size-full wp-image-6800 alignleft\" src=\"https:\/\/i0.wp.com\/sergiobertoldi.com\/wp-content\/uploads\/2025\/01\/Bola-Murcha-Copia-150x60-1.png?resize=150%2C60&#038;ssl=1\" alt=\"\" width=\"150\" height=\"60\" \/>Patrick<\/u><\/strong>\u00a0<\/span> <span style=\"font-family: tahoma, arial, helvetica, sans-serif; font-size: 14pt;\">Foi escalado como titular, teve a chance de provar que pode ser um jogador cujo alto investimento e sal\u00e1rios, poderia na rela\u00e7\u00e3o \u201cCusto-Benef\u00edcio\u201d ser positiva ao Santos, por\u00e9m mais uma vez foi mal. N\u00e3o fez nada em campo, nem ao menos vontade mostrou.<\/span><\/p>\n<p style=\"text-align: justify;\"><span style=\"font-size: 14pt;\"><strong><u>PITACOS DO BERTOLDI<\/u><\/strong><\/span><\/p>\n<p style=\"text-align: justify;\"><span style=\"font-size: 14pt;\">Durante a partida contra o Velo Clube, o Santos cometeu v\u00e1rios erros que contribu\u00edram para a sua derrota por 2 a 1.<br \/>\n<\/span><span style=\"font-size: 14pt;\">O Alvinegro de Vila Belmiro, teve dificuldade para conseguir criar jogadas ofensivas, especialmente no primeiro tempo, onde o time mostrou lentid\u00e3o, desorganiza\u00e7\u00e3o t\u00e1tica e completa falta de inspira\u00e7\u00e3o.<br \/>\n<\/span><span style=\"font-size: 14pt;\">A equipe teve apenas duas boas oportunidades de gol, uma delas resultando em um chute que acertou a trave.<\/span><\/p>\n<p style=\"text-align: justify;\"><span style=\"font-size: 14pt;\">Embora os jogadores do Peixe tenham mantido a posse de bola em grande parte do primeiro tempo, n\u00e3o tiveram a compet\u00eancia para traduzir em chances claras de gol, as oportunidades que tiveram chances raras que tiveram! O time foi incapaz de transformar a posse em press\u00e3o ofensiva efetiva.<\/span><\/p>\n<p style=\"text-align: justify;\"><span style=\"font-size: 14pt;\">J\u00e1 comentei e volto a frisar: A escassez de gols e baixa produtividade dos atacantes do Santos, em nada tem a ver com a qualidade t\u00e9cnica dos mesmos! Enquanto o Santos n\u00e3o conseguir contratar um bom meia armador, um jogador que se aproxime dos atacantes, e que municie os atacantes com bolas bem trabalhadas, pode trazer o maior camisa 9 do mundo, que se seu sal\u00e1rio depender de gols, o coitado vai morrer de fome no Santos!<\/span><\/p>\n<p style=\"text-align: justify;\"><span style=\"font-size: 14pt;\">Quanto ao sistema defensivo, o Santos demonstrou fragilidade em sua defesa, especialmente em jogadas de bola parada, bolas a\u00e9reas. Ambos os gols do Velo Clube surgiram de falhas defensivas, onde a equipe n\u00e3o conseguiu marcar adequadamente os jogadores advers\u00e1rios.<br \/>\nIsso evidenciou uma falta de comunica\u00e7\u00e3o e posicionamento entre os defensores.<br \/>\n<\/span><span style=\"font-size: 14pt;\">No primeiro gol, houve uma confus\u00e3o na pequena \u00e1rea durante uma cobran\u00e7a de escanteio, onde Luca Meirelles tentou afastar a bola e acabou desviando para Daniel Amorim, que marcou.\u00a0O segundo gol tamb\u00e9m foi resultado de uma desaten\u00e7\u00e3o defensiva, permitindo que Amorim cabeceasse livre<\/span><\/p>\n<p style=\"text-align: justify;\"><span style=\"font-size: 14pt;\">\u00c9 preciso que algu\u00e9m abra urgentemente os olhos do t\u00e9cnico do Santos, para o fato evidente e inquestion\u00e1vel de que o Zagueiro Gil n\u00e3o pode ficar afastado do elenco!<br \/>\n<\/span><span style=\"font-size: 14pt;\">Pelo desempenho p\u00edfio de todos os zagueiros testados nos quatro jogos iniciais, fica claro que o Gil tem que voltar urgentemente para a titularidade da zaga central do Santos!<\/span><\/p>\n<p style=\"text-align: justify;\"><span style=\"font-size: 14pt;\"><strong><u>Acompanhe a Coletiva do T\u00e9cnico Pedro Caixinha<\/u><\/strong><\/span><\/p>\n<div class=\"jetpack-video-wrapper\"><iframe loading=\"lazy\" title=\"PEDRO CAIXINHA | COLETIVA  (25\/01\/25)\" width=\"800\" height=\"450\" src=\"https:\/\/www.youtube.com\/embed\/JNunqt0lZnw?feature=oembed\" frameborder=\"0\" allow=\"accelerometer; autoplay; clipboard-write; encrypted-media; gyroscope; picture-in-picture; web-share\" referrerpolicy=\"strict-origin-when-cross-origin\" allowfullscreen><\/iframe><\/div>\n<p style=\"text-align: justify;\"><span style=\"font-size: 14pt;\">(Cr\u00e9dito: Imagem: Raul Baretta\/Santos FC)<br \/>\n<\/span><span style=\"font-size: 14pt;\">(Cr\u00e9dito: Imagem: SantosTV\/Divulga\u00e7\u00e3o\/Santos FC)<\/span><\/p>\n<p style=\"text-align: justify;\"><span style=\"font-size: 14pt;\">Falamos das coisas do Santos, sempre com a parceria e o apoio dos nossos anunciantes!<\/span><\/p>\n<p>&nbsp;<\/p>\n<p>&nbsp;<\/p>\n<p>&nbsp;<\/p>\n<p>&nbsp;<\/p>\n<p>&nbsp;<\/p>\n","protected":false},"excerpt":{"rendered":"<p>Al\u00f4 Na\u00e7\u00e3o Santista! Sauda\u00e7\u00f5es Alvinegras! Em uma noite hist\u00f3rica para o futebol de Rio Claro, o Velo Clube venceu o<\/p>\n","protected":false},"author":2,"featured_media":6829,"comment_status":"open","ping_status":"open","sticky":false,"template":"","format":"standard","meta":{"colormag_page_container_layout":"default_layout","colormag_page_sidebar_layout":"default_layout","_jetpack_memberships_contains_paid_content":false,"footnotes":""},"categories":[12,25,16],"tags":[6],"class_list":["post-6826","post","type-post","status-publish","format-standard","has-post-thumbnail","hentry","category-analise-e-comentario","category-campeonato-paulista","category-resenha-do-jogo","tag-santos-fc"],"jetpack_featured_media_url":"https:\/\/i0.wp.com\/sergiobertoldi.com\/wp-content\/uploads\/2025\/01\/54288154587_9a95bd72e5_k-e1738177032164.jpg?fit=700%2C467&ssl=1","jetpack_likes_enabled":true,"jetpack_sharing_enabled":true,"_links":{"self":[{"href":"https:\/\/sergiobertoldi.com\/index.php\/wp-json\/wp\/v2\/posts\/6826","targetHints":{"allow":["GET"]}}],"collection":[{"href":"https:\/\/sergiobertoldi.com\/index.php\/wp-json\/wp\/v2\/posts"}],"about":[{"href":"https:\/\/sergiobertoldi.com\/index.php\/wp-json\/wp\/v2\/types\/post"}],"author":[{"embeddable":true,"href":"https:\/\/sergiobertoldi.com\/index.php\/wp-json\/wp\/v2\/users\/2"}],"replies":[{"embeddable":true,"href":"https:\/\/sergiobertoldi.com\/index.php\/wp-json\/wp\/v2\/comments?post=6826"}],"version-history":[{"count":3,"href":"https:\/\/sergiobertoldi.com\/index.php\/wp-json\/wp\/v2\/posts\/6826\/revisions"}],"predecessor-version":[{"id":6831,"href":"https:\/\/sergiobertoldi.com\/index.php\/wp-json\/wp\/v2\/posts\/6826\/revisions\/6831"}],"wp:featuredmedia":[{"embeddable":true,"href":"https:\/\/sergiobertoldi.com\/index.php\/wp-json\/wp\/v2\/media\/6829"}],"wp:attachment":[{"href":"https:\/\/sergiobertoldi.com\/index.php\/wp-json\/wp\/v2\/media?parent=6826"}],"wp:term":[{"taxonomy":"category","embeddable":true,"href":"https:\/\/sergiobertoldi.com\/index.php\/wp-json\/wp\/v2\/categories?post=6826"},{"taxonomy":"post_tag","embeddable":true,"href":"https:\/\/sergiobertoldi.com\/index.php\/wp-json\/wp\/v2\/tags?post=6826"}],"curies":[{"name":"wp","href":"https:\/\/api.w.org\/{rel}","templated":true}]}}