{"id":6798,"date":"2025-01-16T23:20:37","date_gmt":"2025-01-17T02:20:37","guid":{"rendered":"https:\/\/sergiobertoldi.com\/?p=6798"},"modified":"2025-01-20T16:44:06","modified_gmt":"2025-01-20T19:44:06","slug":"santos-bate-o-mirassol-e-estreia-com-vitoria-no-paulistao","status":"publish","type":"post","link":"https:\/\/sergiobertoldi.com\/index.php\/2025\/01\/16\/santos-bate-o-mirassol-e-estreia-com-vitoria-no-paulistao\/","title":{"rendered":"Santos bate o Mirassol e estreia com vit\u00f3ria no Paulist\u00e3o"},"content":{"rendered":"<p style=\"text-align: justify;\"><span style=\"font-family: helvetica, arial, sans-serif; font-size: 14pt;\"><strong><u>Al\u00f4 Na\u00e7\u00e3o Santista! Sauda\u00e7\u00f5es Alvinegras!<\/u><\/strong><\/span><strong><u>\u00a0<\/u><\/strong><\/p>\n<p style=\"text-align: justify;\"><span style=\"font-family: tahoma, arial, helvetica, sans-serif; font-size: 14pt;\">Na noite desta quinta-feira (16), em partida v\u00e1lida pela abertura da fase de grupos do Campeonato Paulista de 2025, o Santos venceu o Mirassol por 2 a 1, na Vila Belmiro!<br \/>\n<\/span><span style=\"font-family: tahoma, arial, helvetica, sans-serif; font-size: 14pt;\">Este jogo marcou o reencontro das equipes ap\u00f3s os embates na \u00faltima edi\u00e7\u00e3o da S\u00e9rie B do Brasileir\u00e3o, onde ambos os times conquistaram o acesso e disputar\u00e3o a S\u00e9rie A neste ano.<\/span><\/p>\n<p style=\"text-align: justify;\"><span style=\"font-family: tahoma, arial, helvetica, sans-serif; font-size: 14pt;\">Durante os 90 minutos, Santos e Mirassol jogaram uma partida din\u00e2mica, repleta de oportunidades para ambos os lados, apresentando um ritmo muito forte, em velocidade e intensidade surpreendentes, principalmente para o Santos, cujo elenco n\u00e3o teve mais do que 10 dias de pr\u00e9 temporada!<\/span><\/p>\n<p style=\"text-align: justify;\"><span style=\"font-family: tahoma, arial, helvetica, sans-serif; font-size: 14pt;\">Tr\u00eas jogadores foram os principais destaques e respons\u00e1veis diretos pela primeira vit\u00f3ria do Santos na temporada de 2025. <strong>Guilherme<\/strong> foi o autor dos gols que garantiram a vit\u00f3ria, foi o atacante decisivo demonstrando seu oportunismo, se posicionou bem na \u00e1rea e balan\u00e7ou as redes duas vezes, assegurando os tr\u00eas pontos para o Peixe.<\/span><img data-recalc-dims=\"1\" loading=\"lazy\" decoding=\"async\" class=\"aligncenter wp-image-6803\" src=\"https:\/\/i0.wp.com\/sergiobertoldi.com\/wp-content\/uploads\/2025\/01\/guilherme-santos-e1737082313810-300x200.jpeg?resize=550%2C367&#038;ssl=1\" alt=\"\" width=\"550\" height=\"367\" srcset=\"https:\/\/i0.wp.com\/sergiobertoldi.com\/wp-content\/uploads\/2025\/01\/guilherme-santos-e1737082313810.jpeg?resize=300%2C200&amp;ssl=1 300w, https:\/\/i0.wp.com\/sergiobertoldi.com\/wp-content\/uploads\/2025\/01\/guilherme-santos-e1737082313810.jpeg?resize=768%2C512&amp;ssl=1 768w, https:\/\/i0.wp.com\/sergiobertoldi.com\/wp-content\/uploads\/2025\/01\/guilherme-santos-e1737082313810.jpeg?w=900&amp;ssl=1 900w\" sizes=\"auto, (max-width: 550px) 100vw, 550px\" \/><\/p>\n<p style=\"text-align: justify;\"><span style=\"font-family: tahoma, arial, helvetica, sans-serif; font-size: 14pt;\"><strong>Soteldo <\/strong>foi a pe\u00e7a de desequil\u00edbrio no ataque do Peixe, n\u00e3o deixou os defensores do Mirassol em paz e esteve sempre em busca de jogadas em velocidade, furando a retranca do Mirassol, criando as principais oportunidades de gol da equipe!<\/span><\/p>\n<p><img data-recalc-dims=\"1\" loading=\"lazy\" decoding=\"async\" class=\"aligncenter wp-image-6805 size-full\" src=\"https:\/\/i0.wp.com\/sergiobertoldi.com\/wp-content\/uploads\/2025\/01\/54271142138_83a1a771b2_z.jpg?resize=512%2C640&#038;ssl=1\" alt=\"\" width=\"512\" height=\"640\" srcset=\"https:\/\/i0.wp.com\/sergiobertoldi.com\/wp-content\/uploads\/2025\/01\/54271142138_83a1a771b2_z.jpg?w=512&amp;ssl=1 512w, https:\/\/i0.wp.com\/sergiobertoldi.com\/wp-content\/uploads\/2025\/01\/54271142138_83a1a771b2_z.jpg?resize=240%2C300&amp;ssl=1 240w\" sizes=\"auto, (max-width: 512px) 100vw, 512px\" \/><\/p>\n<p style=\"text-align: justify;\"><span style=\"font-family: tahoma, arial, helvetica, sans-serif; font-size: 14pt;\">Por\u00e9m foi o Goleiro <strong>Gabriel Braz\u00e3o<\/strong>, quem mais se destacou como o grande nome do jogo, realizando no m\u00ednimo quatro grandes defesas, daquelas consideradas como milagrosas!\u00a0<\/span><\/p>\n<p><img data-recalc-dims=\"1\" loading=\"lazy\" decoding=\"async\" class=\"aligncenter wp-image-6808 size-large\" src=\"https:\/\/i0.wp.com\/sergiobertoldi.com\/wp-content\/uploads\/2025\/01\/imgonline-com-ua-twotoone-vMREo8fsskrBt8.jpg?resize=800%2C288&#038;ssl=1\" alt=\"\" width=\"800\" height=\"288\" srcset=\"https:\/\/i0.wp.com\/sergiobertoldi.com\/wp-content\/uploads\/2025\/01\/imgonline-com-ua-twotoone-vMREo8fsskrBt8.jpg?resize=1024%2C369&amp;ssl=1 1024w, https:\/\/i0.wp.com\/sergiobertoldi.com\/wp-content\/uploads\/2025\/01\/imgonline-com-ua-twotoone-vMREo8fsskrBt8.jpg?resize=300%2C108&amp;ssl=1 300w, https:\/\/i0.wp.com\/sergiobertoldi.com\/wp-content\/uploads\/2025\/01\/imgonline-com-ua-twotoone-vMREo8fsskrBt8.jpg?resize=768%2C277&amp;ssl=1 768w, https:\/\/i0.wp.com\/sergiobertoldi.com\/wp-content\/uploads\/2025\/01\/imgonline-com-ua-twotoone-vMREo8fsskrBt8.jpg?resize=1536%2C553&amp;ssl=1 1536w, https:\/\/i0.wp.com\/sergiobertoldi.com\/wp-content\/uploads\/2025\/01\/imgonline-com-ua-twotoone-vMREo8fsskrBt8.jpg?resize=2048%2C737&amp;ssl=1 2048w, https:\/\/i0.wp.com\/sergiobertoldi.com\/wp-content\/uploads\/2025\/01\/imgonline-com-ua-twotoone-vMREo8fsskrBt8.jpg?w=1600&amp;ssl=1 1600w\" sizes=\"auto, (max-width: 800px) 100vw, 800px\" \/><\/p>\n<p style=\"text-align: justify;\"><span style=\"font-family: tahoma, arial, helvetica, sans-serif; font-size: 14pt;\">O Santos volta a campo no pr\u00f3ximo domingo, quando \u00e0s 20h30 (hor\u00e1rio de Bras\u00edlia), enfrenta a Ponte Preta no Est\u00e1dio Mois\u00e9s Lucarelli, em partida v\u00e1lida pela segunda rodada do Campeonato Paulista.<\/span><\/p>\n<p style=\"text-align: justify;\"><span style=\"font-size: 14pt;\"><u>\u00a0<\/u><u><strong>FICHA T\u00c9CNICA<\/strong><br \/>\n<\/u><\/span><span style=\"font-size: 14pt;\"><strong><u>SANTOS<\/u> <\/strong>2 X 1 <strong><u>MIRASSOL<\/u><\/strong><\/span><\/p>\n<p style=\"text-align: justify;\"><span style=\"font-family: tahoma, arial, helvetica, sans-serif; font-size: 14pt;\"><strong>Local:<\/strong> Vila Belmiro, em Santos (SP)<br \/>\n<\/span><span style=\"font-family: tahoma, arial, helvetica, sans-serif; font-size: 14pt;\"><strong>Data:<\/strong> 16 de janeiro de 2025, quinta-feira<br \/>\n<\/span><span style=\"font-family: tahoma, arial, helvetica, sans-serif; font-size: 14pt;\"><strong>Hor\u00e1rio:<\/strong> 21h30 (de Bras\u00edlia)<br \/>\n<\/span><span style=\"font-family: tahoma, arial, helvetica, sans-serif; font-size: 14pt;\"><strong>\u00c1rbitro:<\/strong> Flavio Rodrigues de Souza<br \/>\n<\/span><span style=\"font-family: tahoma, arial, helvetica, sans-serif; font-size: 14pt;\"><strong>Assistentes:<\/strong> Neuza Ines Back e Gustavo Rodrigues de Oliveira<br \/>\n<\/span><span style=\"font-family: tahoma, arial, helvetica, sans-serif; font-size: 14pt;\"><strong>VAR:<\/strong> Ilbert Estevam da Silva<br \/>\n<\/span><span style=\"font-family: tahoma, arial, helvetica, sans-serif; font-size: 14pt;\"><span style=\"background-color: #ffff00;\"><strong>Cart\u00f5es amarelos:<\/strong><\/span> Escobar, aos 10&#8242; do 2\u00baT; Luan Peres, aos 26&#8242; do 2\u00baT; Jos\u00e9 Ivaldo, aos 16&#8242; do 2\u00baT (Santos)<br \/>\n<\/span><span style=\"font-family: tahoma, arial, helvetica, sans-serif; font-size: 14pt;\"><span style=\"background-color: #ffff00;\"><strong>Cart\u00f5es amarelos<\/strong><\/span> Neto Moura, aos 26\u2019 do 1\u00baT ; Daniel de Oliveira, aos 35&#8242; do 2\u00baT, Reinaldo, aos 36&#8242; do 2\u00baT (Mirassol)<br \/>\n<\/span><span style=\"font-family: tahoma, arial, helvetica, sans-serif; font-size: 14pt;\"><strong>P\u00fablico:<\/strong> 10.379 torcedores<br \/>\n<\/span><span style=\"font-family: tahoma, arial, helvetica, sans-serif; font-size: 14pt;\"><strong>Renda:<\/strong> R$ 469.972,50<br \/>\n<\/span><span style=\"font-family: tahoma, arial, helvetica, sans-serif; font-size: 14pt;\"><strong>GOLS:<\/strong> Guilherme, aos 48&#8242; do 1\u00baT (Santos) \/ Guilherme, aos 41&#8242; do 2\u00baT (Santos) \/ Yuri Castilho, aos 50&#8242; do 2\u00baT (Mirassol)<\/span><\/p>\n<p style=\"text-align: justify;\"><span style=\"font-family: tahoma, arial, helvetica, sans-serif; font-size: 14pt;\"><strong><u>SANTOS:<\/u><\/strong> Gabriel Braz\u00e3o; JP Chermont, Jo\u00e3o Basso (Z\u00e9 Ivaldo), Luan Peres e Escobar (Souza); Tom\u00e1s Rinc\u00f3n (Jo\u00e3o Schmidt), Diego Pituca e Soteldo (Leo Godoy); Lucas Braga (Thaciano), Wendel e Guilherme T\u00e9cnico: Pedro Caixinha<\/span><\/p>\n<p style=\"text-align: justify;\"><span style=\"font-family: tahoma, arial, helvetica, sans-serif; font-size: 14pt;\"><strong><u>MIRASSOL:<\/u><\/strong> Alex Muralha; Lucas Ramon (Daniel Borges), Jemmes, Jo\u00e3o Victor e Zeca (Reinaldo); Neto Moura, Danielzinho e Chico Kim (Clayson); Yuri Castilho, Guilherme Pato (Firmino Negueba) e Matheus Dav\u00f3 (Roni) T\u00e9cnico: Eduardo Barroca<\/span><\/p>\n<p style=\"text-align: justify;\"><strong><img data-recalc-dims=\"1\" loading=\"lazy\" decoding=\"async\" class=\"size-full wp-image-6799 alignleft\" src=\"https:\/\/i0.wp.com\/sergiobertoldi.com\/wp-content\/uploads\/2025\/01\/Bola-Cheia-copia-150x60-1.png?resize=150%2C60&#038;ssl=1\" alt=\"\" width=\"150\" height=\"60\" \/><span style=\"font-family: tahoma, arial, helvetica, sans-serif; font-size: 14pt;\">Soteldo<\/span><\/strong><span style=\"font-family: tahoma, arial, helvetica, sans-serif; font-size: 14pt;\">, <strong>Guilherme <\/strong>e <strong>Gabriel Braz\u00e3o<\/strong> A bola cheia de hoje vai para esses tr\u00eas jogadores, respons\u00e1veis diretos pela vit\u00f3ria do Santos sobre o Mirassol<\/span><\/p>\n<p style=\"text-align: justify;\"><img data-recalc-dims=\"1\" loading=\"lazy\" decoding=\"async\" class=\"size-full wp-image-6800 alignleft\" src=\"https:\/\/i0.wp.com\/sergiobertoldi.com\/wp-content\/uploads\/2025\/01\/Bola-Murcha-Copia-150x60-1.png?resize=150%2C60&#038;ssl=1\" alt=\"\" width=\"150\" height=\"60\" \/> <span style=\"font-family: tahoma, arial, helvetica, sans-serif; font-size: 14pt;\">A bola murcha de hoje vai para o atacante <strong>Wendel<\/strong> que fez partida muito discreta, sendo pouco ativo, n\u00e3o conseguindo gerar oportunidades de perigo para a meta advers\u00e1ria.<\/span><\/p>\n<p style=\"text-align: justify;\"><span style=\"font-size: 14pt;\"><strong><u>PITACOS DO BERTOLDI<\/u><\/strong><\/span><\/p>\n<p style=\"text-align: justify;\"><span style=\"font-family: tahoma, arial, helvetica, sans-serif; font-size: 14pt;\">O Santos come\u00e7ou o jogo pressionando o Mirassol e criando v\u00e1rias chances de gol imprimindo um ritmo muito forte nos primeiros 15 minutos. Essa press\u00e3o inicial foi crucial para estabelecer o ritmo da partida.<\/span><\/p>\n<p style=\"text-align: justify;\"><span style=\"font-family: tahoma, arial, helvetica, sans-serif; font-size: 14pt;\">Estreia de refor\u00e7os: A estreia de novos refor\u00e7os como Z\u00e9 Ivaldo, L\u00e9o Godoy e Thaciano tamb\u00e9m contribuiu para a vit\u00f3ria. Esses jogadores trouxeram uma nova din\u00e2mica ao time e ajudaram a fortalecer a defesa e o meio-campo<\/span><\/p>\n<p style=\"text-align: justify;\"><span style=\"font-family: tahoma, arial, helvetica, sans-serif; font-size: 14pt;\">A equipe santista entrou em campo sem seus novos refor\u00e7os. Jogadores como os zagueiros <strong>Luis\u00e3o<\/strong> e <strong>Z\u00e9 Ivaldo<\/strong>, o meia <strong>Thaciano <\/strong>e o lateral direito <strong>L\u00e9o Godoy<\/strong>, todos contratados nesta janela de transfer\u00eancias, come\u00e7aram o jogo no banco de reservas.<\/span><\/p>\n<p style=\"text-align: justify;\"><span style=\"font-family: tahoma, arial, helvetica, sans-serif; font-size: 14pt;\">Por outro lado, os atacantes <strong>Soteldo<\/strong> e <strong>Lucas Braga<\/strong>, que estavam emprestados na \u00faltima temporada ao <strong>Gr\u00eamio <\/strong>e ao <strong>Shimizu S-Pulse,<\/strong> respectivamente, reestrearam pelo Santos como titulares. O atacante venezuelano fez uma partida intoc\u00e1vel em sua reestreia com a camisa do Santos<\/span><span style=\"font-family: tahoma, arial, helvetica, sans-serif; font-size: 14pt;\">\u00a0 \u00a0 \u00a0 \u00a0 \u00a0 \u00a0 \u00a0 \u00a0 \u00a0 \u00a0 \u00a0 \u00a0 \u00a0 \u00a0 \u00a0 \u00a0 \u00a0 \u00a0 \u00a0 \u00a0 \u00a0 \u00a0 \u00a0 \u00a0 \u00a0 \u00a0 \u00a0 \u00a0 \u00a0 \u00a0 \u00a0 \u00a0 \u00a0 \u00a0 \u00a0 \u00a0 \u00a0 \u00a0 \u00a0 \u00a0 \u00a0 \u00a0 \u00a0 \u00a0 \u00a0 \u00a0 \u00a0 \u00a0 \u00a0 \u00a0 \u00a0 \u00a0 \u00a0 \u00a0 \u00a0 \u00a0 \u00a0 \u00a0 \u00a0 \u00a0 \u00a0 \u00a0<\/span><\/p>\n<p style=\"text-align: justify;\"><span style=\"font-family: tahoma, arial, helvetica, sans-serif; font-size: 14pt;\"><strong><u>Confira os gols do Santos<\/u><\/strong><\/span><\/p>\n<div class=\"jetpack-video-wrapper\"><iframe loading=\"lazy\" title=\"SANTOS 2 X 1 MIRASSOL | GOLS | PAULIST\u00c3O (16\/01\/25)\" width=\"800\" height=\"450\" src=\"https:\/\/www.youtube.com\/embed\/U37xhboj8qA?feature=oembed\" frameborder=\"0\" allow=\"accelerometer; autoplay; clipboard-write; encrypted-media; gyroscope; picture-in-picture; web-share\" referrerpolicy=\"strict-origin-when-cross-origin\" allowfullscreen><\/iframe><\/div>\n<p style=\"text-align: justify;\"><span style=\"font-family: tahoma, arial, helvetica, sans-serif; font-size: 14pt;\"><strong><u>Confira os Bastidores da Partida<\/u><\/strong><\/span><\/p>\n<div class=\"jetpack-video-wrapper\"><iframe loading=\"lazy\" title=\"SANTOS 2 X 1 MIRASSOL | BASTIDORES | PAULIST\u00c3O (16\/01\/25)\" width=\"800\" height=\"450\" src=\"https:\/\/www.youtube.com\/embed\/Q2UApR7rsF8?feature=oembed\" frameborder=\"0\" allow=\"accelerometer; autoplay; clipboard-write; encrypted-media; gyroscope; picture-in-picture; web-share\" referrerpolicy=\"strict-origin-when-cross-origin\" allowfullscreen><\/iframe><\/div>\n<p style=\"text-align: justify;\"><span style=\"font-family: tahoma, arial, helvetica, sans-serif; font-size: 14pt;\"><strong><u>Acompanhe a Coletiva do T\u00e9cnico Pedro Caixinha<\/u><\/strong><\/span><\/p>\n<div class=\"jetpack-video-wrapper\"><iframe loading=\"lazy\" title=\"PEDRO CAIXINHA | COLETIVA (16\/01\/25)\" width=\"800\" height=\"450\" src=\"https:\/\/www.youtube.com\/embed\/Mitf30BP6_o?feature=oembed\" frameborder=\"0\" allow=\"accelerometer; autoplay; clipboard-write; encrypted-media; gyroscope; picture-in-picture; web-share\" referrerpolicy=\"strict-origin-when-cross-origin\" allowfullscreen><\/iframe><\/div>\n<p style=\"text-align: justify;\"><span style=\"font-family: tahoma, arial, helvetica, sans-serif; font-size: 14pt;\">(Cr\u00e9dito: Imagem: Raul Baretta\/Santos FC)<br \/>\n<\/span><span style=\"font-family: tahoma, arial, helvetica, sans-serif; font-size: 14pt;\">(Cr\u00e9dito: Imagem: SantosTV\/Divulga\u00e7\u00e3o\/Santos FC)<\/span><\/p>\n<p style=\"text-align: justify;\"><span style=\"font-family: tahoma, arial, helvetica, sans-serif; font-size: 14pt;\">Falamos das coisas do Santos, sempre com a parceria e o apoio dos nossos anunciantes!<\/span><\/p>\n<p>&nbsp;<\/p>\n<p>&nbsp;<\/p>\n<p>&nbsp;<\/p>\n<p>&nbsp;<\/p>\n<p>&nbsp;<\/p>\n<p>&nbsp;<\/p>\n<p>&nbsp;<\/p>\n<p>&nbsp;<\/p>\n","protected":false},"excerpt":{"rendered":"<p>Al\u00f4 Na\u00e7\u00e3o Santista! Sauda\u00e7\u00f5es Alvinegras!\u00a0 Na noite desta quinta-feira (16), em partida v\u00e1lida pela abertura da fase de grupos do<\/p>\n","protected":false},"author":2,"featured_media":6809,"comment_status":"open","ping_status":"open","sticky":false,"template":"","format":"standard","meta":{"colormag_page_container_layout":"default_layout","colormag_page_sidebar_layout":"default_layout","_jetpack_memberships_contains_paid_content":false,"footnotes":""},"categories":[12,25,16,1],"tags":[6],"class_list":["post-6798","post","type-post","status-publish","format-standard","has-post-thumbnail","hentry","category-analise-e-comentario","category-campeonato-paulista","category-resenha-do-jogo","category-sem-categoria","tag-santos-fc"],"jetpack_featured_media_url":"https:\/\/i0.wp.com\/sergiobertoldi.com\/wp-content\/uploads\/2025\/01\/54271107883_f5511541e9_z-e1737402033880.jpg?fit=400%2C500&ssl=1","jetpack_likes_enabled":true,"jetpack_sharing_enabled":true,"_links":{"self":[{"href":"https:\/\/sergiobertoldi.com\/index.php\/wp-json\/wp\/v2\/posts\/6798","targetHints":{"allow":["GET"]}}],"collection":[{"href":"https:\/\/sergiobertoldi.com\/index.php\/wp-json\/wp\/v2\/posts"}],"about":[{"href":"https:\/\/sergiobertoldi.com\/index.php\/wp-json\/wp\/v2\/types\/post"}],"author":[{"embeddable":true,"href":"https:\/\/sergiobertoldi.com\/index.php\/wp-json\/wp\/v2\/users\/2"}],"replies":[{"embeddable":true,"href":"https:\/\/sergiobertoldi.com\/index.php\/wp-json\/wp\/v2\/comments?post=6798"}],"version-history":[{"count":5,"href":"https:\/\/sergiobertoldi.com\/index.php\/wp-json\/wp\/v2\/posts\/6798\/revisions"}],"predecessor-version":[{"id":6812,"href":"https:\/\/sergiobertoldi.com\/index.php\/wp-json\/wp\/v2\/posts\/6798\/revisions\/6812"}],"wp:featuredmedia":[{"embeddable":true,"href":"https:\/\/sergiobertoldi.com\/index.php\/wp-json\/wp\/v2\/media\/6809"}],"wp:attachment":[{"href":"https:\/\/sergiobertoldi.com\/index.php\/wp-json\/wp\/v2\/media?parent=6798"}],"wp:term":[{"taxonomy":"category","embeddable":true,"href":"https:\/\/sergiobertoldi.com\/index.php\/wp-json\/wp\/v2\/categories?post=6798"},{"taxonomy":"post_tag","embeddable":true,"href":"https:\/\/sergiobertoldi.com\/index.php\/wp-json\/wp\/v2\/tags?post=6798"}],"curies":[{"name":"wp","href":"https:\/\/api.w.org\/{rel}","templated":true}]}}