{"id":6741,"date":"2025-01-09T22:02:02","date_gmt":"2025-01-10T01:02:02","guid":{"rendered":"https:\/\/sergiobertoldi.com\/?p=6741"},"modified":"2025-01-11T17:17:46","modified_gmt":"2025-01-11T20:17:46","slug":"santos-perde-da-ferroviaria-na-copinha-se-classifica-mas-termina-fase-de-grupos-em-segundo-lugar-da-sua-chave","status":"publish","type":"post","link":"https:\/\/sergiobertoldi.com\/index.php\/2025\/01\/09\/santos-perde-da-ferroviaria-na-copinha-se-classifica-mas-termina-fase-de-grupos-em-segundo-lugar-da-sua-chave\/","title":{"rendered":"Santos perde da Ferrovi\u00e1ria na Copinha se classifica mas termina fase de grupos em segundo lugar da sua chave"},"content":{"rendered":"<p><span style=\"font-family: helvetica, arial, sans-serif; font-size: 14pt;\"><strong><u>Al\u00f4 Na\u00e7\u00e3o Santista! Sauda\u00e7\u00f5es Alvinegras!<\/u><\/strong><\/span><\/p>\n<p style=\"text-align: justify;\"><span style=\"font-family: tahoma, arial, helvetica, sans-serif; font-size: 14pt;\">Com um time de garotos bem treinados, a Ferrovi\u00e1ria aproveitou a vantagem de jogar em casa, e com o apoio de sua torcida, derrotou o Santos pelo placar de 2 a 1, na noite desta quinta-feira, na Fonte Luminosa, em Araraquara, em partida v\u00e1lida pela terceira rodada da Copa S\u00e3o Paulo de Futebol J\u00faniores, garantindo assim a lideran\u00e7a do Grupo 7 da Copinha, somando sete pontos.<\/span><\/p>\n<p style=\"text-align: justify;\"><span style=\"font-family: tahoma, arial, helvetica, sans-serif; font-size: 14pt;\">O primeiro gol da partida foi marcado por <strong>Diego<\/strong> aos dois minutos da segunda etapa, e aos 34, <strong>Thiag\u00e3o<\/strong> ampliou em uma cobran\u00e7a de p\u00eanalti. Gabriel Simples, tamb\u00e9m de p\u00eanalti, descontando para o Santos dando n\u00fameros finais a partida!<\/span><\/p>\n<p style=\"text-align: justify;\"><span style=\"font-family: tahoma, arial, helvetica, sans-serif; font-size: 14pt;\">O Santos, que acumulou seis pontos, ficou na 2\u00aa posi\u00e7\u00e3o e tamb\u00e9m se classificou para a fase de mata-mata do torneio.<\/span><br \/>\n<span style=\"font-family: tahoma, arial, helvetica, sans-serif; font-size: 14pt;\">Na pr\u00f3xima fase a Ferrovi\u00e1ria enfrentar\u00e1 o Vit\u00f3ria, enquanto o Santos ao terminar em segundo lugar, ir\u00e1 enfrentar o <strong>S\u00e3o Jos\u00e9-RS<\/strong>, que ficou em primeiro no Grupo 8.<\/span><br \/>\n<span style=\"font-family: tahoma, arial, helvetica, sans-serif; font-size: 14pt;\">O confronto ainda n\u00e3o tem data e hor\u00e1rio marcados, e ser\u00e1 realizado em um \u00fanico jogo. Se houver empate, a decis\u00e3o ocorrer\u00e1 por meio de cobran\u00e7as de p\u00eanaltis.<\/span><\/p>\n<p style=\"text-align: justify;\"><span style=\"font-family: tahoma, arial, helvetica, sans-serif; font-size: 14pt;\">De certo mesmo \u00e9 o fato de que por ter ficado em segundo lugar no grupo 7, o Santos ter\u00e1 que deixar a Sede de Araraquara, algo lament\u00e1vel para uma equipe t\u00e9cnica, leve e de toque r\u00e1pido de bola, que perde um dos melhores gramados da Copinha, o campo da Fonte Luminosa!<\/span><\/p>\n<p style=\"text-align: justify;\"><span style=\"font-family: tahoma, arial, helvetica, sans-serif; font-size: 14pt;\"><span style=\"font-family: georgia, palatino, serif;\"><strong><u>FICHA T\u00c9CNICA<\/u><\/strong><\/span><strong><br \/>\n<\/strong><span style=\"font-family: georgia, palatino, serif;\"><strong><u>FERROVI\u00c1RIA<\/u><\/strong><\/span><strong> 2 X 1 <\/strong><span style=\"font-family: georgia, palatino, serif;\"><strong><u>SANTOS<\/u><\/strong><\/span><\/span><\/p>\n<p style=\"text-align: justify;\"><span style=\"font-family: tahoma, arial, helvetica, sans-serif; font-size: 14pt;\"><strong>Data e hor\u00e1rio:<\/strong>\u00a0quinta-feira, 9\/1\/2025 &#8211; 19h<\/span><br \/>\n<span style=\"font-family: tahoma, arial, helvetica, sans-serif; font-size: 14pt;\"><strong>Local:<\/strong>\u00a0Est\u00e1dio Fonte Luminosa, Araraquara (SP)<\/span><br \/>\n<span style=\"font-family: tahoma, arial, helvetica, sans-serif; font-size: 14pt;\"><strong>Gols:<\/strong>\u00a0Diego, aos 2\u2019 e Thiag\u00e3o, aos 35\u2019 do 2\u00baT (FER); Gabriel Simples, aos 45&#8242; do 2\u00ba T<\/span><br \/>\n<span style=\"font-family: tahoma, arial, helvetica, sans-serif; font-size: 14pt;\"><strong>Cart\u00f5es amarelos:<\/strong>\u00a0Gadu (FER)<\/span><br \/>\n<span style=\"font-family: tahoma, arial, helvetica, sans-serif; font-size: 14pt;\"><strong>\u00c1rbitro:<\/strong>\u00a0Guilherme Francisco Maciel da Silva e Ros\u00e1rio<\/span><br \/>\n<span style=\"font-family: tahoma, arial, helvetica, sans-serif; font-size: 14pt;\"><strong>Assistentes:<\/strong>\u00a0Rodrigo Meirelles Bernardo e Felipe Camargo Moraes<\/span><\/p>\n<p style=\"text-align: justify;\"><span style=\"font-family: georgia, palatino, serif; font-size: 14pt;\"><strong><u>FERROVI\u00c1RIA<\/u><\/strong><u>\u00a0<\/u><\/span><br \/>\n<span style=\"font-family: tahoma, arial, helvetica, sans-serif; font-size: 14pt;\">Igor; Filipe (Pedrinho), Jo\u00e3o Victor, Gadu e Felipe; Meireles, Mat\u00e3o, Schilling (Nicolas) e Ticianelli (Jonathan); Pedro Estev\u00e3o (Marcelo) e Diego (Thiag\u00e3o). (T\u00e9cnico: Jean Carlo)<\/span><\/p>\n<p style=\"text-align: justify;\"><span style=\"font-family: georgia, palatino, serif; font-size: 14pt;\"><strong><u>SANTOS<\/u><\/strong><\/span><br \/>\n<span style=\"font-family: tahoma, arial, helvetica, sans-serif; font-size: 14pt;\">Jo\u00e3o Fernandes; Lenin (Gabriel Simples), Matheus Matias, Diogo Borges e Gonzaga; Gabriel Bontempo (Caio Ara\u00fajo), Andr\u00e9 Klaus e Rodrigo Cezar (Pep\u00ea); Jo\u00e3o Alves (Juninho), Nava (Rafael Freitas) e Kauan Pereira. (T\u00e9cnico: Leandro Zago)<\/span><span style=\"font-family: tahoma, arial, helvetica, sans-serif; font-size: 14pt;\"><strong><u>\u00a0<\/u><\/strong><\/span><\/p>\n<p style=\"text-align: justify;\"><span style=\"font-family: georgia, palatino, serif; font-size: 14pt;\"><strong><u>PITACOS DO BERTOLDI<\/u><\/strong><\/span><\/p>\n<p style=\"text-align: justify;\"><span style=\"font-family: tahoma, arial, helvetica, sans-serif; font-size: 14pt;\">A decis\u00e3o do t\u00e9cnico Leandro Zago de poupar v\u00e1rios jogadores que haviam se destacado na goleada contra o Jaciob\u00e1, sem d\u00favida mostrou-se um fator determinante para a derrota do Santos contra a Ferrovi\u00e1ria na Copa S\u00e3o Paulo de Futebol J\u00fanior.<\/span><\/p>\n<p style=\"text-align: justify;\"><span style=\"font-family: tahoma, arial, helvetica, sans-serif; font-size: 14pt;\">Zago fez mudan\u00e7as significativas na equipe titular, optando por n\u00e3o manter a forma\u00e7\u00e3o que havia sido bem-sucedida na partida anterior. Essa rota\u00e7\u00e3o de jogadores, sob o pretexto de &#8220;poupar&#8221; atletas, fez com que a equipe escalada, voltasse a mostrar as mesmas dificuldades e erros, que aconteceram na vit\u00f3ria magra por 1 x 0 na primeira rodada contra o <strong>Tirol-<\/strong><strong>(CE)<\/strong><\/span><\/p>\n<p style=\"text-align: justify;\"><span style=\"font-family: tahoma, arial, helvetica, sans-serif; font-size: 14pt;\">Poupar jogadores que haviam se destacado na goleada anterior resultou em uma equipe menos entrosada. A falta de continuidade na escala\u00e7\u00e3o, comprometeu a din\u00e2mica da equipe!<br \/>\n<\/span><span style=\"font-family: tahoma, arial, helvetica, sans-serif; font-size: 14pt;\">Esperemos que o t\u00e9cnico Leandro Zago, tenha a humildade de reconhecer que errou ao poupar v\u00e1rios jogadores!<\/span><\/p>\n<p style=\"text-align: justify;\"><span style=\"font-family: tahoma, arial, helvetica, sans-serif; font-size: 14pt;\">(Cr\u00e9dito: Imagem: Raul Baretta\/Santos FC)<\/span><\/p>\n<p style=\"text-align: justify;\"><span style=\"font-family: tahoma, arial, helvetica, sans-serif; font-size: 14pt;\">Falamos das coisas do Santos, sempre com a parceria e o apoio dos nossos anunciantes!<\/span><\/p>\n<p>&nbsp;<\/p>\n","protected":false},"excerpt":{"rendered":"<p>Al\u00f4 Na\u00e7\u00e3o Santista! Sauda\u00e7\u00f5es Alvinegras! Com um time de garotos bem treinados, a Ferrovi\u00e1ria aproveitou a vantagem de jogar em<\/p>\n","protected":false},"author":2,"featured_media":6742,"comment_status":"open","ping_status":"open","sticky":false,"template":"","format":"standard","meta":{"colormag_page_container_layout":"default_layout","colormag_page_sidebar_layout":"default_layout","_jetpack_memberships_contains_paid_content":false,"footnotes":""},"categories":[27],"tags":[6],"class_list":["post-6741","post","type-post","status-publish","format-standard","has-post-thumbnail","hentry","category-copa-sao-paulo-de-juniores","tag-santos-fc"],"jetpack_featured_media_url":"https:\/\/i0.wp.com\/sergiobertoldi.com\/wp-content\/uploads\/2025\/01\/imgonline-com-ua-twotoone-12zKf3jnqb2Y.jpg?fit=1024%2C640&ssl=1","jetpack_likes_enabled":true,"jetpack_sharing_enabled":true,"_links":{"self":[{"href":"https:\/\/sergiobertoldi.com\/index.php\/wp-json\/wp\/v2\/posts\/6741","targetHints":{"allow":["GET"]}}],"collection":[{"href":"https:\/\/sergiobertoldi.com\/index.php\/wp-json\/wp\/v2\/posts"}],"about":[{"href":"https:\/\/sergiobertoldi.com\/index.php\/wp-json\/wp\/v2\/types\/post"}],"author":[{"embeddable":true,"href":"https:\/\/sergiobertoldi.com\/index.php\/wp-json\/wp\/v2\/users\/2"}],"replies":[{"embeddable":true,"href":"https:\/\/sergiobertoldi.com\/index.php\/wp-json\/wp\/v2\/comments?post=6741"}],"version-history":[{"count":2,"href":"https:\/\/sergiobertoldi.com\/index.php\/wp-json\/wp\/v2\/posts\/6741\/revisions"}],"predecessor-version":[{"id":6744,"href":"https:\/\/sergiobertoldi.com\/index.php\/wp-json\/wp\/v2\/posts\/6741\/revisions\/6744"}],"wp:featuredmedia":[{"embeddable":true,"href":"https:\/\/sergiobertoldi.com\/index.php\/wp-json\/wp\/v2\/media\/6742"}],"wp:attachment":[{"href":"https:\/\/sergiobertoldi.com\/index.php\/wp-json\/wp\/v2\/media?parent=6741"}],"wp:term":[{"taxonomy":"category","embeddable":true,"href":"https:\/\/sergiobertoldi.com\/index.php\/wp-json\/wp\/v2\/categories?post=6741"},{"taxonomy":"post_tag","embeddable":true,"href":"https:\/\/sergiobertoldi.com\/index.php\/wp-json\/wp\/v2\/tags?post=6741"}],"curies":[{"name":"wp","href":"https:\/\/api.w.org\/{rel}","templated":true}]}}