{"id":6722,"date":"2025-01-09T09:00:20","date_gmt":"2025-01-09T12:00:20","guid":{"rendered":"https:\/\/sergiobertoldi.com\/?p=6722"},"modified":"2025-01-09T19:26:42","modified_gmt":"2025-01-09T22:26:42","slug":"santos-futebol-clube-celebra-o-09-de-janeiro-dia-de-urbano-caldeira","status":"publish","type":"post","link":"https:\/\/sergiobertoldi.com\/index.php\/2025\/01\/09\/santos-futebol-clube-celebra-o-09-de-janeiro-dia-de-urbano-caldeira\/","title":{"rendered":"Santos Futebol Clube celebra o 09 de janeiro: Dia de Urbano Caldeira"},"content":{"rendered":"<p><span style=\"font-family: helvetica, arial, sans-serif; font-size: 14pt;\"><strong><u>Al\u00f4 Na\u00e7\u00e3o Santista! Sauda\u00e7\u00f5es Alvinegras!<\/u><\/strong><\/span><\/p>\n<p style=\"text-align: justify;\"><span style=\"font-family: tahoma, arial, helvetica, sans-serif; font-size: 14pt;\">Em honra ao lend\u00e1rio\u00a0<strong>Urbano Villela Caldeira Filho<\/strong>, \u201cPatrono do Santos Futebol Clube\u201d, estiveram reunidos na manh\u00e3 desta ter\u00e7a-feira (9) na Vila Belmiro, conselheiros e ex-jogadores, \u00eddolos eternos na hist\u00f3ria do Santos, como: <strong>Carlos Pierin<\/strong> (Lal\u00e1), <strong>Abel Ver\u00f4nico<\/strong>,\u00a0<strong>Nen\u00ea Belarmino<\/strong>,\u00a0<strong>Manoel Maria<\/strong>,\u00a0<strong>Edu<\/strong>,\u00a0<strong>Serginho Chulapa<\/strong>, todos reunidos para prestar homenagem a um dos patronos da hist\u00f3ria do clube. A cerim\u00f4nia como de costume, ocorreu no local onde ficam \u00a0as cadeiras cativas do est\u00e1dio, setor conhecido como \u201cAs Sociais da Vila\u201d, onde foram depositadas flores onde se encontram ladeando <strong>Urbano Caldeira, <\/strong>os Bustos de <strong>Athi\u00ea Jorge Coury <\/strong>e<strong> Modesto Roma<\/strong><\/span><\/p>\n<p><img data-recalc-dims=\"1\" loading=\"lazy\" decoding=\"async\" class=\"aligncenter wp-image-6723 size-full\" src=\"https:\/\/i0.wp.com\/sergiobertoldi.com\/wp-content\/uploads\/2025\/01\/54255674757_ee187ce511_z.jpg?resize=640%2C512&#038;ssl=1\" alt=\"\" width=\"640\" height=\"512\" srcset=\"https:\/\/i0.wp.com\/sergiobertoldi.com\/wp-content\/uploads\/2025\/01\/54255674757_ee187ce511_z.jpg?w=640&amp;ssl=1 640w, https:\/\/i0.wp.com\/sergiobertoldi.com\/wp-content\/uploads\/2025\/01\/54255674757_ee187ce511_z.jpg?resize=300%2C240&amp;ssl=1 300w\" sizes=\"auto, (max-width: 640px) 100vw, 640px\" \/><\/p>\n<p><img data-recalc-dims=\"1\" loading=\"lazy\" decoding=\"async\" class=\"aligncenter wp-image-6728 size-full\" src=\"https:\/\/i0.wp.com\/sergiobertoldi.com\/wp-content\/uploads\/2025\/01\/Bustos-na-vila.jpg?resize=640%2C427&#038;ssl=1\" alt=\"\" width=\"640\" height=\"427\" srcset=\"https:\/\/i0.wp.com\/sergiobertoldi.com\/wp-content\/uploads\/2025\/01\/Bustos-na-vila.jpg?w=640&amp;ssl=1 640w, https:\/\/i0.wp.com\/sergiobertoldi.com\/wp-content\/uploads\/2025\/01\/Bustos-na-vila.jpg?resize=300%2C200&amp;ssl=1 300w\" sizes=\"auto, (max-width: 640px) 100vw, 640px\" \/><\/p>\n<p style=\"text-align: justify;\"><span style=\"font-family: tahoma, arial, helvetica, sans-serif; font-size: 14pt;\">Conhecida carinhosamente como a Vila mais famosa do Mundo, o est\u00e1dio tem o nome oficial de <strong>Urbano Caldeira<\/strong>, em homenagem a um dos maiores benfeitores do clube desde\u00a0<strong>1933<\/strong>.<\/span><br \/>\n<span style=\"font-family: tahoma, arial, helvetica, sans-serif; font-size: 14pt;\">Durante a \u00e9poca de Pel\u00e9 (<strong>1957-1974<\/strong>), os advers\u00e1rios frequentemente sa\u00edam derrotados pelo Santos F.C em seu est\u00e1dio, o que levou ao apelido de \u201c<strong>O al\u00e7ap\u00e3o da Vila<\/strong>\u201c.<\/span><\/p>\n<p style=\"text-align: justify;\"><img data-recalc-dims=\"1\" loading=\"lazy\" decoding=\"async\" class=\"aligncenter wp-image-6724 size-large\" src=\"https:\/\/i0.wp.com\/sergiobertoldi.com\/wp-content\/uploads\/2025\/01\/Vila-Belmiro-lotada-e1692305776306-1024x520.jpg?resize=800%2C406&#038;ssl=1\" alt=\"\" width=\"800\" height=\"406\" srcset=\"https:\/\/i0.wp.com\/sergiobertoldi.com\/wp-content\/uploads\/2025\/01\/Vila-Belmiro-lotada-e1692305776306.jpg?resize=1024%2C520&amp;ssl=1 1024w, https:\/\/i0.wp.com\/sergiobertoldi.com\/wp-content\/uploads\/2025\/01\/Vila-Belmiro-lotada-e1692305776306.jpg?resize=300%2C152&amp;ssl=1 300w, https:\/\/i0.wp.com\/sergiobertoldi.com\/wp-content\/uploads\/2025\/01\/Vila-Belmiro-lotada-e1692305776306.jpg?resize=768%2C390&amp;ssl=1 768w, https:\/\/i0.wp.com\/sergiobertoldi.com\/wp-content\/uploads\/2025\/01\/Vila-Belmiro-lotada-e1692305776306.jpg?w=1074&amp;ssl=1 1074w\" sizes=\"auto, (max-width: 800px) 100vw, 800px\" \/><\/p>\n<p style=\"text-align: justify;\"><span style=\"font-family: tahoma, arial, helvetica, sans-serif; font-size: 14pt;\">O presidente <strong>Marcelo Teixeira c<\/strong>omandou a cerim\u00f4nia juntamente com<strong> Guilherme\u00a0Gomez\u00a0Guarche, <\/strong>Historiador e conselheiro do Santos F.C.<\/span><\/p>\n<p><img data-recalc-dims=\"1\" loading=\"lazy\" decoding=\"async\" class=\"alignnone wp-image-6725\" src=\"https:\/\/i0.wp.com\/sergiobertoldi.com\/wp-content\/uploads\/2025\/01\/54255674527_e5389d45af_z.jpg?resize=360%2C288&#038;ssl=1\" alt=\"\" width=\"360\" height=\"288\" srcset=\"https:\/\/i0.wp.com\/sergiobertoldi.com\/wp-content\/uploads\/2025\/01\/54255674527_e5389d45af_z.jpg?resize=300%2C240&amp;ssl=1 300w, https:\/\/i0.wp.com\/sergiobertoldi.com\/wp-content\/uploads\/2025\/01\/54255674527_e5389d45af_z.jpg?w=640&amp;ssl=1 640w\" sizes=\"auto, (max-width: 360px) 100vw, 360px\" \/> <img data-recalc-dims=\"1\" loading=\"lazy\" decoding=\"async\" class=\"alignnone wp-image-6726\" src=\"https:\/\/i0.wp.com\/sergiobertoldi.com\/wp-content\/uploads\/2025\/01\/54256566366_55b94748f2_z.jpg?resize=360%2C288&#038;ssl=1\" alt=\"\" width=\"360\" height=\"288\" srcset=\"https:\/\/i0.wp.com\/sergiobertoldi.com\/wp-content\/uploads\/2025\/01\/54256566366_55b94748f2_z.jpg?resize=300%2C240&amp;ssl=1 300w, https:\/\/i0.wp.com\/sergiobertoldi.com\/wp-content\/uploads\/2025\/01\/54256566366_55b94748f2_z.jpg?w=640&amp;ssl=1 640w\" sizes=\"auto, (max-width: 360px) 100vw, 360px\" \/><\/p>\n<p style=\"text-align: justify;\"><span style=\"font-family: tahoma, arial, helvetica, sans-serif; font-size: 14pt;\">\u00c9 importante recordar as realiza\u00e7\u00f5es desse dedicado santista para justificar as homenagens, especialmente o nome do est\u00e1dio de\u00a0<strong>Vila Belmiro<\/strong>, o Est\u00e1dio Urbano Caldeira.<\/span><br \/>\n<span style=\"font-family: tahoma, arial, helvetica, sans-serif; font-size: 14pt;\">No entanto, seria um equ\u00edvoco avaliar seus m\u00e9ritos apenas com base em nossos crit\u00e9rios atuais. Afinal, Urbano faleceu antes do Santos conquistar seu primeiro campeonato estadual. Mas, se n\u00e3o fosse pelo trabalho incans\u00e1vel desse senhor abnegado, o Santos, sua torcida e seus t\u00edtulos n\u00e3o seriam o que s\u00e3o hoje. Desde os prim\u00f3rdios, ele enxergava o Santos como um clube grandioso. Ser\u00e1 que ele j\u00e1 previa os dias de gl\u00f3ria que estavam por vir?<\/span><\/p>\n<p style=\"text-align: justify;\"><span style=\"font-family: tahoma, arial, helvetica, sans-serif; font-size: 14pt;\">Urbano Caldeira nasceu em\u00a0<strong>Florian\u00f3polis<\/strong>\u00a0em\u00a0<strong>6<\/strong>\u00a0de\u00a0<strong>setembro<\/strong>\u00a0de\u00a0<strong>1890,<\/strong>\u00a0filho de\u00a0<strong>Urbano Villela Caldeira<\/strong>\u00a0e\u00a0<strong>Celina Faria Caldeira<\/strong>.<\/span><br \/>\n<span style=\"font-family: tahoma, arial, helvetica, sans-serif; font-size: 14pt;\">Cresceu em uma ilha tranquila, antes mesmo de Florian\u00f3polis ser chamada de Desterro, capital de Santa Catarina. Naquela \u00e9poca, n\u00e3o havia pontes ligando a pequena comunidade litor\u00e2nea ao continente, e o futebol ainda n\u00e3o era praticado.<\/span><\/p>\n<p style=\"text-align: justify;\"><span style=\"font-family: tahoma, arial, helvetica, sans-serif; font-size: 14pt;\">Aos\u00a0<strong>21 anos<\/strong>, Urbano mudou-se para S\u00e3o Paulo ap\u00f3s passar em um concurso de escritur\u00e1rio e atuou em equipes pioneiras do futebol brasileiro, como Vila Buarque e Germ\u00e2nia (atual clube Pinheiros). Urbano era um atleta vers\u00e1til, jogando como zagueiro, meia e atacante, e at\u00e9 mesmo vestiu a camisa de goleiro em uma partida. Sua paix\u00e3o pelo futebol o levou a se transferir para trabalhar na alf\u00e2ndega do Porto de Santos, onde come\u00e7ou sua hist\u00f3ria com o time de futebol do <strong>Santos Foot-Ball Club<\/strong>.<\/span><\/p>\n<p style=\"text-align: justify;\"><span style=\"font-family: tahoma, arial, helvetica, sans-serif; font-size: 14pt;\">Caldeira se associou ao Santos em <strong>1913<\/strong> e jogou como zagueiro do Alvinegro Praiano at\u00e9 <strong>1918<\/strong>, participando de <strong>43 <\/strong>jogos e marcando <strong>2 gols<\/strong>.<\/span><br \/>\n<span style=\"font-family: tahoma, arial, helvetica, sans-serif; font-size: 14pt;\">Ap\u00f3s encerrar sua carreira como jogador, ele se dedicou \u00e0 administra\u00e7\u00e3o do clube, ocupando cargos como primeiro secret\u00e1rio e vice-presidente.<\/span><\/p>\n<p style=\"text-align: justify;\"><span style=\"font-family: tahoma, arial, helvetica, sans-serif; font-size: 14pt;\">Sua dedica\u00e7\u00e3o ao clube era tamanha, que ele cuidava pessoalmente do gramado e dos jardins da Vila Belmiro!<\/span><br \/>\n<span style=\"font-family: tahoma, arial, helvetica, sans-serif; font-size: 14pt;\">Posteriormente, tornou-se treinador e depois dirigente do clube! Aos\u00a0<strong>42<\/strong>\u00a0anos, ainda muito jovem, faleceu v\u00edtima de pneumonia em <strong>13<\/strong> de <strong>mar\u00e7o <\/strong>de <strong>1933<\/strong>, em <strong>S\u00e3o Vicente<\/strong>.<\/span><\/p>\n<p style=\"text-align: justify;\"><span style=\"font-family: tahoma, arial, helvetica, sans-serif; font-size: 14pt;\">Em\u00a0<strong>24<\/strong>\u00a0de\u00a0<strong>mar\u00e7o<\/strong>\u00a0de\u00a0<strong>1933<\/strong>, poucos dias ap\u00f3s a morte de Urbano Caldeira, um dos diretores do Santos naquela \u00e9poca,\u00a0<strong>Ricardo Pinto de Oliveira<\/strong>, prop\u00f4s que em homenagem ao seu trabalho e dedica\u00e7\u00e3o, o est\u00e1dio fosse oficialmente chamado de\u00a0<strong>Urbano Caldeira<\/strong>\u00a0eternizando assim a mem\u00f3ria do ex-jogador, treinador e dirigente do clube.<\/span><br \/>\n<span style=\"font-family: tahoma, arial, helvetica, sans-serif; font-size: 14pt;\">A sugest\u00e3o foi prontamente aceita por toda a diretoria santista, e o est\u00e1dio passou a ser oficialmente conhecido como Urbano Caldeira.<\/span><\/p>\n<p style=\"text-align: justify;\"><span style=\"font-family: tahoma, arial, helvetica, sans-serif; font-size: 14pt;\">Em\u00a0<strong>9 de janeiro de 1938<\/strong>, o ent\u00e3o presidente do Santos,\u00a0<strong>Jos\u00e9 Martins<\/strong>, realizou a inaugura\u00e7\u00e3o do busto de Urbano Villela Caldeira Filho, marcando oficialmente o\u00a0<strong>Dia de Urbano Caldeira.<\/strong><\/span><\/p>\n<p><img data-recalc-dims=\"1\" loading=\"lazy\" decoding=\"async\" class=\"aligncenter wp-image-6727 size-full\" src=\"https:\/\/i0.wp.com\/sergiobertoldi.com\/wp-content\/uploads\/2025\/01\/Urbano-Caldeira.jpg?resize=427%2C640&#038;ssl=1\" alt=\"\" width=\"427\" height=\"640\" srcset=\"https:\/\/i0.wp.com\/sergiobertoldi.com\/wp-content\/uploads\/2025\/01\/Urbano-Caldeira.jpg?w=427&amp;ssl=1 427w, https:\/\/i0.wp.com\/sergiobertoldi.com\/wp-content\/uploads\/2025\/01\/Urbano-Caldeira.jpg?resize=200%2C300&amp;ssl=1 200w\" sizes=\"auto, (max-width: 427px) 100vw, 427px\" \/><\/p>\n<p style=\"text-align: justify;\"><span style=\"font-family: tahoma, arial, helvetica, sans-serif; font-size: 14pt;\">Vinte e cinco anos depois, o est\u00e1dio testemunharia o surgimento do Rei Pel\u00e9 e de muitos outros craques inesquec\u00edveis, tornando-se um dos mais conhecidos e emblem\u00e1ticos do futebol mundial.\u00a0<\/span><\/p>\n<p style=\"text-align: justify;\"><span style=\"font-family: tahoma, arial, helvetica, sans-serif; font-size: 14pt;\">(Cr\u00e9dito: Imagem: Raul Baretta\/Santos FC)<\/span><br \/>\n<span style=\"font-family: tahoma, arial, helvetica, sans-serif; font-size: 14pt;\">(Cr\u00e9dito: Imagem: Reprodu\u00e7\u00e3o\/Internet)<\/span><\/p>\n<p style=\"text-align: justify;\"><span style=\"font-family: tahoma, arial, helvetica, sans-serif; font-size: 14pt;\">Falamos das coisas do Santos, sempre com a parceria e o apoio dos nossos anunciantes!<\/span><\/p>\n<p style=\"text-align: justify;\">\n","protected":false},"excerpt":{"rendered":"<p>Al\u00f4 Na\u00e7\u00e3o Santista! Sauda\u00e7\u00f5es Alvinegras! Em honra ao lend\u00e1rio\u00a0Urbano Villela Caldeira Filho, \u201cPatrono do Santos Futebol Clube\u201d, estiveram reunidos na<\/p>\n","protected":false},"author":2,"featured_media":6729,"comment_status":"open","ping_status":"open","sticky":false,"template":"","format":"standard","meta":{"colormag_page_container_layout":"default_layout","colormag_page_sidebar_layout":"default_layout","_jetpack_memberships_contains_paid_content":false,"footnotes":""},"categories":[4,35,19],"tags":[6],"class_list":["post-6722","post","type-post","status-publish","format-standard","has-post-thumbnail","hentry","category-bastidores-do-santos-fc","category-edicao-especial","category-homenagem-a-historia","tag-santos-fc"],"jetpack_featured_media_url":"https:\/\/i0.wp.com\/sergiobertoldi.com\/wp-content\/uploads\/2025\/01\/54255674437_57da94e19a_z.jpg?fit=640%2C512&ssl=1","jetpack_likes_enabled":true,"jetpack_sharing_enabled":true,"_links":{"self":[{"href":"https:\/\/sergiobertoldi.com\/index.php\/wp-json\/wp\/v2\/posts\/6722","targetHints":{"allow":["GET"]}}],"collection":[{"href":"https:\/\/sergiobertoldi.com\/index.php\/wp-json\/wp\/v2\/posts"}],"about":[{"href":"https:\/\/sergiobertoldi.com\/index.php\/wp-json\/wp\/v2\/types\/post"}],"author":[{"embeddable":true,"href":"https:\/\/sergiobertoldi.com\/index.php\/wp-json\/wp\/v2\/users\/2"}],"replies":[{"embeddable":true,"href":"https:\/\/sergiobertoldi.com\/index.php\/wp-json\/wp\/v2\/comments?post=6722"}],"version-history":[{"count":2,"href":"https:\/\/sergiobertoldi.com\/index.php\/wp-json\/wp\/v2\/posts\/6722\/revisions"}],"predecessor-version":[{"id":6731,"href":"https:\/\/sergiobertoldi.com\/index.php\/wp-json\/wp\/v2\/posts\/6722\/revisions\/6731"}],"wp:featuredmedia":[{"embeddable":true,"href":"https:\/\/sergiobertoldi.com\/index.php\/wp-json\/wp\/v2\/media\/6729"}],"wp:attachment":[{"href":"https:\/\/sergiobertoldi.com\/index.php\/wp-json\/wp\/v2\/media?parent=6722"}],"wp:term":[{"taxonomy":"category","embeddable":true,"href":"https:\/\/sergiobertoldi.com\/index.php\/wp-json\/wp\/v2\/categories?post=6722"},{"taxonomy":"post_tag","embeddable":true,"href":"https:\/\/sergiobertoldi.com\/index.php\/wp-json\/wp\/v2\/tags?post=6722"}],"curies":[{"name":"wp","href":"https:\/\/api.w.org\/{rel}","templated":true}]}}