{"id":6713,"date":"2025-01-04T10:45:56","date_gmt":"2025-01-04T13:45:56","guid":{"rendered":"https:\/\/sergiobertoldi.com\/?p=6713"},"modified":"2025-01-09T18:20:33","modified_gmt":"2025-01-09T21:20:33","slug":"ex-menino-da-vila-cesar-sampaio-esta-de-volta-ao-santos","status":"publish","type":"post","link":"https:\/\/sergiobertoldi.com\/index.php\/2025\/01\/04\/ex-menino-da-vila-cesar-sampaio-esta-de-volta-ao-santos\/","title":{"rendered":"Ex Menino da Vila C\u00e9sar Sampaio est\u00e1 de volta ao Santos"},"content":{"rendered":"<p><span style=\"font-family: helvetica, arial, sans-serif; font-size: 14pt;\"><strong><u>Al\u00f4 Na\u00e7\u00e3o Santista! Sauda\u00e7\u00f5es Alvinegras!<\/u><\/strong><\/span><\/p>\n<p style=\"text-align: justify;\"><span style=\"font-family: tahoma, arial, helvetica, sans-serif; font-size: 14pt;\">Dando continuidade aos planos de reestrutura\u00e7\u00e3o de sua equipe t\u00e9cnica, o Santos Futebol Clube, anunciou o retorno ao clube, do experiente C\u00e9sar Sampaio que se junta ao grupo.<\/span><\/p>\n<p style=\"text-align: justify;\"><span style=\"font-family: tahoma, arial, helvetica, sans-serif; font-size: 14pt;\">O \u201cMenino da Vila\u201d que assume a fun\u00e7\u00e3o de novo <strong>auxiliar t\u00e9cnico<\/strong> fixo do clube, a convite do CEO da institui\u00e7\u00e3o, Pedro Martins, foi recepcionado pelo presidente Marcelo Teixeira e membros da diretoria em seu primeiro dia de trabalho no Santos.\u00a0<\/span><\/p>\n<p><img data-recalc-dims=\"1\" loading=\"lazy\" decoding=\"async\" class=\"alignnone wp-image-6717\" src=\"https:\/\/i0.wp.com\/sergiobertoldi.com\/wp-content\/uploads\/2025\/01\/4715ea1a-05bf-4a42-af53-c4d961edaeda.jpg?resize=360%2C270&#038;ssl=1\" alt=\"\" width=\"360\" height=\"270\" srcset=\"https:\/\/i0.wp.com\/sergiobertoldi.com\/wp-content\/uploads\/2025\/01\/4715ea1a-05bf-4a42-af53-c4d961edaeda.jpg?resize=300%2C225&amp;ssl=1 300w, https:\/\/i0.wp.com\/sergiobertoldi.com\/wp-content\/uploads\/2025\/01\/4715ea1a-05bf-4a42-af53-c4d961edaeda.jpg?resize=1024%2C768&amp;ssl=1 1024w, https:\/\/i0.wp.com\/sergiobertoldi.com\/wp-content\/uploads\/2025\/01\/4715ea1a-05bf-4a42-af53-c4d961edaeda.jpg?resize=768%2C576&amp;ssl=1 768w, https:\/\/i0.wp.com\/sergiobertoldi.com\/wp-content\/uploads\/2025\/01\/4715ea1a-05bf-4a42-af53-c4d961edaeda.jpg?resize=1536%2C1152&amp;ssl=1 1536w, https:\/\/i0.wp.com\/sergiobertoldi.com\/wp-content\/uploads\/2025\/01\/4715ea1a-05bf-4a42-af53-c4d961edaeda.jpg?w=1600&amp;ssl=1 1600w\" sizes=\"auto, (max-width: 360px) 100vw, 360px\" \/> <img data-recalc-dims=\"1\" loading=\"lazy\" decoding=\"async\" class=\"alignnone wp-image-6718\" src=\"https:\/\/i0.wp.com\/sergiobertoldi.com\/wp-content\/uploads\/2025\/01\/8f299c95-234e-4a1e-a64e-888c7ca8e01a.jpg?resize=360%2C270&#038;ssl=1\" alt=\"\" width=\"360\" height=\"270\" srcset=\"https:\/\/i0.wp.com\/sergiobertoldi.com\/wp-content\/uploads\/2025\/01\/8f299c95-234e-4a1e-a64e-888c7ca8e01a.jpg?resize=300%2C225&amp;ssl=1 300w, https:\/\/i0.wp.com\/sergiobertoldi.com\/wp-content\/uploads\/2025\/01\/8f299c95-234e-4a1e-a64e-888c7ca8e01a.jpg?resize=1024%2C768&amp;ssl=1 1024w, https:\/\/i0.wp.com\/sergiobertoldi.com\/wp-content\/uploads\/2025\/01\/8f299c95-234e-4a1e-a64e-888c7ca8e01a.jpg?resize=768%2C576&amp;ssl=1 768w, https:\/\/i0.wp.com\/sergiobertoldi.com\/wp-content\/uploads\/2025\/01\/8f299c95-234e-4a1e-a64e-888c7ca8e01a.jpg?resize=1536%2C1152&amp;ssl=1 1536w, https:\/\/i0.wp.com\/sergiobertoldi.com\/wp-content\/uploads\/2025\/01\/8f299c95-234e-4a1e-a64e-888c7ca8e01a.jpg?w=1600&amp;ssl=1 1600w\" sizes=\"auto, (max-width: 360px) 100vw, 360px\" \/><\/p>\n<p><img data-recalc-dims=\"1\" loading=\"lazy\" decoding=\"async\" class=\"aligncenter wp-image-6720\" src=\"https:\/\/i0.wp.com\/sergiobertoldi.com\/wp-content\/uploads\/2025\/01\/da910878-dbf0-49f1-9fe6-98c60298acbb.jpg?resize=500%2C375&#038;ssl=1\" alt=\"\" width=\"500\" height=\"375\" srcset=\"https:\/\/i0.wp.com\/sergiobertoldi.com\/wp-content\/uploads\/2025\/01\/da910878-dbf0-49f1-9fe6-98c60298acbb.jpg?resize=1024%2C768&amp;ssl=1 1024w, https:\/\/i0.wp.com\/sergiobertoldi.com\/wp-content\/uploads\/2025\/01\/da910878-dbf0-49f1-9fe6-98c60298acbb.jpg?resize=300%2C225&amp;ssl=1 300w, https:\/\/i0.wp.com\/sergiobertoldi.com\/wp-content\/uploads\/2025\/01\/da910878-dbf0-49f1-9fe6-98c60298acbb.jpg?resize=768%2C576&amp;ssl=1 768w, https:\/\/i0.wp.com\/sergiobertoldi.com\/wp-content\/uploads\/2025\/01\/da910878-dbf0-49f1-9fe6-98c60298acbb.jpg?resize=1536%2C1152&amp;ssl=1 1536w, https:\/\/i0.wp.com\/sergiobertoldi.com\/wp-content\/uploads\/2025\/01\/da910878-dbf0-49f1-9fe6-98c60298acbb.jpg?w=1600&amp;ssl=1 1600w\" sizes=\"auto, (max-width: 500px) 100vw, 500px\" \/><\/p>\n<p style=\"text-align: justify;\"><span style=\"font-family: tahoma, arial, helvetica, sans-serif; font-size: 14pt;\">Com experi\u00eancia na fun\u00e7\u00e3o, C\u00e9sar Sampaio ter\u00e1 pap\u00e9is fundamentais no dia a dia da equipe.<br \/>\nSampaio ser\u00e1 respons\u00e1vel por oferecer todo o suporte e aux\u00edlio \u00e0 comiss\u00e3o t\u00e9cnica liderada por Pedro Caixinha, al\u00e9m de atuar como o elo que unir\u00e1 as pr\u00e1ticas e rotinas \u00e0 identidade e ao DNA do Clube.<br \/>\nPor meio de uma nova diretriz no departamento de futebol, o auxiliar fixo contribuir\u00e1 com estudos e an\u00e1lises para documentar os crit\u00e9rios inegoci\u00e1veis do Santos FC na gest\u00e3o t\u00e9cnica, incluindo perfil de jogo, perfil de atleta e rotinas exigidas.<\/span><\/p>\n<p style=\"text-align: justify;\"><span style=\"font-family: tahoma, arial, helvetica, sans-serif; font-size: 14pt;\">Al\u00e9m disso, ele ser\u00e1 o respons\u00e1vel por estabelecer a conex\u00e3o com a categoria <strong>Sub-20<\/strong> do Santos, compreendendo o perfil individual dos atletas, projetando o futuro e criando um plano individualizado de trabalho e desenvolvimento dos talentos.<br \/>\nOutra fun\u00e7\u00e3o importante ser\u00e1 manter a interface e o relacionamento com os jogadores da equipe principal.<\/span><\/p>\n<blockquote>\n<p style=\"text-align: justify;\"><span style=\"font-size: 14pt;\">\u201cEstou desfrutando de cada minuto aqui, encontrando amigos de muito tempo, essa atmosfera est\u00e1 me fazendo muito bem. Irei me doar o m\u00e1ximo para que a gente tenha um ano vitorioso, de grandes conquistas, sucesso e de um ambiente muito positivo. O Pedro me chamou para ser a refer\u00eancia para comiss\u00e3o nova, n\u00e9!? Passando um pouco do DNA do Santos FC, do modelo de jogo, perfil de atleta\u201d\u00a0 Disse C\u00e9sar Sampaio, novo auxiliar t\u00e9cnico fixo do Santos<\/span><\/p>\n<\/blockquote>\n<p style=\"text-align: justify;\"><span style=\"font-family: tahoma, arial, helvetica, sans-serif; font-size: 14pt;\"><strong>Pedro Martins <\/strong>CEO do Santos<strong>,<\/strong> destaca a import\u00e2ncia de contar com um profissional com a experi\u00eancia de C\u00e9sar Sampaio neste momento de reconstru\u00e7\u00e3o:<\/span><\/p>\n<blockquote>\n<p style=\"text-align: justify;\">\u00a0<span style=\"font-size: 14pt;\">\u201cAl\u00e9m de ter identidade com o Clube, por ter sido formado aqui, ele vivenciou e se destacou em todos os est\u00e1gios no alto n\u00edvel do futebol, como atleta e depois na comiss\u00e3o t\u00e9cnica, atuando, inclusive, na sele\u00e7\u00e3o brasileira. \u00c9 um grande refor\u00e7o que nos ajudar\u00e1 muito\u201d<\/span><\/p>\n<\/blockquote>\n<p style=\"text-align: justify;\"><span style=\"font-family: tahoma, arial, helvetica, sans-serif; font-size: 14pt;\">C\u00e9sar Sampaio retorna ao Santos trazendo na bagagem, um Curriculum respeit\u00e1vel tendo atuado como <strong>Gerente de futebol<\/strong> no Palmeiras, em 2011-12, <strong>Superintendente de futebol<\/strong> no Joinville, em 2013-15, novamente <strong>Gerente de futebol<\/strong> no Fortaleza, em 2016-17, e passou a atuar como <strong>Auxiliar-t\u00e9cnico<\/strong> na sele\u00e7\u00e3o brasileira, de 2019 a 22, e depois Flamengo, 2023-24.<\/span><\/p>\n<p style=\"text-align: justify;\"><span style=\"font-size: 14pt;\"><span style=\"font-family: tahoma, arial, helvetica, sans-serif;\">(Cr\u00e9dito: Imagem: Raul Baretta\/Santos FC)<br \/>\n<\/span><span style=\"font-family: tahoma, arial, helvetica, sans-serif;\">Falamos das coisas do Santos, sempre com a parceria e o apoio dos nossos anunciantes!<\/span><\/span><\/p>\n","protected":false},"excerpt":{"rendered":"<p>Al\u00f4 Na\u00e7\u00e3o Santista! Sauda\u00e7\u00f5es Alvinegras! Dando continuidade aos planos de reestrutura\u00e7\u00e3o de sua equipe t\u00e9cnica, o Santos Futebol Clube, anunciou<\/p>\n","protected":false},"author":2,"featured_media":6716,"comment_status":"open","ping_status":"open","sticky":false,"template":"","format":"standard","meta":{"colormag_page_container_layout":"default_layout","colormag_page_sidebar_layout":"default_layout","_jetpack_memberships_contains_paid_content":false,"footnotes":""},"categories":[4],"tags":[6],"class_list":["post-6713","post","type-post","status-publish","format-standard","has-post-thumbnail","hentry","category-bastidores-do-santos-fc","tag-santos-fc"],"jetpack_featured_media_url":"https:\/\/i0.wp.com\/sergiobertoldi.com\/wp-content\/uploads\/2025\/01\/Cesar-Sampaio.jpg?fit=686%2C386&ssl=1","jetpack_likes_enabled":true,"jetpack_sharing_enabled":true,"_links":{"self":[{"href":"https:\/\/sergiobertoldi.com\/index.php\/wp-json\/wp\/v2\/posts\/6713","targetHints":{"allow":["GET"]}}],"collection":[{"href":"https:\/\/sergiobertoldi.com\/index.php\/wp-json\/wp\/v2\/posts"}],"about":[{"href":"https:\/\/sergiobertoldi.com\/index.php\/wp-json\/wp\/v2\/types\/post"}],"author":[{"embeddable":true,"href":"https:\/\/sergiobertoldi.com\/index.php\/wp-json\/wp\/v2\/users\/2"}],"replies":[{"embeddable":true,"href":"https:\/\/sergiobertoldi.com\/index.php\/wp-json\/wp\/v2\/comments?post=6713"}],"version-history":[{"count":3,"href":"https:\/\/sergiobertoldi.com\/index.php\/wp-json\/wp\/v2\/posts\/6713\/revisions"}],"predecessor-version":[{"id":6721,"href":"https:\/\/sergiobertoldi.com\/index.php\/wp-json\/wp\/v2\/posts\/6713\/revisions\/6721"}],"wp:featuredmedia":[{"embeddable":true,"href":"https:\/\/sergiobertoldi.com\/index.php\/wp-json\/wp\/v2\/media\/6716"}],"wp:attachment":[{"href":"https:\/\/sergiobertoldi.com\/index.php\/wp-json\/wp\/v2\/media?parent=6713"}],"wp:term":[{"taxonomy":"category","embeddable":true,"href":"https:\/\/sergiobertoldi.com\/index.php\/wp-json\/wp\/v2\/categories?post=6713"},{"taxonomy":"post_tag","embeddable":true,"href":"https:\/\/sergiobertoldi.com\/index.php\/wp-json\/wp\/v2\/tags?post=6713"}],"curies":[{"name":"wp","href":"https:\/\/api.w.org\/{rel}","templated":true}]}}