{"id":6683,"date":"2025-01-07T13:15:34","date_gmt":"2025-01-07T16:15:34","guid":{"rendered":"https:\/\/sergiobertoldi.com\/?p=6683"},"modified":"2025-01-08T20:02:21","modified_gmt":"2025-01-08T23:02:21","slug":"santos-apresenta-pedro-caixinha-como-novo-treinador-para-a-temporada-de-2025","status":"publish","type":"post","link":"https:\/\/sergiobertoldi.com\/index.php\/2025\/01\/07\/santos-apresenta-pedro-caixinha-como-novo-treinador-para-a-temporada-de-2025\/","title":{"rendered":"Santos apresenta Pedro Caixinha como novo treinador para a temporada de 2025."},"content":{"rendered":"<p><span style=\"font-family: helvetica, arial, sans-serif; font-size: 14pt;\"><strong><u>Al\u00f4 Na\u00e7\u00e3o Santista! Sauda\u00e7\u00f5es Alvinegras!<\/u><\/strong><\/span><\/p>\n<p style=\"text-align: justify;\"><span style=\"font-family: tahoma, arial, helvetica, sans-serif; font-size: 14pt;\">Nesta ter\u00e7a-feira (7), o Santos apresentou em Coletiva na sala de imprensa da Vila Belmiro, seu novo treinador!<br \/>\nO CEO <strong>Pedro Martins <\/strong>abriu a Coletiva e fez as honras da apresenta\u00e7\u00e3o oficial do Treinador <strong>Pedro Caixinha.<\/strong><\/span><\/p>\n<p style=\"text-align: justify;\"><img data-recalc-dims=\"1\" loading=\"lazy\" decoding=\"async\" class=\"alignnone wp-image-6687\" src=\"https:\/\/i0.wp.com\/sergiobertoldi.com\/wp-content\/uploads\/2025\/01\/54252910655_7382fed8f3_z.jpg?resize=360%2C288&#038;ssl=1\" alt=\"\" width=\"360\" height=\"288\" srcset=\"https:\/\/i0.wp.com\/sergiobertoldi.com\/wp-content\/uploads\/2025\/01\/54252910655_7382fed8f3_z.jpg?resize=300%2C240&amp;ssl=1 300w, https:\/\/i0.wp.com\/sergiobertoldi.com\/wp-content\/uploads\/2025\/01\/54252910655_7382fed8f3_z.jpg?w=640&amp;ssl=1 640w\" sizes=\"auto, (max-width: 360px) 100vw, 360px\" \/>\u00a0 <img data-recalc-dims=\"1\" loading=\"lazy\" decoding=\"async\" class=\"alignnone wp-image-6686\" src=\"https:\/\/i0.wp.com\/sergiobertoldi.com\/wp-content\/uploads\/2025\/01\/54252733889_c614c6c71c_z.jpg?resize=360%2C288&#038;ssl=1\" alt=\"\" width=\"360\" height=\"288\" srcset=\"https:\/\/i0.wp.com\/sergiobertoldi.com\/wp-content\/uploads\/2025\/01\/54252733889_c614c6c71c_z.jpg?resize=300%2C240&amp;ssl=1 300w, https:\/\/i0.wp.com\/sergiobertoldi.com\/wp-content\/uploads\/2025\/01\/54252733889_c614c6c71c_z.jpg?w=640&amp;ssl=1 640w\" sizes=\"auto, (max-width: 360px) 100vw, 360px\" \/><br \/>\n<span style=\"font-family: tahoma, arial, helvetica, sans-serif; font-size: 14pt;\">Pedro Caixinha que assinou contrato com o Alvinegro Praiano at\u00e9 o final de 2026, chega com a miss\u00e3o de manter o Santos na elite do Campeonato Paulista, assim como na S\u00e9rie-A do Campeonato Brasileiro, al\u00e9m de fazer um bom papel na Copa do Brasil, tentando chegar o mais longe poss\u00edvel na competi\u00e7\u00e3o, e quem sabe, conquistar seu sonhado retorno a Ta\u00e7a Libertadores da Am\u00e9rica, no ano de 2026<\/span><\/p>\n<blockquote><p><span style=\"font-size: 14pt;\"><em>\u201cQuero ganhar, sou muito ambicioso. Ent\u00e3o, a minha dedica\u00e7\u00e3o e daqueles conosco que trabalham \u00e9\u00a0precisamente nessa dire\u00e7\u00e3o. Eu tive uma grande identifica\u00e7\u00e3o com esse projeto\u201d<\/em>, revelou Caixinha.<\/span><\/p><\/blockquote>\n<p style=\"text-align: justify;\"><span style=\"font-family: tahoma, arial, helvetica, sans-serif; font-size: 14pt;\"><strong>Pedro Miguel Faria Caixinha<\/strong>; natural de Beja, no sul de Portugal, (nascido em 15 de novembro de 1970) \u00e9 um treinador de futebol profissional que teve uma carreira discreta como goleiro em clubes menores do pa\u00eds. Caixinha se aposentou aos 28 anos e rapidamente iniciou sua trajet\u00f3ria como treinador.<br \/>\n<\/span><span style=\"font-family: tahoma, arial, helvetica, sans-serif; font-size: 14pt;\">Contudo, Caixinha conquistou seu primeiro cargo em uma comiss\u00e3o t\u00e9cnica gra\u00e7as aos seus estudos, e n\u00e3o por sua experi\u00eancia como jogador. O aprendizado sempre foi uma prioridade para o portugu\u00eas.<\/span><\/p>\n<p style=\"text-align: justify;\"><span style=\"font-family: tahoma, arial, helvetica, sans-serif; font-size: 14pt;\">Graduado em <strong>Ci\u00eancias do Desporto<\/strong> com especializa\u00e7\u00e3o em futebol, o t\u00e9cnico do Santos tem <strong>mestrado<\/strong> em <strong>Treino de Alto Rendimento<\/strong>, al\u00e9m dos cursos exigidos pela <strong>UEFA<\/strong> para trabalhar nas divis\u00f5es de elite do futebol europeu &#8211; incluindo a <strong>licen\u00e7a PRO<\/strong>, gradua\u00e7\u00e3o mais alta no continente.<\/span><\/p>\n<p style=\"text-align: justify;\"><span style=\"font-family: tahoma, arial, helvetica, sans-serif; font-size: 14pt;\">Ap\u00f3s trabalhar como auxiliar t\u00e9cnico de <strong>Jos\u00e9 Peseiro<\/strong> no <strong>Sporting<\/strong> e assumir o cargo de treinador principal no <strong>Uni\u00e3o Leiria<\/strong> e no <strong>Nacional da ilha da Madeira<\/strong>, Pedro Caixinha come\u00e7ou a explorar o cen\u00e1rio internacional em 2010, comandando equipes como <strong>Santos Laguna<\/strong> (M\u00e9xico), <strong>Al-Gharafa<\/strong> (Qatar), <strong>Rangers<\/strong> (Esc\u00f3cia), Cruz Azul (M\u00e9xico), Al-Shabab (Ar\u00e1bia Saudita) e Talleres (Argentina).<\/span><\/p>\n<p><span style=\"font-family: tahoma, arial, helvetica, sans-serif; font-size: 14pt;\"><strong>Pedro Caixinha<\/strong> tem uma carreira diversificada como treinador, com passagens por v\u00e1rios clubes ao redor do mundo.<\/span><br \/>\n<span style=\"font-family: tahoma, arial, helvetica, sans-serif; font-size: 14pt;\">Aqui o torcedor Santista, encontra um resumo do desempenho do novo treinador do Santos, em alguns dos clubes mais not\u00e1veis antes de ser anunciado como treinador do Alvinegro de Vila Belmiro:<\/span><\/p>\n<ol>\n<li style=\"text-align: justify;\"><span style=\"font-family: tahoma, arial, helvetica, sans-serif; font-size: 14pt;\"><strong>Red Bull Bragantino<\/strong><strong> (2023-2024)<\/strong>: Caixinha teve um desempenho misto no Red Bull Bragantino. Em <strong>124<\/strong> jogos, ele conseguiu <strong>50<\/strong> vit\u00f3rias, <strong>36<\/strong> empates e <strong>38<\/strong> derrotas, resultando em um aproveitamento de <strong>50,1%<\/strong>. Ele foi demitido no segundo semestre de 2024 ap\u00f3s uma s\u00e9rie de maus resultados.<\/span><\/li>\n<li style=\"text-align: justify;\"><span style=\"font-family: tahoma, arial, helvetica, sans-serif; font-size: 14pt;\"><strong>Talleres <\/strong><strong>(2022-2023)<\/strong>: No Talleres, da Argentina, Caixinha teve uma passagem curta, com <strong>34<\/strong> jogos, <strong>10<\/strong> vit\u00f3rias, <strong>10<\/strong> empates e <strong>14<\/strong> derrotas.<\/span><\/li>\n<li style=\"text-align: justify;\"><span style=\"font-family: tahoma, arial, helvetica, sans-serif; font-size: 14pt;\"><strong>Santos Laguna<\/strong><strong> (2022)<\/strong>: Em sua segunda passagem pelo Santos Laguna, no M\u00e9xico, ele teve um desempenho abaixo do esperado, com apenas <strong>8<\/strong> jogos, <strong>1<\/strong> vit\u00f3ria, <strong>3<\/strong> empates e <strong>4<\/strong> derrotas.<\/span><\/li>\n<li style=\"text-align: justify;\"><span style=\"font-family: tahoma, arial, helvetica, sans-serif; font-size: 14pt;\"><strong>Al Shabab<\/strong><strong> (2020-2021)<\/strong>: No Al Shabab, da Ar\u00e1bia Saudita, ele teve um desempenho razo\u00e1vel, com <strong>20<\/strong> jogos, <strong>10<\/strong> vit\u00f3rias, <strong>5<\/strong> empates e <strong>5<\/strong> derrotas.<\/span><\/li>\n<li style=\"text-align: justify;\"><span style=\"font-family: tahoma, arial, helvetica, sans-serif; font-size: 14pt;\"><strong>Cruz Azul<\/strong><strong> (2018-2019)<\/strong>: No Cruz Azul, do M\u00e9xico, Caixinha teve um bom desempenho, com <strong>86<\/strong> jogos, <strong>40<\/strong> vit\u00f3rias, <strong>22<\/strong> empates e <strong>24<\/strong> derrotas.<\/span><\/li>\n<li style=\"text-align: justify;\"><span style=\"font-family: tahoma, arial, helvetica, sans-serif; font-size: 14pt;\"><strong>Rangers<\/strong><strong> (2017)<\/strong>: No Rangers, da Esc\u00f3cia, ele teve uma passagem curta, com <strong>26<\/strong> jogos, <strong>14<\/strong> vit\u00f3rias, <strong>5<\/strong> empates e <strong>7<\/strong> derrotas.<\/span><\/li>\n<li style=\"text-align: justify;\"><span style=\"font-family: tahoma, arial, helvetica, sans-serif; font-size: 14pt;\"><strong>Al-Gharafa<\/strong><strong> (2015-2017)<\/strong>: No Al-Gharafa, do Catar, ele teve um desempenho s\u00f3lido, com <strong>35<\/strong> jogos, <strong>17<\/strong> vit\u00f3rias,<strong> 8<\/strong> empates e <strong>10<\/strong> derrotas.<\/span><\/li>\n<li style=\"text-align: justify;\"><span style=\"font-family: tahoma, arial, helvetica, sans-serif; font-size: 14pt;\"><strong>Santos Laguna<\/strong><strong> (2013-2015)<\/strong>: Em sua primeira passagem pelo Santos Laguna, ele teve um desempenho muito bom, com <strong>145<\/strong> jogos, <strong>70<\/strong> vit\u00f3rias, <strong>37<\/strong> empates e <strong>38<\/strong> derrotas.<br \/>\n<\/span><span style=\"font-size: 14pt;\"><span style=\"font-family: tahoma, arial, helvetica, sans-serif;\">Ao todo foram<\/span> <strong style=\"font-family: tahoma, arial, helvetica, sans-serif;\">212<\/strong><span style=\"font-family: tahoma, arial, helvetica, sans-serif;\"> vit\u00f3rias, <\/span><strong style=\"font-family: tahoma, arial, helvetica, sans-serif;\">126<\/strong><span style=\"font-family: tahoma, arial, helvetica, sans-serif;\"> empates e <\/span><strong style=\"font-family: tahoma, arial, helvetica, sans-serif;\">140<\/strong><span style=\"font-family: tahoma, arial, helvetica, sans-serif;\"> derrotas em <\/span><strong style=\"font-family: tahoma, arial, helvetica, sans-serif;\">478 <\/strong><span style=\"font-family: tahoma, arial, helvetica, sans-serif;\">jogos<\/span><\/span><\/li>\n<\/ol>\n<p style=\"text-align: justify;\"><span style=\"font-family: tahoma, arial, helvetica, sans-serif; font-size: 14pt;\">Caixinha \u00e9 conhecido por sua abordagem t\u00e1tica e pela capacidade de implementar uma filosofia de jogo moderna. No entanto, ele tamb\u00e9m enfrentou desafios e per\u00edodos de instabilidade em alguns clubes.<br \/>\nAgora, no Santos, ele ter\u00e1 a oportunidade de aplicar sua experi\u00eancia e buscar sucesso nas competi\u00e7\u00f5es nacionais e internacionais.<\/span><\/p>\n<p style=\"text-align: justify;\"><span style=\"font-family: tahoma, arial, helvetica, sans-serif; font-size: 14pt;\"><strong>Pedro Caixinha<\/strong> ser\u00e1 o\u00a0<strong>17\u00ba<\/strong>\u00a0estrangeiro a treinar o time profissional do Santos, sendo o\u00a0<strong><u>segundo<\/u><\/strong>\u00a0treinador Portugu\u00eas a comandar a equipe. O primeiro foi <strong>Jesualdo Ferreira <\/strong>em 2020<br \/>\n<\/span><span style=\"font-family: tahoma, arial, helvetica, sans-serif; font-size: 14pt;\"><strong><u>Detalhe<\/u><\/strong>: Nenhum treinador estrangeiro que j\u00e1 dirigiu o time profissional do Santos Futebol Clube, conseguiu at\u00e9 a data de hoje: <strong>03\/01\/2025<\/strong>, conquistar algum titulo de Campe\u00e3o<\/span><\/p>\n<p style=\"text-align: justify;\"><span style=\"font-size: 14pt;\"><strong><u>Futebol profissional:<\/u><\/strong><\/span><\/p>\n<ul style=\"text-align: justify;\">\n<li><span style=\"font-size: 14pt;\"><strong>1934<\/strong>\u2013 Pedro Mazullo (Uruguai)<\/span><\/li>\n<li><span style=\"font-size: 14pt;\"><strong>1934\/1935 e 1950<\/strong>\u2013 Caetano di Domenica (It\u00e1lia)<\/span><\/li>\n<li><span style=\"font-size: 14pt;\"><strong>1937<\/strong>\u2013 Franz Gaspar (Hungria)<\/span><\/li>\n<li><span style=\"font-size: 14pt;\"><strong>1939\/1940<\/strong>\u2013 Isaac Goldenberg (\u00c1ustria)<\/span><\/li>\n<li><span style=\"font-size: 14pt;\"><strong>1940\/1941<\/strong>\u2013 Dario Letona (Peru)<\/span><\/li>\n<li><span style=\"font-size: 14pt;\"><strong>1944<\/strong>\u2013 Ricardo Diez (Uruguai)<\/span><\/li>\n<li><span style=\"font-size: 14pt;\"><strong>1946\/1947<\/strong>\u2013 Abel Picab\u00e9a (Argentina)<\/span><\/li>\n<li><span style=\"font-size: 14pt;\"><strong>1948<\/strong>\u2013 Diego Ayala (Paraguai)<\/span><\/li>\n<li><span style=\"font-size: 14pt;\"><strong>1951<\/strong>\u2013 Luiz Comitante (Uruguai)<\/span><\/li>\n<li><span style=\"font-size: 14pt;\"><strong>1954<\/strong>\u2013 Giuseppe Ottina (It\u00e1lia)<\/span><\/li>\n<li><span style=\"font-size: 14pt;\"><strong>1977\/1978<\/strong>\u2013 Ramos Delgado (Argentina)<\/span><\/li>\n<li><span style=\"font-size: 14pt;\"><strong>2019<\/strong>\u2013 Jorge Sampaoli (Argentina)<\/span><\/li>\n<li><span style=\"font-size: 14pt;\"><strong>2020<\/strong>\u2013 Jesualdo Ferreira (Portugal)<\/span><\/li>\n<li><span style=\"font-size: 14pt;\"><strong>2021<\/strong>\u2013 Ariel Holan (Argentina)<\/span><\/li>\n<li><span style=\"font-size: 14pt;\"><strong>2022<\/strong>\u2013 Fabi\u00e1n Bustos (Argentina)<\/span><\/li>\n<li><span style=\"font-size: 14pt;\"><strong>2023\u00a0<\/strong>\u2013 Diego Aguirre (Uruguai)<\/span><\/li>\n<li><span style=\"font-size: 14pt;\"><strong>2025 <\/strong>\u2013 Pedro Caixinha (Portugal)<\/span><\/li>\n<\/ul>\n<p style=\"text-align: justify;\"><span style=\"font-size: 14pt;\"><strong><u>Hist\u00f3rico de t\u00edtulos que o treinador j\u00e1 conquistou na carreira<\/u><\/strong><\/span><\/p>\n<p style=\"text-align: justify;\"><img data-recalc-dims=\"1\" loading=\"lazy\" decoding=\"async\" class=\"alignnone size-full wp-image-6685\" src=\"https:\/\/i0.wp.com\/sergiobertoldi.com\/wp-content\/uploads\/2025\/01\/Captura-de-tela-2025-01-07-153837.png?resize=280%2C260&#038;ssl=1\" alt=\"\" width=\"280\" height=\"260\" \/><\/p>\n<p style=\"text-align: justify;\"><span style=\"font-size: 14pt;\"><strong><u>Acompanhe a Coletiva de apresenta\u00e7\u00e3o do T\u00e9cnico Pedro Caixinha <\/u><\/strong><\/span><\/p>\n<p><iframe loading=\"lazy\" title=\"PEDRO CAIXINHA | APRESENTA\u00c7\u00c3O (07\/01\/25)\" width=\"800\" height=\"450\" src=\"https:\/\/www.youtube.com\/embed\/p7HL6OpezqE?feature=oembed\" frameborder=\"0\" allow=\"accelerometer; autoplay; clipboard-write; encrypted-media; gyroscope; picture-in-picture; web-share\" referrerpolicy=\"strict-origin-when-cross-origin\" allowfullscreen><\/iframe><\/p>\n<p style=\"text-align: justify;\"><span style=\"font-family: tahoma, arial, helvetica, sans-serif; font-size: 14pt;\">(Cr\u00e9dito: Imagem: Raul Baretta\/Santos FC)<\/span><br \/>\n<span style=\"font-family: tahoma, arial, helvetica, sans-serif; font-size: 14pt;\">(Cr\u00e9dito: Imagem: SantosTV\/Divulga\u00e7\u00e3o\/Santos FC)<\/span><\/p>\n<p style=\"text-align: justify;\"><span style=\"font-family: tahoma, arial, helvetica, sans-serif; font-size: 14pt;\">Falamos das coisas do Santos, sempre com a parceria e o apoio dos nossos anunciantes!<\/span><\/p>\n<p>&nbsp;<\/p>\n<p>&nbsp;<\/p>\n","protected":false},"excerpt":{"rendered":"<p>Al\u00f4 Na\u00e7\u00e3o Santista! Sauda\u00e7\u00f5es Alvinegras! Nesta ter\u00e7a-feira (7), o Santos apresentou em Coletiva na sala de imprensa da Vila Belmiro,<\/p>\n","protected":false},"author":2,"featured_media":6684,"comment_status":"open","ping_status":"open","sticky":false,"template":"","format":"standard","meta":{"colormag_page_container_layout":"default_layout","colormag_page_sidebar_layout":"default_layout","_jetpack_memberships_contains_paid_content":false,"footnotes":""},"categories":[68,4,10,32],"tags":[6],"class_list":["post-6683","post","type-post","status-publish","format-standard","has-post-thumbnail","hentry","category-apresentacao-oficial","category-bastidores-do-santos-fc","category-elenco-profissional","category-treinador-santista","tag-santos-fc"],"jetpack_featured_media_url":"https:\/\/i0.wp.com\/sergiobertoldi.com\/wp-content\/uploads\/2025\/01\/54252910620_c99ea2afd5_z.jpg?fit=640%2C512&ssl=1","jetpack_likes_enabled":true,"jetpack_sharing_enabled":true,"_links":{"self":[{"href":"https:\/\/sergiobertoldi.com\/index.php\/wp-json\/wp\/v2\/posts\/6683","targetHints":{"allow":["GET"]}}],"collection":[{"href":"https:\/\/sergiobertoldi.com\/index.php\/wp-json\/wp\/v2\/posts"}],"about":[{"href":"https:\/\/sergiobertoldi.com\/index.php\/wp-json\/wp\/v2\/types\/post"}],"author":[{"embeddable":true,"href":"https:\/\/sergiobertoldi.com\/index.php\/wp-json\/wp\/v2\/users\/2"}],"replies":[{"embeddable":true,"href":"https:\/\/sergiobertoldi.com\/index.php\/wp-json\/wp\/v2\/comments?post=6683"}],"version-history":[{"count":6,"href":"https:\/\/sergiobertoldi.com\/index.php\/wp-json\/wp\/v2\/posts\/6683\/revisions"}],"predecessor-version":[{"id":6712,"href":"https:\/\/sergiobertoldi.com\/index.php\/wp-json\/wp\/v2\/posts\/6683\/revisions\/6712"}],"wp:featuredmedia":[{"embeddable":true,"href":"https:\/\/sergiobertoldi.com\/index.php\/wp-json\/wp\/v2\/media\/6684"}],"wp:attachment":[{"href":"https:\/\/sergiobertoldi.com\/index.php\/wp-json\/wp\/v2\/media?parent=6683"}],"wp:term":[{"taxonomy":"category","embeddable":true,"href":"https:\/\/sergiobertoldi.com\/index.php\/wp-json\/wp\/v2\/categories?post=6683"},{"taxonomy":"post_tag","embeddable":true,"href":"https:\/\/sergiobertoldi.com\/index.php\/wp-json\/wp\/v2\/tags?post=6683"}],"curies":[{"name":"wp","href":"https:\/\/api.w.org\/{rel}","templated":true}]}}