{"id":6680,"date":"2025-01-03T21:35:28","date_gmt":"2025-01-04T00:35:28","guid":{"rendered":"https:\/\/sergiobertoldi.com\/?p=6680"},"modified":"2025-01-07T10:46:13","modified_gmt":"2025-01-07T13:46:13","slug":"jogando-um-futebol-decepcionante-santos-estreia-na-copinha-com-vitoria-magra-sobre-o-tirol-ce","status":"publish","type":"post","link":"https:\/\/sergiobertoldi.com\/index.php\/2025\/01\/03\/jogando-um-futebol-decepcionante-santos-estreia-na-copinha-com-vitoria-magra-sobre-o-tirol-ce\/","title":{"rendered":"Jogando um futebol decepcionante Santos estreia na Copinha com vit\u00f3ria magra sobre o Tirol-CE"},"content":{"rendered":"<p style=\"text-align: justify;\"><span style=\"font-family: tahoma, arial, helvetica, sans-serif; font-size: 14pt;\"><strong><u>Al\u00f4 Na\u00e7\u00e3o Santista! Sauda\u00e7\u00f5es Alvinegras!<\/u><\/strong><\/span><\/p>\n<p style=\"text-align: justify;\"><span style=\"font-family: tahoma, arial, helvetica, sans-serif; font-size: 14pt;\">Em partida v\u00e1lida pela primeira rodada da fase de grupos da Copa S\u00e3o Paulo de Juniores, o Santos fez sua estreia no Grupo 7 da Copinha, enfrentando o Tirol-CE na Arena Fonte Luminosa, em Araraquara!<\/span><\/p>\n<p style=\"text-align: justify;\"><span style=\"font-family: tahoma, arial, helvetica, sans-serif; font-size: 14pt;\">Embora n\u00e3o tenha apresentado um bom futebol, o Santos fez o suficiente para vencer o Tirol-CE, por 1 a 0, com gol marcado por Gabriel Bontempo, ainda no primeiro tempo.<\/span><\/p>\n<p style=\"text-align: justify;\"><span style=\"font-family: tahoma, arial, helvetica, sans-serif; font-size: 14pt;\">Com o triunfo, os Peixinhos da Vila somaram tr\u00eas pontos conquistados, ocupando a segunda coloca\u00e7\u00e3o do Grupo 7, atr\u00e1s da Ferrovi\u00e1ria, que tamb\u00e9m tem tr\u00eas pontos, mas lidera o grupo pelo crit\u00e9rio de desempate.<br \/>\n<\/span><span style=\"font-family: tahoma, arial, helvetica, sans-serif; font-size: 14pt;\">O Santos volta a campo na pr\u00f3xima segunda-feira, \u00e0s 19h30 (de Bras\u00edlia), quando encara o Jaciob\u00e1-AL, novamente na Arena Fonte Luminosa.<\/span><\/p>\n<p style=\"text-align: justify;\"><span style=\"font-family: tahoma, arial, helvetica, sans-serif; font-size: 14pt;\"><strong><u>FICHA T\u00c9CNICA<\/u><\/strong><\/span><br \/>\n<span style=\"font-family: tahoma, arial, helvetica, sans-serif; font-size: 14pt;\"><strong><u>SANTOS<\/u><\/strong><strong> 1 x 0 <u>TIROL-CE<\/u><\/strong><strong><br \/>\nData e hor\u00e1rio:<\/strong>\u00a0sexta-feira, 3\/1\/2025 &#8211; 20h<\/span><br \/>\n<span style=\"font-family: tahoma, arial, helvetica, sans-serif; font-size: 14pt;\"><strong>Local:<\/strong>\u00a0Est\u00e1dio Fonte Luminosa, Araraquara (SP)<\/span><br \/>\n<span style=\"font-family: tahoma, arial, helvetica, sans-serif; font-size: 14pt;\"><strong>Gols:<\/strong>\u00a0Gabriel Bontempo, aos 33\u2019, 1\u00baT<\/span><br \/>\n<span style=\"font-family: tahoma, arial, helvetica, sans-serif; font-size: 14pt;\"><strong><span style=\"background-color: #ffff00;\">Cart\u00f5es amarelos<\/span>:<\/strong>\u00a0Pentecoste (Tirol)<\/span><br \/>\n<span style=\"font-family: tahoma, arial, helvetica, sans-serif; font-size: 14pt;\"><strong>\u00c1rbitro:\u00a0<\/strong>Caio Carvalho Pereira<\/span><br \/>\n<span style=\"font-family: tahoma, arial, helvetica, sans-serif; font-size: 14pt;\"><strong>Assistentes:<\/strong>\u00a0Eduardo Augusto Borges e Vin\u00edcius Santa da Silva<\/span><\/p>\n<p style=\"text-align: justify;\"><span style=\"font-family: tahoma, arial, helvetica, sans-serif; font-size: 14pt;\"><strong><u>SANTOS<\/u><\/strong><\/span><br \/>\n<span style=\"font-family: tahoma, arial, helvetica, sans-serif; font-size: 14pt;\">Jo\u00e3o Fernandes; Lenin (Andr\u00e9 Klaus), Matheus Matias, Vin\u00edcius Lira e Diego Borges; Gustavo Henrique, Rodrigo Cezar (Pep\u00ea Firmino) e Gabriel Bontempo (Caio Ara\u00fajo); Fernando Nava (Mateus Xavier), Enzo Monteiro (Kauan Pereira) e Perlaza (Jo\u00e3o Alves). (T\u00e9cnico: Leandro Zago)<\/span><\/p>\n<p style=\"text-align: justify;\"><span style=\"font-family: tahoma, arial, helvetica, sans-serif; font-size: 14pt;\"><strong><u>TIROL<\/u><\/strong>\u00a0<\/span><br \/>\n<span style=\"font-family: tahoma, arial, helvetica, sans-serif; font-size: 14pt;\">Victor Hugo; Luan, Gabriel Vigo, Rhuan (Amorim) e Fabinho (Kauan); Ivan Neto, Ol\u00e9ber e Fernando; Biel (Iarley), Pentecoste (Arthur) e Paulinho (Renato). (T\u00e9cnico: Jorge Marinho )<\/span><\/p>\n<p style=\"text-align: justify;\"><span style=\"font-family: georgia, palatino, serif; font-size: 14pt;\"><strong><u>Pitacos do Bertoldi<\/u><\/strong><\/span><\/p>\n<p style=\"text-align: justify;\"><span style=\"font-family: tahoma, arial, helvetica, sans-serif; font-size: 14pt;\">Com uma vit\u00f3ria magra de 1 a 0 sobre o Tirol-CE, na partida de estreia do Santos na Copinha S\u00e3o Paulo de 2025, os meninos da Vila n\u00e3o deixaram uma primeira impress\u00e3o das melhores n\u00e3o!<\/span><\/p>\n<p style=\"text-align: justify;\"><span style=\"font-family: tahoma, arial, helvetica, sans-serif; font-size: 14pt;\">Na verdade a performance da equipe deixou a desejar, gerando uma certa decep\u00e7\u00e3o entre os torcedores, sempre \u00e1vidos por verem surgir nas categorias de base do Peixe, novos <strong>Robinhos,<\/strong> <strong>Diegos<\/strong>, <strong>PH.Ganso<\/strong>, <strong>Neymar<\/strong> e etc&#8230;.<\/span><\/p>\n<p style=\"text-align: justify;\"><span style=\"font-family: tahoma, arial, helvetica, sans-serif; font-size: 14pt;\">O Santos \u00e9 tradicionalmente conhecido por seu forte trabalho nas categorias de base e entrou na competi\u00e7\u00e3o buscando seu quarto t\u00edtulo. Com um elenco repleto de promessas das categorias <strong>Sub-15<\/strong>, <strong>Sub-17<\/strong> e <strong>Sub-20<\/strong>, havia uma expectativa significativa sobre o desempenho do time.<br \/>\nNo entanto, a estreia n\u00e3o correspondeu ao prest\u00edgio hist\u00f3rico do clube na Copinha.<\/span><\/p>\n<p style=\"text-align: justify;\"><span style=\"font-family: tahoma, arial, helvetica, sans-serif; font-size: 14pt;\">\u00c9 preciso analisar alguns aspectos importantes, que com certeza podem impactar nesse in\u00edcio de campanha dos meninos da Vila.<br \/>\n<\/span><span style=\"font-family: tahoma, arial, helvetica, sans-serif; font-size: 14pt;\">A adapta\u00e7\u00e3o dos jogadores a nova filosofia de trabalho do t\u00e9cnico <strong>Leandro Zago<\/strong> e a nova comiss\u00e3o t\u00e9cnica, n\u00e3o se dar\u00e1 da noite para o dia, como em um passe de m\u00e1gica! Isso demandar\u00e1 um certo tempo.<br \/>\n<\/span><span style=\"font-family: tahoma, arial, helvetica, sans-serif; font-size: 14pt;\">Zago chegou ao clube recentemente, e o pouco tempo de trabalho at\u00e9 a estreia da copinha, certamente prejudicou a prepara\u00e7\u00e3o de um elenco cujo treinador, ainda est\u00e1 come\u00e7ando a conhecer!<\/span><\/p>\n<p style=\"text-align: justify;\"><span style=\"font-family: tahoma, arial, helvetica, sans-serif; font-size: 14pt;\">A pr\u00f3xima partida contra o <strong>Jaciob\u00e1-AL<\/strong> ser\u00e1 uma oportunidade crucial para demonstrar as esperadas melhorias, um melhor entrosamento entre os jogadores escolhidos para entrar como titulares, e porque n\u00e3o, o aproveitamento de destaques do <strong>Sub-17<\/strong>, que n\u00e3o entraram em campo contra o <strong>Tirol-CE.<\/strong><\/span><\/p>\n<p style=\"text-align: justify;\"><span style=\"font-family: tahoma, arial, helvetica, sans-serif; font-size: 14pt;\">Garotos como<strong> Rodrigo Cezar, Nadson, Mateus Xavier, Kauan Pereira, Juninho, Fernando Nava, Gabriel Bontempo, Bernardo, Kenay <\/strong>e etc.. possuem muita qualidade t\u00e9cnica e com certeza com o decorrer da copinha, podem acrescentar muito ao time e quem sabe chegar a uma final.<\/span><\/p>\n<p style=\"text-align: justify;\"><span style=\"font-family: tahoma, arial, helvetica, sans-serif; font-size: 14pt;\">Cr\u00e9dito: Imagem: Bruno Vaz\/Santos FC)<\/span><br \/>\n<span style=\"font-family: tahoma, arial, helvetica, sans-serif; font-size: 14pt;\">Falamos das coisas do Santos, sempre com a parceria e o apoio dos nossos anunciantes!<\/span><\/p>\n<p style=\"text-align: justify;\">\n","protected":false},"excerpt":{"rendered":"<p>Al\u00f4 Na\u00e7\u00e3o Santista! Sauda\u00e7\u00f5es Alvinegras! Em partida v\u00e1lida pela primeira rodada da fase de grupos da Copa S\u00e3o Paulo de<\/p>\n","protected":false},"author":2,"featured_media":6681,"comment_status":"open","ping_status":"open","sticky":false,"template":"","format":"standard","meta":{"colormag_page_container_layout":"default_layout","colormag_page_sidebar_layout":"default_layout","_jetpack_memberships_contains_paid_content":false,"footnotes":""},"categories":[12,7,27],"tags":[6],"class_list":["post-6680","post","type-post","status-publish","format-standard","has-post-thumbnail","hentry","category-analise-e-comentario","category-base-santista","category-copa-sao-paulo-de-juniores","tag-santos-fc"],"jetpack_featured_media_url":"https:\/\/i0.wp.com\/sergiobertoldi.com\/wp-content\/uploads\/2025\/01\/5090293_8db20e60e90908c.jpg?fit=1200%2C630&ssl=1","jetpack_likes_enabled":true,"jetpack_sharing_enabled":true,"_links":{"self":[{"href":"https:\/\/sergiobertoldi.com\/index.php\/wp-json\/wp\/v2\/posts\/6680","targetHints":{"allow":["GET"]}}],"collection":[{"href":"https:\/\/sergiobertoldi.com\/index.php\/wp-json\/wp\/v2\/posts"}],"about":[{"href":"https:\/\/sergiobertoldi.com\/index.php\/wp-json\/wp\/v2\/types\/post"}],"author":[{"embeddable":true,"href":"https:\/\/sergiobertoldi.com\/index.php\/wp-json\/wp\/v2\/users\/2"}],"replies":[{"embeddable":true,"href":"https:\/\/sergiobertoldi.com\/index.php\/wp-json\/wp\/v2\/comments?post=6680"}],"version-history":[{"count":1,"href":"https:\/\/sergiobertoldi.com\/index.php\/wp-json\/wp\/v2\/posts\/6680\/revisions"}],"predecessor-version":[{"id":6682,"href":"https:\/\/sergiobertoldi.com\/index.php\/wp-json\/wp\/v2\/posts\/6680\/revisions\/6682"}],"wp:featuredmedia":[{"embeddable":true,"href":"https:\/\/sergiobertoldi.com\/index.php\/wp-json\/wp\/v2\/media\/6681"}],"wp:attachment":[{"href":"https:\/\/sergiobertoldi.com\/index.php\/wp-json\/wp\/v2\/media?parent=6680"}],"wp:term":[{"taxonomy":"category","embeddable":true,"href":"https:\/\/sergiobertoldi.com\/index.php\/wp-json\/wp\/v2\/categories?post=6680"},{"taxonomy":"post_tag","embeddable":true,"href":"https:\/\/sergiobertoldi.com\/index.php\/wp-json\/wp\/v2\/tags?post=6680"}],"curies":[{"name":"wp","href":"https:\/\/api.w.org\/{rel}","templated":true}]}}