{"id":6651,"date":"2025-01-03T14:20:24","date_gmt":"2025-01-03T17:20:24","guid":{"rendered":"https:\/\/sergiobertoldi.com\/?p=6651"},"modified":"2025-01-03T19:59:04","modified_gmt":"2025-01-03T22:59:04","slug":"pedro-martins-concede-entrevista-coletiva-e-frustra-o-torcedor-que-ao-inves-de-ouvir-sobre-reforcos-ouviu-sobre-planejamento-e-demissoes","status":"publish","type":"post","link":"https:\/\/sergiobertoldi.com\/index.php\/2025\/01\/03\/pedro-martins-concede-entrevista-coletiva-e-frustra-o-torcedor-que-ao-inves-de-ouvir-sobre-reforcos-ouviu-sobre-planejamento-e-demissoes\/","title":{"rendered":"Pedro Martins concede entrevista coletiva e frustra o torcedor que ao inv\u00e9s de ouvir sobre refor\u00e7os, ouviu sobre planejamento e demiss\u00f5es"},"content":{"rendered":"<p><span style=\"font-family: helvetica, arial, sans-serif; font-size: 14pt;\"><strong><u>Al\u00f4 Na\u00e7\u00e3o Santista! Sauda\u00e7\u00f5es Alvinegras!<\/u><\/strong><\/span><\/p>\n<p style=\"text-align: justify;\"><span style=\"font-family: tahoma, arial, helvetica, sans-serif; font-size: 14pt;\">Pedro Martins, o rec\u00e9m-nomeado CEO do Santos, concedeu uma coletiva de imprensa na manh\u00e3 desta sexta-feira (3), \u00e0s 12 horas, na sala de imprensa na Vila Belmiro.<\/span><br \/>\n<span style=\"font-family: tahoma, arial, helvetica, sans-serif; font-size: 14pt;\">A coletiva teve como objetivo, atualizar a s\u00f3cios, torcedores em geral e imprensa, os passos do Santos nesse in\u00edcio de temporada, o que o clube tem feito em termos de se estruturar dentro dos seus objetivos!<\/span><\/p>\n<p style=\"text-align: justify;\"><span style=\"font-family: tahoma, arial, helvetica, sans-serif; font-size: 14pt;\">De acordo com o executivo do Santos, o clube est\u00e1 se inserindo em um mercado bastante competitivo, e seu principal desafio, foi antes de mais nada encontrar um bom treinador para a nova temporada. Para isso, o Santos contratou <strong>Pedro Caixinha<\/strong>, que assume a posi\u00e7\u00e3o deixada por <strong>F\u00e1bio Carille<\/strong>.<\/span><\/p>\n<blockquote>\n<p style=\"text-align: justify;\">\u201cO <span style=\"font-size: 14pt;\">Santos est\u00e1 se posicionando em um mercado extremamente competitivo, em que a SAF est\u00e1 fazendo investimentos extremamente altos, em que a profissionaliza\u00e7\u00e3o do departamento de futebol n\u00e3o \u00e9 mais um caminho a ser seguido, e sim uma necessidade<\/span> &#8211; <span style=\"font-family: tahoma, arial, helvetica, sans-serif; font-size: 14pt;\">disse Pedro Martins.<\/span><\/p>\n<\/blockquote>\n<p style=\"text-align: justify;\"><span style=\"font-family: tahoma, arial, helvetica, sans-serif; font-size: 14pt;\">O Santos anunciou tamb\u00e9m nesta sexta-feira (3), a demiss\u00e3o do coordenador de futebol, <strong>Alexandre Gallo<\/strong>, juntamente com tr\u00eas integrantes da comiss\u00e3o t\u00e9cnica fixa: O auxiliar t\u00e9cnico <strong>Marcelo Fernandes<\/strong>, os preparadores de goleiros <strong>Arzul<\/strong> e <strong>Oscar Rodrigues,<\/strong> e o preparador f\u00edsico <strong>Carlito Macedo, <\/strong>al\u00e9m do gerente de sa\u00fade e performance<strong> Cristiano.<\/strong><\/span><br \/>\n<span style=\"font-family: tahoma, arial, helvetica, sans-serif; font-size: 14pt;\">A informa\u00e7\u00e3o que havia sido divulgada pelo clube, meia hora antes da coletiva com Pedro Martins, foi ent\u00e3o confirmada.<\/span><\/p>\n<p style=\"text-align: justify;\"><span style=\"font-family: tahoma, arial, helvetica, sans-serif; font-size: 14pt;\">Atrav\u00e9s das redes sociais, o Alvinegro Praiano se pronunciou sobre a sa\u00edda dos profissionais da equipe, e agradeceu o empenho e comprometimento dos profissionais durante a passagem, mas entendeu que era necess\u00e1rio o encerramento do v\u00ednculo.<\/span><\/p>\n<blockquote>\n<p style=\"text-align: justify;\"><span style=\"font-size: 14pt;\">\u201cO Santos Futebol Clube agradece o trabalho do diretor de futebol Alexandre Gallo, do auxiliar t\u00e9cnico Marcelo Fernandes, do preparador f\u00edsico Carlito, do preparador de goleiro Arzul e do gerente de sa\u00fade e performance Cristiano.<\/span><br \/>\n<span style=\"font-size: 14pt;\"> Os profissionais encerram hoje suas trajet\u00f3rias no Santos FC, e o clube deseja sucesso em suas carreiras\u201d.<\/span><\/p>\n<p style=\"text-align: justify;\"><span style=\"font-size: 14pt;\">&#8220;Agora a gente vem fazendo algumas outras mudan\u00e7as que buscam colocar o Santos dentro de uma nova mentalidade, dentro de uma nova forma de ser gerido. \u00c9 importante ressaltar aqui que a gente teve que fazer algumas corre\u00e7\u00f5es e alguns ajustes de rota. Depois da escolha de Pedro Caixinha, a gente tamb\u00e9m muda a maneira como opta para fazer a pr\u00e9-temporada, e agora \u00e9 importante comunicar que a gente muda tamb\u00e9m alguns nomes que vinham sendo escolhidos para a janela de transfer\u00eancia<\/span> &#8211;<span style=\"font-family: tahoma, arial, helvetica, sans-serif; font-size: 14pt;\"> falou o executivo, referindo-se aos desligamentos.<\/span><\/p>\n<\/blockquote>\n<p style=\"text-align: justify;\"><span style=\"font-family: tahoma, arial, helvetica, sans-serif; font-size: 14pt;\">Essas mudan\u00e7as fazem parte de uma reestrutura\u00e7\u00e3o do organograma do departamento de futebol e j\u00e1 haviam sido mencionadas na apresenta\u00e7\u00e3o de Pedro Martins, realizada em 24 de dezembro.<\/span><br \/>\n<span style=\"font-family: tahoma, arial, helvetica, sans-serif; font-size: 14pt;\"> Martins recebeu liberdade total para implementar altera\u00e7\u00f5es em um setor que enfrentou um ano tumultuado, culminando no rebaixamento do Santos no Brasileir\u00e3o de 2023.<\/span><\/p>\n<p style=\"text-align: justify;\"><span style=\"font-family: tahoma, arial, helvetica, sans-serif; font-size: 14pt;\">Pedro Martins tamb\u00e9m deixou claro que o Santos precisa &#8220;buscar uma identidade&#8221;<\/span><\/p>\n<blockquote>\n<p style=\"text-align: justify;\"><span style=\"font-size: 14pt;\">\u201c\u00c9 preciso buscar uma identidade, n\u00e3o s\u00f3 a maneira de jogar, que a gente fala que o Santos quer ser um time intenso, agressivo, a gente precisa buscar a identidade tamb\u00e9m na maneira de gerir nosso dia a dia isso. E tamb\u00e9m no perfil de atletas que est\u00e3o sendo escolhidos\u201d<\/span> &#8211; <span style=\"font-family: tahoma, arial, helvetica, sans-serif; font-size: 14pt;\">completou.<\/span><\/p>\n<\/blockquote>\n<p style=\"text-align: justify;\"><span style=\"font-family: tahoma, arial, helvetica, sans-serif; font-size: 14pt;\">Quanto ao que a torcida e a imprensa tinham mais expectativa de saber, que seriam os refor\u00e7os para a temporada, Pedro Martins pouco falou, preferindo confirmar apenas quem deixou ou est\u00e1 pr\u00f3ximo de deixar o Santos, sendo evasivo nas respostas quanto a contrata\u00e7\u00f5es!<\/span><\/p>\n<p style=\"text-align: justify;\"><span style=\"font-family: tahoma, arial, helvetica, sans-serif; font-size: 14pt;\">O dirigente confirmou oficialmente as sa\u00eddas de <strong>Otero<\/strong> e <strong>Giuliano<\/strong>, que n\u00e3o renovaram seus contratos.<\/span><br \/>\n<span style=\"font-family: tahoma, arial, helvetica, sans-serif; font-size: 14pt;\">Otero se transferiu para o <strong>Nacional<\/strong> (URU).<\/span><br \/>\n<span style=\"font-family: tahoma, arial, helvetica, sans-serif; font-size: 14pt;\">Pedro Martins ressaltou que <strong>Jair<\/strong>, que \u00e9 alvo do <strong>Botafogo<\/strong>&#8211;<strong>RJ<\/strong>, ainda n\u00e3o foi negociado. &#8220;\u00c9 um excelente jogador, com v\u00e1rios clubes interessados. N\u00e3o h\u00e1 negocia\u00e7\u00e3o. Surgiram diversas possibilidades e o Santos tomar\u00e1 a melhor decis\u00e3o tanto para o clube quanto para o atleta&#8221;, explicou.<\/span><br \/>\n<span style=\"font-family: tahoma, arial, helvetica, sans-serif; font-size: 14pt;\">O CEO tamb\u00e9m anunciou a perman\u00eancia de <strong>Paulo Bracks<\/strong>, que agora assumir\u00e1 o cargo de &#8220;Diretor Geral&#8221;.\u00a0\u00a0<\/span><\/p>\n<p style=\"text-align: justify;\"><span style=\"font-size: 14pt;\"><strong><u>Acompanhe a Coletiva de Pedro Martins CEO do Santos <\/u><\/strong><\/span><\/p>\n<div class=\"jetpack-video-wrapper\"><iframe loading=\"lazy\" title=\"PEDRO MARTINS | COLETIVA (03\/01\/25)\" width=\"800\" height=\"450\" src=\"https:\/\/www.youtube.com\/embed\/ZckJcYx9bNw?feature=oembed\" frameborder=\"0\" allow=\"accelerometer; autoplay; clipboard-write; encrypted-media; gyroscope; picture-in-picture; web-share\" referrerpolicy=\"strict-origin-when-cross-origin\" allowfullscreen><\/iframe><\/div>\n<p style=\"text-align: justify;\"><span style=\"font-family: tahoma, arial, helvetica, sans-serif; font-size: 14pt;\">(Cr\u00e9dito: Imagem: Leandro Reis\/Santos FC)<\/span><br \/>\n<span style=\"font-family: tahoma, arial, helvetica, sans-serif; font-size: 14pt;\">(Cr\u00e9dito: Imagem: SantosTV\/Divulga\u00e7\u00e3o\/Santos FC)<\/span><\/p>\n<p style=\"text-align: justify;\"><span style=\"font-family: tahoma, arial, helvetica, sans-serif; font-size: 14pt;\">Falamos das coisas do Santos, sempre com a parceria e o apoio dos nossos anunciantes!<\/span><\/p>\n","protected":false},"excerpt":{"rendered":"<p>Al\u00f4 Na\u00e7\u00e3o Santista! Sauda\u00e7\u00f5es Alvinegras! Pedro Martins, o rec\u00e9m-nomeado CEO do Santos, concedeu uma coletiva de imprensa na manh\u00e3 desta<\/p>\n","protected":false},"author":2,"featured_media":6652,"comment_status":"open","ping_status":"open","sticky":false,"template":"","format":"standard","meta":{"colormag_page_container_layout":"default_layout","colormag_page_sidebar_layout":"default_layout","_jetpack_memberships_contains_paid_content":false,"footnotes":""},"categories":[4,10,14,31],"tags":[6],"class_list":["post-6651","post","type-post","status-publish","format-standard","has-post-thumbnail","hentry","category-bastidores-do-santos-fc","category-elenco-profissional","category-gestao-e-negocios","category-quem-chega-e-quem-sai","tag-santos-fc"],"jetpack_featured_media_url":"https:\/\/i0.wp.com\/sergiobertoldi.com\/wp-content\/uploads\/2025\/01\/54244270513_8687fce8ea_z.jpg?fit=640%2C512&ssl=1","jetpack_likes_enabled":true,"jetpack_sharing_enabled":true,"_links":{"self":[{"href":"https:\/\/sergiobertoldi.com\/index.php\/wp-json\/wp\/v2\/posts\/6651","targetHints":{"allow":["GET"]}}],"collection":[{"href":"https:\/\/sergiobertoldi.com\/index.php\/wp-json\/wp\/v2\/posts"}],"about":[{"href":"https:\/\/sergiobertoldi.com\/index.php\/wp-json\/wp\/v2\/types\/post"}],"author":[{"embeddable":true,"href":"https:\/\/sergiobertoldi.com\/index.php\/wp-json\/wp\/v2\/users\/2"}],"replies":[{"embeddable":true,"href":"https:\/\/sergiobertoldi.com\/index.php\/wp-json\/wp\/v2\/comments?post=6651"}],"version-history":[{"count":5,"href":"https:\/\/sergiobertoldi.com\/index.php\/wp-json\/wp\/v2\/posts\/6651\/revisions"}],"predecessor-version":[{"id":6657,"href":"https:\/\/sergiobertoldi.com\/index.php\/wp-json\/wp\/v2\/posts\/6651\/revisions\/6657"}],"wp:featuredmedia":[{"embeddable":true,"href":"https:\/\/sergiobertoldi.com\/index.php\/wp-json\/wp\/v2\/media\/6652"}],"wp:attachment":[{"href":"https:\/\/sergiobertoldi.com\/index.php\/wp-json\/wp\/v2\/media?parent=6651"}],"wp:term":[{"taxonomy":"category","embeddable":true,"href":"https:\/\/sergiobertoldi.com\/index.php\/wp-json\/wp\/v2\/categories?post=6651"},{"taxonomy":"post_tag","embeddable":true,"href":"https:\/\/sergiobertoldi.com\/index.php\/wp-json\/wp\/v2\/tags?post=6651"}],"curies":[{"name":"wp","href":"https:\/\/api.w.org\/{rel}","templated":true}]}}