{"id":6637,"date":"2024-12-27T12:30:57","date_gmt":"2024-12-27T15:30:57","guid":{"rendered":"https:\/\/sergiobertoldi.com\/?p=6637"},"modified":"2024-12-29T18:12:01","modified_gmt":"2024-12-29T21:12:01","slug":"santos-futebol-clube-decide-por-cancelar-sua-participacao-em-torneio-que-faria-na-florida-nos-estados-unidos","status":"publish","type":"post","link":"https:\/\/sergiobertoldi.com\/index.php\/2024\/12\/27\/santos-futebol-clube-decide-por-cancelar-sua-participacao-em-torneio-que-faria-na-florida-nos-estados-unidos\/","title":{"rendered":"Santos Futebol Clube decide por cancelar sua participa\u00e7\u00e3o em torneio que faria na Fl\u00f3rida nos Estados Unidos."},"content":{"rendered":"<p style=\"text-align: justify;\"><span style=\"font-family: helvetica, arial, sans-serif; font-size: 14pt;\"><strong><u>Al\u00f4 Na\u00e7\u00e3o Santista! Sauda\u00e7\u00f5es Alvinegras!<\/u><\/strong><\/span><\/p>\n<p style=\"text-align: justify;\"><span style=\"font-family: tahoma, arial, helvetica, sans-serif; font-size: 14pt;\">O Santos Futebol Clube, optou por cancelar a pr\u00e9-temporada que faria na Fl\u00f3rida nos Estados Unidos.<\/span><br \/>\n<span style=\"font-family: tahoma, arial, helvetica, sans-serif; font-size: 14pt;\">O Alvinegro praiano tinha a inten\u00e7\u00e3o de participar de um torneio amistoso em <strong>Orlando<\/strong>, na <strong>Fl\u00f3rida<\/strong>, em <strong>janeiro<\/strong> de <strong>2025<\/strong>.<\/span><br \/>\n<span style=\"font-family: tahoma, arial, helvetica, sans-serif; font-size: 14pt;\">O Santos que acabou de voltar para a elite do futebol brasileiro, iria enfrentar o <strong>Miami United<\/strong>, no dia <strong>11<\/strong> de <strong>janeiro<\/strong>.<\/span><\/p>\n<p><span style=\"font-family: tahoma, arial, helvetica, sans-serif; font-size: 14pt;\">O clube j\u00e1 estava confirmado como uma das equipes participantes \u00a0na <strong>Orlando Cup Pro Series<\/strong>, mas decidiu recuar ap\u00f3s a contrata\u00e7\u00e3o do t\u00e9cnico portugu\u00eas <strong>Pedro Caixinha<\/strong>.<\/span><br \/>\n<span style=\"font-family: tahoma, arial, helvetica, sans-serif; font-size: 14pt;\">Dessa forma\u00a0o in\u00edcio do trabalho de<strong> Pedro Caixinha, <\/strong>ser\u00e1 no Brasil e n\u00e3o nos Estados Unidos, como era o plano inicial.<\/span><br \/>\n<span style=\"font-family: tahoma, arial, helvetica, sans-serif; font-size: 14pt;\">A prepara\u00e7\u00e3o ser\u00e1 focada em um primeiro momento no <strong>Campeonato Paulista<\/strong>, onde existe a expectativa que a equipe fa\u00e7a uma boa campanha.<\/span><\/p>\n<p style=\"text-align: justify;\"><span style=\"font-family: tahoma, arial, helvetica, sans-serif; font-size: 14pt;\">O Peixe afirmou que, com a desist\u00eancia do Atl\u00e9tico Nacional, da Col\u00f4mbia, a competi\u00e7\u00e3o perdeu em qualidade t\u00e9cnica.<\/span><br \/>\n<span style=\"font-family: tahoma, arial, helvetica, sans-serif; font-size: 14pt;\">Al\u00e9m disso, ainda n\u00e3o havia confirma\u00e7\u00e3o sobre a transmiss\u00e3o do torneio para o Brasil.<\/span><\/p>\n<blockquote>\n<p style=\"text-align: justify;\"><span style=\"font-family: tahoma, arial, helvetica, sans-serif; font-size: 14pt;\">\u00a0\u201cDevido ao planejamento estabelecido pela nova comiss\u00e3o t\u00e9cnica e levando em conta as mudan\u00e7as nas condi\u00e7\u00f5es apresentadas pelos organizadores do evento, o Santos Futebol Clube comunica que decidiu n\u00e3o participar do torneio de pr\u00e9-temporada Orlando Cup Pro Series, que ocorrer\u00e1 nos EUA em janeiro\u201d, declarou a Diretoria do clube.<\/span><\/p>\n<\/blockquote>\n<p style=\"text-align: justify;\"><span style=\"font-family: georgia, palatino, serif; font-size: 14pt;\"><strong><u>Veja a nota oficial divulgada pela empresa organizadora do evento<\/u><\/strong><\/span><\/p>\n<blockquote>\n<p style=\"text-align: justify;\"><span style=\"font-size: 14pt;\"><em>Fomos informados nesta sexta-feira pela dire\u00e7\u00e3o do Santos FC que optou por n\u00e3o participar do Orlando Cup &#8211; Pro Series e decidiu n\u00e3o realizar sua pr\u00e9-temporada nos Estados Unidos. Essa decis\u00e3o nos pegou de surpresa, especialmente considerando que estamos organizando o evento desde julho, em conjunto com patrocinadores, emissoras e na estrutura\u00e7\u00e3o log\u00edstica das tr\u00eas equipes convidadas, incluindo a defini\u00e7\u00e3o dos est\u00e1dios para os jogos. Essa \u00e9 uma organiza\u00e7\u00e3o que demanda meses de planejamento e dedica\u00e7\u00e3o, n\u00e3o sendo algo que se construa em poucos dias ou semanas.<\/em><\/span><\/p>\n<p style=\"text-align: justify;\"><span style=\"font-size: 14pt;\"><em>O Santos FC foi convidado em agosto e aceitou prontamente o convite para participar do Orlando Cup &#8211; Pro Series. Desde ent\u00e3o, participamos de diversas reuni\u00f5es e atendemos a todas as demandas apresentadas. Todas as solicita\u00e7\u00f5es foram atendidas, incluindo reservas em hot\u00e9is escolhidos pelo clube e a compra das passagens a\u00e9reas.<\/em><\/span><\/p>\n<p style=\"text-align: justify;\"><span style=\"font-size: 14pt;\"><em>\u00c9 importante destacar que h\u00e1 um contrato firmado entre as partes, com cl\u00e1usulas de multa rescis\u00f3ria. No entanto, o preju\u00edzo causado pela desist\u00eancia vai al\u00e9m do valor financeiro estipulado, afetando a credibilidade e a percep\u00e7\u00e3o de comprometimento no mercado do futebol.<\/em><\/span><\/p>\n<p style=\"text-align: justify;\"><span style=\"font-size: 14pt;\"><em>Informamos ainda aos torcedores do Santos que adquiriram ingressos para os jogos do clube que o reembolso ser\u00e1 feito diretamente pela plataforma da Ticketmaster.<\/em><\/span><\/p>\n<p style=\"text-align: justify;\"><span style=\"font-size: 14pt;\"><em>Gostar\u00edamos de reconhecer e agradecer ao Fortaleza EC, liderado pelo CEO Marcelo Paz, que manteve seu compromisso e confirmou sua participa\u00e7\u00e3o no Orlando Cup &#8211; Pro Series. Demonstrando vis\u00e3o estrat\u00e9gica e profissionalismo, o clube entende a import\u00e2ncia da internacionaliza\u00e7\u00e3o da marca e do cumprimento de sua palavra. Al\u00e9m do Fortaleza, o Miami United tamb\u00e9m est\u00e1 confirmado para o evento. Em breve, anunciaremos a terceira equipe da Am\u00e9rica do Norte que substituir\u00e1 o Santos FC na competi\u00e7\u00e3o.<\/em><\/span><\/p>\n<p style=\"text-align: justify;\"><span style=\"font-size: 14pt;\"><em>Agradecemos a compreens\u00e3o de todos e refor\u00e7amos nosso compromisso em oferecer um evento de alto n\u00edvel para atletas, clubes e torcedores no Orlando Cup &#8211; Pro Series.<\/em><\/span><\/p>\n<\/blockquote>\n<p>&nbsp;<\/p>\n<p><span style=\"text-decoration: underline;\"><strong><span style=\"font-size: 14pt;\">Pitacos do Bertoldi<\/span><\/strong><\/span><\/p>\n<div class=\"x11i5rnm xat24cr x1mh8g0r x1vvkbs xtlvy1s x126k92a\">\n<div dir=\"auto\" style=\"text-align: justify;\"><span style=\"font-family: tahoma, arial, helvetica, sans-serif; font-size: 14pt;\">Desde que eu soube que o Santos Futebol Clube, havia aceito esse convite para participar desse torneio nos Estados Unidos, minha opini\u00e3o foi contr\u00e1ria!<\/span><\/div>\n<div dir=\"auto\" style=\"text-align: justify;\"><span style=\"font-family: tahoma, arial, helvetica, sans-serif; font-size: 14pt;\">Tratava-se de uma exposi\u00e7\u00e3o que seria muito interessante e ben\u00e9fica ao Clube, caso o Santos tivesse um treinador e um elenco j\u00e1 definidos, e n\u00e3o fosse prejudicar os trabalhos de pr\u00e9 temporada da equipe!<\/span><\/div>\n<div dir=\"auto\" style=\"text-align: justify;\"><\/div>\n<div dir=\"auto\" style=\"text-align: justify;\"><span style=\"font-family: tahoma, arial, helvetica, sans-serif; font-size: 14pt;\"> A probabilidade de arranhar ainda mais, a j\u00e1 arranhada a imagem do Santos, seria muito grande!<\/span><\/div>\n<div dir=\"auto\" style=\"text-align: justify;\"><span style=\"font-family: tahoma, arial, helvetica, sans-serif; font-size: 14pt;\">Por isso eu era contra a participa\u00e7\u00e3o nesse torneio!<\/span><\/div>\n<\/div>\n<div class=\"x11i5rnm xat24cr x1mh8g0r x1vvkbs xtlvy1s x126k92a\" style=\"text-align: justify;\">\n<div dir=\"auto\"><span style=\"font-family: tahoma, arial, helvetica, sans-serif; font-size: 14pt;\">Agora: Desistir de participar de um torneio j\u00e1 organizado e contando com a participa\u00e7\u00e3o do Santos Futebol Clube, em cima da hora, aos 45 do segundo tempo, \u00e9 coisa de time de saco e bola, e n\u00e3o condiz com a grandeza e hist\u00f3ria do Santos!<\/span><\/div>\n<div dir=\"auto\"><\/div>\n<div dir=\"auto\"><span style=\"font-family: tahoma, arial, helvetica, sans-serif; font-size: 14pt;\">Sinceramente? N\u00e3o sei o que \u00e9 pior: Ter ido para um torneio sem sequer ter um time definido, e correr o risco de tomar pancada e virar chacota tamb\u00e9m l\u00e1 fora, ou ter feito essa palha\u00e7ada de desistir de participar do torneio, praticamente \u00e0s portas de seu in\u00edcio!<\/span><\/div>\n<div dir=\"auto\"><\/div>\n<div dir=\"auto\"><span style=\"font-family: tahoma, arial, helvetica, sans-serif; font-size: 14pt;\">Volto a dizer: Eu n\u00e3o teria aceito o convite desde o come\u00e7o, e as raz\u00f5es s\u00e3o \u00f3bvias!<\/span><br \/>\n<span style=\"font-family: tahoma, arial, helvetica, sans-serif; font-size: 14pt;\"> Por\u00e9m uma vez tendo aceito, n\u00e3o se pode jamais desistir de participar, em cima da hora!<\/span><br \/>\n<span style=\"font-family: tahoma, arial, helvetica, sans-serif; font-size: 14pt;\"> At\u00e9 em torneio da V\u00e1rzea, \u00e9 preciso se ter respeito com os organizadores! Quanto mais em um torneio Internacional<\/span><\/p>\n<div>\n<div class=\"xv55zj0 x1vvkbs x1rg5ohu xxymvpz\">\n<div class=\"xmjcpbm x1tlxs6b x1g8br2z x1gn5b1j x230xth x9f619 xzsf02u x1rg5ohu xdj266r x11i5rnm xat24cr x1mh8g0r x193iq5w x1mzt3pk x1n2onr6 xeaf4i8 x13faqbe\">\n<div class=\"xwib8y2 xn6708d x1ye3gou x1y1aw1k\">\n<div class=\"x1lliihq xjkvuk6 x1iorvi4\">\n<div class=\"xdj266r x11i5rnm xat24cr x1mh8g0r x1vvkbs\">\n<div dir=\"auto\"><span style=\"font-family: tahoma, arial, helvetica, sans-serif; font-size: 14pt;\">S\u00f3 sei de uma coisa: Pobre Santos! O que fizeram e continuam fazendo com a sua imagem!<\/span><\/div>\n<\/div>\n<\/div>\n<\/div>\n<\/div>\n<\/div>\n<\/div>\n<\/div>\n<\/div>\n<p style=\"text-align: justify;\"><span style=\"font-family: tahoma, arial, helvetica, sans-serif; font-size: 14pt;\">(Cr\u00e9dito: Imagem: Foto L\u00e9o Souza\/Estad\u00e3o)<\/span><\/p>\n<p style=\"text-align: justify;\"><span style=\"font-family: tahoma, arial, helvetica, sans-serif; font-size: 14pt;\">Falamos das coisas do Santos, sempre com a parceria e o apoio dos nossos anunciantes!<\/span><\/p>\n","protected":false},"excerpt":{"rendered":"<p>Al\u00f4 Na\u00e7\u00e3o Santista! Sauda\u00e7\u00f5es Alvinegras! O Santos Futebol Clube, optou por cancelar a pr\u00e9-temporada que faria na Fl\u00f3rida nos Estados<\/p>\n","protected":false},"author":2,"featured_media":6638,"comment_status":"open","ping_status":"open","sticky":false,"template":"","format":"standard","meta":{"colormag_page_container_layout":"default_layout","colormag_page_sidebar_layout":"default_layout","_jetpack_memberships_contains_paid_content":false,"footnotes":""},"categories":[4,13,34],"tags":[6],"class_list":["post-6637","post","type-post","status-publish","format-standard","has-post-thumbnail","hentry","category-bastidores-do-santos-fc","category-presidencia","category-trabalhos-de-pre-temporada","tag-santos-fc"],"jetpack_featured_media_url":"https:\/\/i0.wp.com\/sergiobertoldi.com\/wp-content\/uploads\/2024\/12\/K3DRWC24EZHDZLTYPFNU52H5ZE-JPG.jpg?fit=1200%2C800&ssl=1","jetpack_likes_enabled":true,"jetpack_sharing_enabled":true,"_links":{"self":[{"href":"https:\/\/sergiobertoldi.com\/index.php\/wp-json\/wp\/v2\/posts\/6637","targetHints":{"allow":["GET"]}}],"collection":[{"href":"https:\/\/sergiobertoldi.com\/index.php\/wp-json\/wp\/v2\/posts"}],"about":[{"href":"https:\/\/sergiobertoldi.com\/index.php\/wp-json\/wp\/v2\/types\/post"}],"author":[{"embeddable":true,"href":"https:\/\/sergiobertoldi.com\/index.php\/wp-json\/wp\/v2\/users\/2"}],"replies":[{"embeddable":true,"href":"https:\/\/sergiobertoldi.com\/index.php\/wp-json\/wp\/v2\/comments?post=6637"}],"version-history":[{"count":4,"href":"https:\/\/sergiobertoldi.com\/index.php\/wp-json\/wp\/v2\/posts\/6637\/revisions"}],"predecessor-version":[{"id":6642,"href":"https:\/\/sergiobertoldi.com\/index.php\/wp-json\/wp\/v2\/posts\/6637\/revisions\/6642"}],"wp:featuredmedia":[{"embeddable":true,"href":"https:\/\/sergiobertoldi.com\/index.php\/wp-json\/wp\/v2\/media\/6638"}],"wp:attachment":[{"href":"https:\/\/sergiobertoldi.com\/index.php\/wp-json\/wp\/v2\/media?parent=6637"}],"wp:term":[{"taxonomy":"category","embeddable":true,"href":"https:\/\/sergiobertoldi.com\/index.php\/wp-json\/wp\/v2\/categories?post=6637"},{"taxonomy":"post_tag","embeddable":true,"href":"https:\/\/sergiobertoldi.com\/index.php\/wp-json\/wp\/v2\/tags?post=6637"}],"curies":[{"name":"wp","href":"https:\/\/api.w.org\/{rel}","templated":true}]}}