{"id":6624,"date":"2024-12-26T10:00:29","date_gmt":"2024-12-26T13:00:29","guid":{"rendered":"https:\/\/sergiobertoldi.com\/?p=6624"},"modified":"2024-12-28T20:16:30","modified_gmt":"2024-12-28T23:16:30","slug":"pedro-caixinha-conheceu-as-instalacoes-do-santos-futebol-clube","status":"publish","type":"post","link":"https:\/\/sergiobertoldi.com\/index.php\/2024\/12\/26\/pedro-caixinha-conheceu-as-instalacoes-do-santos-futebol-clube\/","title":{"rendered":"Pedro Caixinha conheceu as instala\u00e7\u00f5es do Santos Futebol Clube"},"content":{"rendered":"<p><span style=\"font-family: helvetica, arial, sans-serif; font-size: 14pt;\"><strong><u>Al\u00f4 Na\u00e7\u00e3o Santista! Sauda\u00e7\u00f5es Alvinegras!<\/u><\/strong><\/span><\/p>\n<p style=\"text-align: justify;\"><span style=\"font-family: tahoma, arial, helvetica, sans-serif; font-size: 14pt;\">Pedro Caixinha j\u00e1 conheceu as instala\u00e7\u00f5es do Est\u00e1dio <strong>Urbano Caldeira<\/strong>, a famosa <strong>Vila Belmiro<\/strong>, assim como o <strong>CT Rei Pel\u00e9<\/strong>. Ap\u00f3s ser anunciado como novo treinador do Santos, ele visitou o Centro de Treinamento santista na manh\u00e3 desta quinta-feira (26), de dezembro de 2024.<\/span><\/p>\n<p><img data-recalc-dims=\"1\" loading=\"lazy\" decoding=\"async\" class=\"alignnone wp-image-6632\" src=\"https:\/\/i0.wp.com\/sergiobertoldi.com\/wp-content\/uploads\/2024\/12\/54228161796_8af44df40f_z.jpg?resize=360%2C240&#038;ssl=1\" alt=\"\" width=\"360\" height=\"240\" srcset=\"https:\/\/i0.wp.com\/sergiobertoldi.com\/wp-content\/uploads\/2024\/12\/54228161796_8af44df40f_z.jpg?resize=300%2C200&amp;ssl=1 300w, https:\/\/i0.wp.com\/sergiobertoldi.com\/wp-content\/uploads\/2024\/12\/54228161796_8af44df40f_z.jpg?w=640&amp;ssl=1 640w\" sizes=\"auto, (max-width: 360px) 100vw, 360px\" \/> <img data-recalc-dims=\"1\" loading=\"lazy\" decoding=\"async\" class=\"alignnone wp-image-6633\" src=\"https:\/\/i0.wp.com\/sergiobertoldi.com\/wp-content\/uploads\/2024\/12\/54228390398_d8d8388698_z.jpg?resize=360%2C240&#038;ssl=1\" alt=\"\" width=\"360\" height=\"240\" srcset=\"https:\/\/i0.wp.com\/sergiobertoldi.com\/wp-content\/uploads\/2024\/12\/54228390398_d8d8388698_z.jpg?resize=300%2C200&amp;ssl=1 300w, https:\/\/i0.wp.com\/sergiobertoldi.com\/wp-content\/uploads\/2024\/12\/54228390398_d8d8388698_z.jpg?w=640&amp;ssl=1 640w\" sizes=\"auto, (max-width: 360px) 100vw, 360px\" \/><\/p>\n<p style=\"text-align: justify;\"><span style=\"font-family: tahoma, arial, helvetica, sans-serif; font-size: 14pt;\">Durante a visita, Caixinha foi recebido pelo presidente <strong>Marcelo Teixeira<\/strong>, pelo CEO <strong>Pedro Martins<\/strong> e por outros dirigentes do clube, onde teve a oportunidade de conhecer a infraestrutura do clube e discutir seus planos para a pr\u00f3xima temporada.<\/span><\/p>\n<p><img data-recalc-dims=\"1\" loading=\"lazy\" decoding=\"async\" class=\"alignnone wp-image-6625\" src=\"https:\/\/i0.wp.com\/sergiobertoldi.com\/wp-content\/uploads\/2024\/12\/54228391048_f7917ef6b5_z.jpg?resize=360%2C288&#038;ssl=1\" alt=\"\" width=\"360\" height=\"288\" srcset=\"https:\/\/i0.wp.com\/sergiobertoldi.com\/wp-content\/uploads\/2024\/12\/54228391048_f7917ef6b5_z.jpg?resize=300%2C240&amp;ssl=1 300w, https:\/\/i0.wp.com\/sergiobertoldi.com\/wp-content\/uploads\/2024\/12\/54228391048_f7917ef6b5_z.jpg?w=640&amp;ssl=1 640w\" sizes=\"auto, (max-width: 360px) 100vw, 360px\" \/> <img data-recalc-dims=\"1\" loading=\"lazy\" decoding=\"async\" class=\"alignnone wp-image-6626\" src=\"https:\/\/i0.wp.com\/sergiobertoldi.com\/wp-content\/uploads\/2024\/12\/54228402204_44a963d2df_z.jpg?resize=360%2C288&#038;ssl=1\" alt=\"\" width=\"360\" height=\"288\" srcset=\"https:\/\/i0.wp.com\/sergiobertoldi.com\/wp-content\/uploads\/2024\/12\/54228402204_44a963d2df_z.jpg?resize=300%2C240&amp;ssl=1 300w, https:\/\/i0.wp.com\/sergiobertoldi.com\/wp-content\/uploads\/2024\/12\/54228402204_44a963d2df_z.jpg?w=640&amp;ssl=1 640w\" sizes=\"auto, (max-width: 360px) 100vw, 360px\" \/><\/p>\n<p style=\"text-align: justify;\"><span style=\"font-family: tahoma, arial, helvetica, sans-serif; font-size: 14pt;\"><strong>Caixinha<\/strong> expressou sua satisfa\u00e7\u00e3o em representar um clube com a grandeza do Santos e destacou a import\u00e2ncia de conhecer as condi\u00e7\u00f5es de trabalho e as pessoas envolvidas no projeto.<\/span><br \/>\n<span style=\"font-family: tahoma, arial, helvetica, sans-serif; font-size: 14pt;\">O comandante Santista mencionou que est\u00e1 ansioso para come\u00e7ar a trabalhar e preparar a equipe para os desafios da pr\u00f3xima temporada!<\/span><\/p>\n<blockquote>\n<p style=\"text-align: justify;\"><span style=\"font-family: tahoma, arial, helvetica, sans-serif; font-size: 14pt;\">\u201c<span style=\"font-family: georgia, palatino, serif;\">\u00c9 grande prazer representar um clube com esta grandeza. Todos sabemos que o Santos \u00e9 de dimens\u00e3o mundial por aquilo que foi criado no passado e por aquela figura m\u00e1xima que representa o Rei Pel\u00e9. Agora \u00e9 tempo de voltarmos ao trabalho. Estamos aqui para conhecer toda a infraestrutura, conhecer tamb\u00e9m as pessoas, fazermos a nossa avalia\u00e7\u00e3o e come\u00e7amos a fazer aquilo que \u00e9 a prepara\u00e7\u00e3o, que \u00e9 o mais importante para o quanto antes, assim que definirmos o regresso aos trabalhos, j\u00e1 termos toda essa informa\u00e7\u00e3o e come\u00e7amos a trabalhar com a m\u00e1xima intensidade poss\u00edvel\u201d,<\/span> afirmou o treinador.<\/span><\/p>\n<p style=\"text-align: justify;\"><span style=\"font-family: tahoma, arial, helvetica, sans-serif; font-size: 14pt;\">Caixinha ainda afirmou: <span style=\"font-family: georgia, palatino, serif;\">&#8220;O que me trouxe aqui foi, obviamente, aquilo que \u00e9 a hist\u00f3ria do Santos&#8230; O t\u00e9cnico tamb\u00e9m mencionou que deseja que a torcida se sinta orgulhosa do trabalho que ser\u00e1 realizado<\/span><\/span><\/p>\n<\/blockquote>\n<p style=\"text-align: justify;\"><span style=\"font-family: tahoma, arial, helvetica, sans-serif; font-size: 14pt;\"><strong><u>Acompanhe Como foi a chegada do novo treinador do Santos Pedro Caixinha<\/u><\/strong><\/span><\/p>\n<div class=\"jetpack-video-wrapper\"><iframe loading=\"lazy\" title=\"PEDRO CAIXINHA \u00c9 O NOVO TREINADOR DO SANTOS FC\" width=\"800\" height=\"450\" src=\"https:\/\/www.youtube.com\/embed\/6GjyEO8upjk?start=19&#038;feature=oembed\" frameborder=\"0\" allow=\"accelerometer; autoplay; clipboard-write; encrypted-media; gyroscope; picture-in-picture; web-share\" referrerpolicy=\"strict-origin-when-cross-origin\" allowfullscreen><\/iframe><\/div>\n<p style=\"text-align: justify;\"><span style=\"font-family: tahoma, arial, helvetica, sans-serif; font-size: 14pt;\">(Cr\u00e9dito: Imagem: \u00a0Bruno Vaz\/Santos FC)<br \/>\n<\/span><span style=\"font-family: tahoma, arial, helvetica, sans-serif; font-size: 14pt;\">(Cr\u00e9dito: Imagem: SantosTV\/Divulga\u00e7\u00e3o\/Santos FC)<\/span><\/p>\n<p style=\"text-align: justify;\"><span style=\"font-family: tahoma, arial, helvetica, sans-serif; font-size: 14pt;\">Falamos das coisas do Santos, sempre com a parceria e o apoio dos nossos anunciantes!<\/span><\/p>\n<p style=\"text-align: justify;\">\n","protected":false},"excerpt":{"rendered":"<p>Al\u00f4 Na\u00e7\u00e3o Santista! Sauda\u00e7\u00f5es Alvinegras! Pedro Caixinha j\u00e1 conheceu as instala\u00e7\u00f5es do Est\u00e1dio Urbano Caldeira, a famosa Vila Belmiro, assim<\/p>\n","protected":false},"author":2,"featured_media":6634,"comment_status":"open","ping_status":"open","sticky":false,"template":"","format":"standard","meta":{"colormag_page_container_layout":"default_layout","colormag_page_sidebar_layout":"default_layout","_jetpack_memberships_contains_paid_content":false,"footnotes":""},"categories":[4,30,32],"tags":[6],"class_list":["post-6624","post","type-post","status-publish","format-standard","has-post-thumbnail","hentry","category-bastidores-do-santos-fc","category-contratacoes","category-treinador-santista","tag-santos-fc"],"jetpack_featured_media_url":"https:\/\/i0.wp.com\/sergiobertoldi.com\/wp-content\/uploads\/2024\/12\/54228401989_d6246613b7_c-e1735427691892.jpg?fit=570%2C456&ssl=1","jetpack_likes_enabled":true,"jetpack_sharing_enabled":true,"_links":{"self":[{"href":"https:\/\/sergiobertoldi.com\/index.php\/wp-json\/wp\/v2\/posts\/6624","targetHints":{"allow":["GET"]}}],"collection":[{"href":"https:\/\/sergiobertoldi.com\/index.php\/wp-json\/wp\/v2\/posts"}],"about":[{"href":"https:\/\/sergiobertoldi.com\/index.php\/wp-json\/wp\/v2\/types\/post"}],"author":[{"embeddable":true,"href":"https:\/\/sergiobertoldi.com\/index.php\/wp-json\/wp\/v2\/users\/2"}],"replies":[{"embeddable":true,"href":"https:\/\/sergiobertoldi.com\/index.php\/wp-json\/wp\/v2\/comments?post=6624"}],"version-history":[{"count":7,"href":"https:\/\/sergiobertoldi.com\/index.php\/wp-json\/wp\/v2\/posts\/6624\/revisions"}],"predecessor-version":[{"id":6636,"href":"https:\/\/sergiobertoldi.com\/index.php\/wp-json\/wp\/v2\/posts\/6624\/revisions\/6636"}],"wp:featuredmedia":[{"embeddable":true,"href":"https:\/\/sergiobertoldi.com\/index.php\/wp-json\/wp\/v2\/media\/6634"}],"wp:attachment":[{"href":"https:\/\/sergiobertoldi.com\/index.php\/wp-json\/wp\/v2\/media?parent=6624"}],"wp:term":[{"taxonomy":"category","embeddable":true,"href":"https:\/\/sergiobertoldi.com\/index.php\/wp-json\/wp\/v2\/categories?post=6624"},{"taxonomy":"post_tag","embeddable":true,"href":"https:\/\/sergiobertoldi.com\/index.php\/wp-json\/wp\/v2\/tags?post=6624"}],"curies":[{"name":"wp","href":"https:\/\/api.w.org\/{rel}","templated":true}]}}