{"id":6604,"date":"2024-12-05T13:03:58","date_gmt":"2024-12-05T16:03:58","guid":{"rendered":"https:\/\/sergiobertoldi.com\/?p=6604"},"modified":"2024-12-07T10:17:55","modified_gmt":"2024-12-07T13:17:55","slug":"conheca-quem-sao-os-meninos-da-vila-que-representarao-o-santos-na-copinha-sao-paulo","status":"publish","type":"post","link":"https:\/\/sergiobertoldi.com\/index.php\/2024\/12\/05\/conheca-quem-sao-os-meninos-da-vila-que-representarao-o-santos-na-copinha-sao-paulo\/","title":{"rendered":"Conhe\u00e7a quem s\u00e3o os Meninos da Vila que representar\u00e3o o Santos na Copinha S\u00e3o Paulo"},"content":{"rendered":"<p style=\"text-align: justify;\"><span style=\"font-family: helvetica, arial, sans-serif; font-size: 14pt;\"><strong><u>Al\u00f4 Na\u00e7\u00e3o Santista! Sauda\u00e7\u00f5es Alvinegras!<\/u><\/strong><\/span><\/p>\n<p style=\"text-align: justify;\"><span style=\"font-family: tahoma, arial, helvetica, sans-serif; font-size: 14pt;\">O Santos divulgou a lista dos <strong>30<\/strong> jogadores inscritos para a <strong>Copa S\u00e3o Paulo de Futebol J\u00fanior de 2025<\/strong>.<\/span><br \/>\n<span style=\"font-family: tahoma, arial, helvetica, sans-serif; font-size: 14pt;\">Entre os destaques est\u00e3o os atacantes <strong>Enzo Monteiro<\/strong> e <strong>Mateus Xavier<\/strong>, que j\u00e1 atuaram pela equipe na S\u00e9rie B do Brasileir\u00e3o.<\/span><br \/>\n<span style=\"font-family: tahoma, arial, helvetica, sans-serif; font-size: 14pt;\">O meia <strong>Bernardo<\/strong>, que j\u00e1 treinou com o elenco principal, tamb\u00e9m esta na lista, assim como o goleiro <strong>Jo\u00e3o Pedro<\/strong> e o zagueiro <strong>Samuel<\/strong>.<\/span><\/p>\n<p style=\"text-align: justify;\"><span style=\"font-family: tahoma, arial, helvetica, sans-serif; font-size: 14pt;\">Duas aus\u00eancias not\u00e1veis, ser\u00e3o os atacantes <strong>Luca Meirelles<\/strong>, destaque do <strong>sub-17<\/strong>, que deve ser integrado ao grupo profissional no in\u00edcio da pr\u00f3xima temporada, e o meia boliviano <strong>Miguelito<\/strong><\/span><br \/>\n<span style=\"font-family: tahoma, arial, helvetica, sans-serif; font-size: 14pt;\">Por outro lado, o jovem atacante <strong>Nadson<\/strong>, de apenas 15 anos, (O mais jovem da lista) considerado como uma das joias da Coroa Santista, foi inscrito na Copinha.<\/span><\/p>\n<p><span style=\"font-family: tahoma, arial, helvetica, sans-serif; font-size: 14pt;\">Outro garoto do time do Santos, considerado uma atra\u00e7\u00e3o nessa Copinha, que certamente vai despertar a curiosidade e expectativa do torcedor Santista, \u00e9 o filho do ex-jogador <strong>Robinho<\/strong>, <strong>Robson de Souza J\u00fanior<\/strong>, de 17 anos, tamb\u00e9m conhecido como <strong>Juninho<br \/>\n<\/strong>Na \u00faltima edi\u00e7\u00e3o do torneio, <strong>13<\/strong> atletas que est\u00e3o na lista defenderam o Peixe. Na ocasi\u00e3o, o Cruzeiro eliminou o clube nas oitavas de final. \u00a0<\/span><\/p>\n<p style=\"text-align: justify;\"><span style=\"font-family: tahoma, arial, helvetica, sans-serif; font-size: 14pt;\">O t\u00e9cnico <strong>Leandro Zago<\/strong> far\u00e1 sua estreia oficial como treinador da categoria <strong>Sub-20<\/strong>, dirigindo o time na<strong> Copa S\u00e3o Paulo de Juniores<\/strong>, sua primeira competi\u00e7\u00e3o na base Santista.<\/span><br \/>\n<span style=\"font-family: tahoma, arial, helvetica, sans-serif; font-size: 14pt;\">O treinador chegou ao clube em outubro, ap\u00f3s o encerramento do calend\u00e1rio da equipe e foi o respons\u00e1vel por comandar o time de aspirantes no Campeonato Brasileiro da categoria, al\u00e9m de ter dirigido o time profissional na <strong>38\u00aa<\/strong> rodada do Campeonato Brasileiro da <strong>S\u00e9rie-B<\/strong><\/span><\/p>\n<p style=\"text-align: justify;\"><span style=\"text-decoration: underline;\"><strong><span style=\"font-family: tahoma, arial, helvetica, sans-serif; font-size: 14pt;\">Aqui est\u00e1 a lista completa dos inscritos:<\/span><\/strong><\/span><\/p>\n<p><img data-recalc-dims=\"1\" loading=\"lazy\" decoding=\"async\" class=\"aligncenter wp-image-6605\" src=\"https:\/\/i0.wp.com\/sergiobertoldi.com\/wp-content\/uploads\/2024\/12\/Captura_de_tela_2024-12-06_164810_upscaled.png?resize=550%2C665&#038;ssl=1\" alt=\"\" width=\"550\" height=\"665\" srcset=\"https:\/\/i0.wp.com\/sergiobertoldi.com\/wp-content\/uploads\/2024\/12\/Captura_de_tela_2024-12-06_164810_upscaled.png?resize=847%2C1024&amp;ssl=1 847w, https:\/\/i0.wp.com\/sergiobertoldi.com\/wp-content\/uploads\/2024\/12\/Captura_de_tela_2024-12-06_164810_upscaled.png?resize=248%2C300&amp;ssl=1 248w, https:\/\/i0.wp.com\/sergiobertoldi.com\/wp-content\/uploads\/2024\/12\/Captura_de_tela_2024-12-06_164810_upscaled.png?resize=768%2C928&amp;ssl=1 768w, https:\/\/i0.wp.com\/sergiobertoldi.com\/wp-content\/uploads\/2024\/12\/Captura_de_tela_2024-12-06_164810_upscaled.png?w=1236&amp;ssl=1 1236w\" sizes=\"auto, (max-width: 550px) 100vw, 550px\" \/><\/p>\n<p><span style=\"font-family: tahoma, arial, helvetica, sans-serif; font-size: 14pt;\">O Santos est\u00e1 no Grupo 7 da competi\u00e7\u00e3o, ao lado de <\/span><strong style=\"font-family: tahoma, arial, helvetica, sans-serif; font-size: 14pt;\">Ferrovi\u00e1ria-SP<\/strong><span style=\"font-family: tahoma, arial, helvetica, sans-serif; font-size: 14pt;\">, <\/span><strong style=\"font-family: tahoma, arial, helvetica, sans-serif; font-size: 14pt;\">Jaciob\u00e1-AL<\/strong><span style=\"font-family: tahoma, arial, helvetica, sans-serif; font-size: 14pt;\"> e <\/span><strong style=\"font-family: tahoma, arial, helvetica, sans-serif; font-size: 14pt;\">Tirol-CE<\/strong><span style=\"font-family: tahoma, arial, helvetica, sans-serif; font-size: 14pt;\">, com sede em Araraquara.<\/span><\/p>\n<p style=\"text-align: justify;\"><span style=\"font-family: tahoma, arial, helvetica, sans-serif; font-size: 14pt;\">Os Meninos da Vila, tamb\u00e9m chamados de \u201cPeixinhos\u201d, buscam o quarto t\u00edtulo da competi\u00e7\u00e3o, tendo vencido anteriormente em <strong>1984<\/strong>, <strong>2013<\/strong> e <strong>2014<\/strong>.<\/span><\/p>\n<p style=\"text-align: justify;\"><span style=\"font-family: tahoma, arial, helvetica, sans-serif; font-size: 14pt;\">(Cr\u00e9dito: Imagem: Assessoria de imprensa da FPF\/Divulga\u00e7\u00e3o)<br \/>\n<\/span><span style=\"font-family: tahoma, arial, helvetica, sans-serif; font-size: 14pt;\">(Cr\u00e9dito: Imagem: Bruno Vaz \/ Santos FC)<\/span><\/p>\n<p style=\"text-align: justify;\"><span style=\"font-family: tahoma, arial, helvetica, sans-serif; font-size: 14pt;\">Falamos das coisas do Santos, sempre com a parceria e o apoio dos nossos anunciantes!<\/span><\/p>\n<p>&nbsp;<\/p>\n","protected":false},"excerpt":{"rendered":"<p>Al\u00f4 Na\u00e7\u00e3o Santista! Sauda\u00e7\u00f5es Alvinegras! O Santos divulgou a lista dos 30 jogadores inscritos para a Copa S\u00e3o Paulo de<\/p>\n","protected":false},"author":2,"featured_media":6606,"comment_status":"open","ping_status":"open","sticky":false,"template":"","format":"standard","meta":{"colormag_page_container_layout":"default_layout","colormag_page_sidebar_layout":"default_layout","_jetpack_memberships_contains_paid_content":false,"footnotes":""},"categories":[7,27],"tags":[6],"class_list":["post-6604","post","type-post","status-publish","format-standard","has-post-thumbnail","hentry","category-base-santista","category-copa-sao-paulo-de-juniores","tag-santos-fc"],"jetpack_featured_media_url":"https:\/\/i0.wp.com\/sergiobertoldi.com\/wp-content\/uploads\/2024\/12\/FORMATO-NOVO-CAPA-2024-12-04T110436.053.png?fit=765%2C530&ssl=1","jetpack_likes_enabled":true,"jetpack_sharing_enabled":true,"_links":{"self":[{"href":"https:\/\/sergiobertoldi.com\/index.php\/wp-json\/wp\/v2\/posts\/6604","targetHints":{"allow":["GET"]}}],"collection":[{"href":"https:\/\/sergiobertoldi.com\/index.php\/wp-json\/wp\/v2\/posts"}],"about":[{"href":"https:\/\/sergiobertoldi.com\/index.php\/wp-json\/wp\/v2\/types\/post"}],"author":[{"embeddable":true,"href":"https:\/\/sergiobertoldi.com\/index.php\/wp-json\/wp\/v2\/users\/2"}],"replies":[{"embeddable":true,"href":"https:\/\/sergiobertoldi.com\/index.php\/wp-json\/wp\/v2\/comments?post=6604"}],"version-history":[{"count":4,"href":"https:\/\/sergiobertoldi.com\/index.php\/wp-json\/wp\/v2\/posts\/6604\/revisions"}],"predecessor-version":[{"id":6614,"href":"https:\/\/sergiobertoldi.com\/index.php\/wp-json\/wp\/v2\/posts\/6604\/revisions\/6614"}],"wp:featuredmedia":[{"embeddable":true,"href":"https:\/\/sergiobertoldi.com\/index.php\/wp-json\/wp\/v2\/media\/6606"}],"wp:attachment":[{"href":"https:\/\/sergiobertoldi.com\/index.php\/wp-json\/wp\/v2\/media?parent=6604"}],"wp:term":[{"taxonomy":"category","embeddable":true,"href":"https:\/\/sergiobertoldi.com\/index.php\/wp-json\/wp\/v2\/categories?post=6604"},{"taxonomy":"post_tag","embeddable":true,"href":"https:\/\/sergiobertoldi.com\/index.php\/wp-json\/wp\/v2\/tags?post=6604"}],"curies":[{"name":"wp","href":"https:\/\/api.w.org\/{rel}","templated":true}]}}