{"id":6590,"date":"2024-11-18T10:00:24","date_gmt":"2024-11-18T13:00:24","guid":{"rendered":"https:\/\/sergiobertoldi.com\/?p=6590"},"modified":"2024-12-03T18:34:38","modified_gmt":"2024-12-03T21:34:38","slug":"santos-vai-realizar-pre-temporada-de-2025-nos-estados-unidos","status":"publish","type":"post","link":"https:\/\/sergiobertoldi.com\/index.php\/2024\/11\/18\/santos-vai-realizar-pre-temporada-de-2025-nos-estados-unidos\/","title":{"rendered":"Santos vai realizar pr\u00e9-temporada de 2025 nos Estados Unidos"},"content":{"rendered":"<div dir=\"auto\"><span style=\"font-family: helvetica, arial, sans-serif; font-size: 14pt;\"><strong><u>Al\u00f4 Na\u00e7\u00e3o Santista! Sauda\u00e7\u00f5es Alvinegras!<\/u><\/strong><\/span><\/div>\n<div dir=\"auto\"><\/div>\n<div dir=\"auto\" style=\"text-align: justify;\"><span style=\"font-family: tahoma, arial, helvetica, sans-serif; font-size: 14pt;\">O Santos Futebol Clube anunciou, no ultimo dia (18), que disputar\u00e1 a <strong>Orlando Cup<\/strong> &#8211; <strong>Pro Series<\/strong>, torneio de pr\u00e9-temporada que ser\u00e1 realizado nos <strong>Estados Unidos<\/strong>!<\/span><\/div>\n<div dir=\"auto\" style=\"text-align: justify;\"><span style=\"font-family: tahoma, arial, helvetica, sans-serif; font-size: 14pt;\">A primeira edi\u00e7\u00e3o do torneio, ocorrer\u00e1 entre os dias <strong>11<\/strong> e <strong>19<\/strong> de <strong>janeiro<\/strong>, com presen\u00e7a confirmada das equipes do <strong>Santos<\/strong>, <strong>Fortaleza<\/strong> e <strong>Atl\u00e9tico Nacional<\/strong>, da Col\u00f4mbia.<\/span><\/div>\n<div dir=\"auto\"><\/div>\n<div dir=\"auto\"><img data-recalc-dims=\"1\" loading=\"lazy\" decoding=\"async\" class=\"aligncenter wp-image-6592\" src=\"https:\/\/i0.wp.com\/sergiobertoldi.com\/wp-content\/uploads\/2024\/12\/COLLAB-SANTOS-2.png?resize=350%2C438&#038;ssl=1\" alt=\"\" width=\"350\" height=\"438\" srcset=\"https:\/\/i0.wp.com\/sergiobertoldi.com\/wp-content\/uploads\/2024\/12\/COLLAB-SANTOS-2.png?resize=819%2C1024&amp;ssl=1 819w, https:\/\/i0.wp.com\/sergiobertoldi.com\/wp-content\/uploads\/2024\/12\/COLLAB-SANTOS-2.png?resize=240%2C300&amp;ssl=1 240w, https:\/\/i0.wp.com\/sergiobertoldi.com\/wp-content\/uploads\/2024\/12\/COLLAB-SANTOS-2.png?resize=768%2C960&amp;ssl=1 768w, https:\/\/i0.wp.com\/sergiobertoldi.com\/wp-content\/uploads\/2024\/12\/COLLAB-SANTOS-2.png?w=1080&amp;ssl=1 1080w\" sizes=\"auto, (max-width: 350px) 100vw, 350px\" \/><\/div>\n<div dir=\"auto\" style=\"text-align: justify;\"><span style=\"font-family: tahoma, arial, helvetica, sans-serif; font-size: 14pt;\">A primeira partida do Santos est\u00e1 marcada para o dia <strong>11<\/strong> de <strong>janeiro<\/strong>, s\u00e1bado, \u00e0s 20 horas (hor\u00e1rio de Bras\u00edlia), no <strong>Inter&amp;Co Stadium<\/strong>, em <strong>Orlando<\/strong> contra o <strong>Atl\u00e9tico Nacional<\/strong>.<br \/>\nTr\u00eas dias depois, <strong>14<\/strong> de <strong>janeiro<\/strong>, ter\u00e7a-feira, \u00e0s 22 horas, a equipe encara o <strong>Fortaleza <\/strong>no<strong> Osceola County Stadium, <\/strong>em<strong> Kissimmee.<\/strong><\/span><\/div>\n<div dir=\"auto\" style=\"text-align: justify;\"><span style=\"font-family: tahoma, arial, helvetica, sans-serif; font-size: 14pt;\">O Alvinegro Praiano embarcar\u00e1 para os <strong>EUA<\/strong> no dia <strong>4<\/strong> de <strong>janeiro<\/strong> e retornar\u00e1 ao Brasil no dia <strong>16<\/strong> de <strong>janeiro<\/strong> de <strong>2025<\/strong>, ficando quase duas semanas em <strong>Orlando<\/strong>, no estado da Fl\u00f3rida.<\/span><\/div>\n<div dir=\"auto\"><\/div>\n<div dir=\"auto\" style=\"text-align: justify;\"><span style=\"font-family: tahoma, arial, helvetica, sans-serif; font-size: 14pt;\">De acordo com o Presidente <strong>Marcelo Teixeira<\/strong>, participar desse torneio ser\u00e1 uma oportunidade importante para o Santos em seu projeto de recupera\u00e7\u00e3o da visibilidade internacional do clube, um dos objetivos e motivos pelos quais o Santos aceitou o convite para disputar esse torneio de pr\u00e9-temporada nos Estados Unidos!<\/span><\/div>\n<div dir=\"auto\" style=\"text-align: justify;\"><span style=\"font-family: tahoma, arial, helvetica, sans-serif; font-size: 14pt;\">Perfeito! At\u00e9 a\u00ed, acho realmente uma oportunidade que clube nenhum deve desperdi\u00e7ar!<\/span><\/div>\n<div dir=\"auto\"><\/div>\n<div dir=\"auto\"><\/div>\n<div dir=\"auto\" style=\"text-align: justify;\"><span style=\"text-decoration: underline;\"><span style=\"font-family: georgia, palatino, serif;\"><strong><span style=\"font-size: 14pt;\">PITACOS DO BERTOLDI<\/span><\/strong><\/span><\/span><\/div>\n<div dir=\"auto\" style=\"text-align: justify;\"><span style=\"font-family: tahoma, arial, helvetica, sans-serif; font-size: 14pt;\">Ent\u00e3o vamos l\u00e1: A quest\u00e3o \u00e9 uma s\u00f3: <\/span><span style=\"font-family: tahoma, arial, helvetica, sans-serif; font-size: 14pt;\">De que maneira o <strong>Santos Futebol Clube<\/strong> pretende recuperar sua visibilidade internacional, fazendo o papel de \u201cSaco de Pancadas\u201d?<\/span><\/div>\n<div dir=\"auto\" style=\"text-align: justify;\"><span style=\"font-family: tahoma, arial, helvetica, sans-serif; font-size: 14pt;\">Ou algu\u00e9m duvida que isso ir\u00e1 ocorrer, se analisarmos que nesse atual momento, o Santos n\u00e3o tem treinador, n\u00e3o tem um elenco definido, n\u00e3o sabe com quais jogadores que est\u00e3o retornando de empr\u00e9stimo, vai contar, dispensar ou negociar, n\u00e3o sabe do elenco que terminou 2024, quem fica e quem sai, n\u00e3o tem nomes de poss\u00edveis refor\u00e7os definidos, nada!<\/span><\/div>\n<div dir=\"auto\"><\/div>\n<div dir=\"auto\" style=\"text-align: justify;\"><span style=\"font-family: tahoma, arial, helvetica, sans-serif; font-size: 14pt;\">Que tipo de expectativa a respeito de sua imagem, o Santos espera causar, indo para um torneio que na melhor e mais otimista das hip\u00f3teses, ir\u00e1 disputar com um time rec\u00e9m-formado e um treinador tamb\u00e9m rec\u00e9m chegado!<\/span><\/div>\n<div dir=\"auto\"><\/div>\n<div dir=\"auto\" style=\"text-align: justify;\"><span style=\"font-family: tahoma, arial, helvetica, sans-serif; font-size: 14pt;\">Me desculpem mas por esse cen\u00e1rio atual em que se encontram as coisas no Santos, a probabilidade de manchar a imagem do clube, me parece bem maior do que conseguir qualquer recupera\u00e7\u00e3o da visibilidade internacional do Clube!<\/span><\/div>\n<div dir=\"auto\" style=\"text-align: justify;\"><span style=\"font-family: tahoma, arial, helvetica, sans-serif; font-size: 14pt;\">Sinceramente? Eu n\u00e3o arriscaria arranhar a imagem do clube, indo participar de um torneio sem estarmos minimamente preparados!<\/span><\/div>\n<div dir=\"auto\">\n<p><span style=\"font-family: tahoma, arial, helvetica, sans-serif; font-size: 14pt;\">(Cr\u00e9dito: Imagem: Raul Baretta\/Santos FC)<\/span><\/p>\n<p><span style=\"font-family: tahoma, arial, helvetica, sans-serif; font-size: 14pt;\">Falamos das coisas do Santos, sempre com a parceria e o apoio dos nossos anunciantes!<\/span><\/p>\n<\/div>\n","protected":false},"excerpt":{"rendered":"<p>Al\u00f4 Na\u00e7\u00e3o Santista! Sauda\u00e7\u00f5es Alvinegras! O Santos Futebol Clube anunciou, no ultimo dia (18), que disputar\u00e1 a Orlando Cup &#8211;<\/p>\n","protected":false},"author":2,"featured_media":6591,"comment_status":"open","ping_status":"open","sticky":false,"template":"","format":"standard","meta":{"colormag_page_container_layout":"default_layout","colormag_page_sidebar_layout":"default_layout","_jetpack_memberships_contains_paid_content":false,"footnotes":""},"categories":[4,66,10,34],"tags":[6],"class_list":["post-6590","post","type-post","status-publish","format-standard","has-post-thumbnail","hentry","category-bastidores-do-santos-fc","category-chaves-e-adversarios","category-elenco-profissional","category-trabalhos-de-pre-temporada","tag-santos-fc"],"jetpack_featured_media_url":"https:\/\/i0.wp.com\/sergiobertoldi.com\/wp-content\/uploads\/2024\/12\/download.jpg?fit=1000%2C563&ssl=1","jetpack_likes_enabled":true,"jetpack_sharing_enabled":true,"_links":{"self":[{"href":"https:\/\/sergiobertoldi.com\/index.php\/wp-json\/wp\/v2\/posts\/6590","targetHints":{"allow":["GET"]}}],"collection":[{"href":"https:\/\/sergiobertoldi.com\/index.php\/wp-json\/wp\/v2\/posts"}],"about":[{"href":"https:\/\/sergiobertoldi.com\/index.php\/wp-json\/wp\/v2\/types\/post"}],"author":[{"embeddable":true,"href":"https:\/\/sergiobertoldi.com\/index.php\/wp-json\/wp\/v2\/users\/2"}],"replies":[{"embeddable":true,"href":"https:\/\/sergiobertoldi.com\/index.php\/wp-json\/wp\/v2\/comments?post=6590"}],"version-history":[{"count":4,"href":"https:\/\/sergiobertoldi.com\/index.php\/wp-json\/wp\/v2\/posts\/6590\/revisions"}],"predecessor-version":[{"id":6596,"href":"https:\/\/sergiobertoldi.com\/index.php\/wp-json\/wp\/v2\/posts\/6590\/revisions\/6596"}],"wp:featuredmedia":[{"embeddable":true,"href":"https:\/\/sergiobertoldi.com\/index.php\/wp-json\/wp\/v2\/media\/6591"}],"wp:attachment":[{"href":"https:\/\/sergiobertoldi.com\/index.php\/wp-json\/wp\/v2\/media?parent=6590"}],"wp:term":[{"taxonomy":"category","embeddable":true,"href":"https:\/\/sergiobertoldi.com\/index.php\/wp-json\/wp\/v2\/categories?post=6590"},{"taxonomy":"post_tag","embeddable":true,"href":"https:\/\/sergiobertoldi.com\/index.php\/wp-json\/wp\/v2\/tags?post=6590"}],"curies":[{"name":"wp","href":"https:\/\/api.w.org\/{rel}","templated":true}]}}