{"id":6481,"date":"2024-09-28T20:30:15","date_gmt":"2024-09-28T23:30:15","guid":{"rendered":"https:\/\/sergiobertoldi.com\/?p=6481"},"modified":"2024-10-05T20:30:39","modified_gmt":"2024-10-05T23:30:39","slug":"santos-vence-operario-na-vila-e-assume-lideranca-da-serie-b","status":"publish","type":"post","link":"https:\/\/sergiobertoldi.com\/index.php\/2024\/09\/28\/santos-vence-operario-na-vila-e-assume-lideranca-da-serie-b\/","title":{"rendered":"Santos vence Oper\u00e1rio na Vila e assume lideran\u00e7a da S\u00e9rie B"},"content":{"rendered":"<p><span style=\"font-family: helvetica, arial, sans-serif; font-size: 14pt;\"><strong><u>Al\u00f4 Na\u00e7\u00e3o Santista! Sauda\u00e7\u00f5es Alvinegras!<\/u><\/strong><\/span><\/p>\n<p style=\"text-align: justify;\"><span style=\"font-family: tahoma, arial, helvetica, sans-serif; font-size: 14pt;\">Jogando pela <strong>29\u00aa<\/strong> rodada do Campeonato Brasileiro da S\u00e9rie B, o Santos derrotou o <strong>Oper\u00e1rio<\/strong> por 1 a 0 neste s\u00e1bado \u00e0 tarde, no est\u00e1dio da Vila Belmiro!<\/span><\/p>\n<p style=\"text-align: justify;\"><span style=\"font-family: tahoma, arial, helvetica, sans-serif; font-size: 14pt;\">O Alvinegro de Vila Belmiro garantiu a vit\u00f3ria ainda no primeiro tempo, com uma jogada iniciada pelo atacante <strong>Guilherme<\/strong> pela esquerda, que resultou em um gol de <strong>Giuliano<\/strong> dentro da \u00e1rea.<\/span><\/p>\n<p style=\"text-align: justify;\"><span style=\"font-family: tahoma, arial, helvetica, sans-serif; font-size: 14pt;\">Na segunda etapa, o time da casa administrou a vantagem contra um Oper\u00e1rio, que praticamente n\u00e3o levou perigo a meta do Goleiro Gabriel Bras\u00e3o, vit\u00f3ria importante que devolveu ainda que temporariamente, a lideran\u00e7a da segunda divis\u00e3o.<\/span><\/p>\n<p style=\"text-align: justify;\"><span style=\"font-family: tahoma, arial, helvetica, sans-serif; font-size: 14pt;\">O Santos tem a segunda melhor campanha do segundo turno do Campeonato Brasileiro da S\u00e9rie-B!<br \/>\n<\/span><span style=\"font-family: tahoma, arial, helvetica, sans-serif; font-size: 14pt;\">Nas <strong>10<\/strong> primeiras rodadas do segundo turno, foram cinco vit\u00f3rias, quatro empates e uma derrota, somando <strong>12<\/strong> gols a favor e seis, contra. Ou seja, <strong>19<\/strong> pontos dos <strong>30<\/strong> poss\u00edveis, resultando em um aproveitamento de <strong>63,3%.<\/strong><\/span><\/p>\n<p style=\"text-align: justify;\"><span style=\"font-family: tahoma, arial, helvetica, sans-serif; font-size: 14pt;\">O Santos volta a campo na pr\u00f3xima segunda-feira, quando visita o Goi\u00e1s, pela <strong>30\u00aa <\/strong>rodada da S\u00e9rie B do Campeonato Brasileiro.<br \/>\nA bola rola no gramado da Serrinha, em Goi\u00e2nia (GO), a partir das 21 horas.<\/span><\/p>\n<p style=\"text-align: justify;\"><span style=\"font-size: 14pt;\"><strong><u>FICHA T\u00c9CNICA<br \/>\n<\/u><\/strong><\/span><span style=\"font-size: 14pt;\"><strong><u>SANTOS <\/u><\/strong><span style=\"font-family: tahoma, arial, helvetica, sans-serif;\"><strong><u>1<\/u><\/strong><\/span><strong><u> X <\/u><\/strong><span style=\"font-family: tahoma, arial, helvetica, sans-serif;\"><strong><u>0<\/u><\/strong><\/span><strong><u> OPER\u00c1RIO-PR<\/u><\/strong><\/span><\/p>\n<p style=\"text-align: justify;\"><span style=\"font-size: 14pt;\"><strong>Data<\/strong>: <span style=\"font-family: tahoma, arial, helvetica, sans-serif;\">28<\/span> de setembro de <span style=\"font-family: tahoma, arial, helvetica, sans-serif;\">2024<\/span>, s\u00e1bado<br \/>\n<\/span><span style=\"font-size: 14pt;\"><strong>Hor\u00e1rio<\/strong>: <span style=\"font-family: tahoma, arial, helvetica, sans-serif;\">18<\/span>h (de Bras\u00edlia)<br \/>\n<\/span><span style=\"font-size: 14pt;\"><strong>Local<\/strong>: Vila Viva Sorte, em Santos (SP)<br \/>\n<\/span><span style=\"font-size: 14pt;\"><strong>\u00c1rbitro<\/strong>: Jonathan Benkenstein Pinheiro (RS)<br \/>\n<\/span><span style=\"font-size: 14pt;\"><strong>Assistentes<\/strong>: Tiago Augusto Kappes Diel (RS) e Schumacher Marques Gomes (PB)<br \/>\n<\/span><span style=\"font-size: 14pt;\"><strong>VAR<\/strong>: Pablo Ramon Gon\u00e7alves Pinheiro (RN)<br \/>\n<\/span><span style=\"font-size: 14pt;\"><strong>P\u00fablico total<\/strong>: <span style=\"font-family: tahoma, arial, helvetica, sans-serif;\">9.938<\/span> pessoas<br \/>\n<\/span><span style=\"font-size: 14pt;\"><strong>Renda:<\/strong> R$ <span style=\"font-family: tahoma, arial, helvetica, sans-serif;\">455.995,00<\/span><br \/>\n<\/span><span style=\"font-size: 14pt;\"><strong>Cart\u00f5es amarelos<\/strong>: Vin\u00edcius Diniz (Oper\u00e1rio)<br \/>\n<\/span><span style=\"font-size: 14pt;\"><strong>Gols<\/strong>: Giuliano, aos <span style=\"font-family: tahoma, arial, helvetica, sans-serif;\">21<\/span> do <span style=\"font-family: tahoma, arial, helvetica, sans-serif;\">1<\/span>\u00baT (Santos)<\/span><\/p>\n<p style=\"text-align: justify;\"><span style=\"font-size: 14pt;\"><strong><u>SANTOS:<\/u><\/strong> Gabriel Braz\u00e3o; JP Chermont, Jair, Gil e Escobar; Jo\u00e3o Schmidt, Diego Pituca e Giuliano (Rinc\u00f3n); Otero (Laquintana), Guilherme (Pedrinho) e Wendel Silva (Julio Furch)\u00a0<\/span><span style=\"font-size: 14pt;\">T\u00e9cnico: F\u00e1bio Carille<\/span><\/p>\n<p style=\"text-align: justify;\"><span style=\"font-size: 14pt;\"><strong><u>OPER\u00c1RIO-PR:<\/u><\/strong> Gabriel Mesquita; Thales Oleques, Allan God\u00f3i (Marco Ant\u00f4nio), Willian Machado e Gabriel Feliciano; \u00cdndio (Rodrigo Lindoso), Vin\u00edcius Diniz (Jacy) e Boschilia (Felipe Augusto); Rodrigo Rodrigues, Ronald e Ronaldo (Nathan Foga\u00e7a)\u00a0<\/span><span style=\"font-size: 14pt;\">T\u00e9cnico: Rafael Guanaes<\/span><\/p>\n<p style=\"text-align: justify;\">\n<p style=\"text-align: justify;\"><span style=\"font-size: 14pt;\"><img data-recalc-dims=\"1\" loading=\"lazy\" decoding=\"async\" class=\"size-full wp-image-5917 alignleft\" src=\"https:\/\/i0.wp.com\/sergiobertoldi.com\/wp-content\/uploads\/2024\/01\/Bola-Cheia-copia-150x60-1.png?resize=150%2C60&#038;ssl=1\" alt=\"\" width=\"150\" height=\"60\" \/> <strong><u>Diego Pituca<\/u><\/strong> \u00a0<span style=\"font-family: tahoma, arial, helvetica, sans-serif;\">Contribuiu significativamente para o contr<\/span><\/span><span style=\"font-family: tahoma, arial, helvetica, sans-serif;\">ole do meio-campo, apareceu bem na arma\u00e7\u00e3o de jogadas ofensivas, auxiliou na recomposi\u00e7\u00e3o defensiva e ajudou a manter a posse de bola a favor do Santos.<\/span><\/p>\n<p style=\"text-align: justify;\"><strong><u><img data-recalc-dims=\"1\" loading=\"lazy\" decoding=\"async\" class=\" wp-image-5918 alignnone\" src=\"https:\/\/i0.wp.com\/sergiobertoldi.com\/wp-content\/uploads\/2024\/01\/Bola-Murcha-Copia-150x60-1.png?resize=150%2C60&#038;ssl=1\" alt=\"\" width=\"150\" height=\"60\" \/><\/u>\u00a0 \u00a0 <span style=\"text-decoration: underline;\"><span style=\"font-size: 14pt;\">JP Chermont<\/span><\/span><\/strong>: <span style=\"font-family: tahoma, arial, helvetica, sans-serif; font-size: 14pt;\">O jogador que retornou a titularidade da lateral direita do Peixe ap\u00f3s um per\u00edodo de treinos na Sele\u00e7\u00e3o Brasileira-Sub-20, teve uma atua\u00e7\u00e3o muito ruim. Cometeu erros tanto no ataque quanto na defesa, sendo um dos piores jogadores do Santos na partida.<\/span><\/p>\n<p style=\"text-align: justify;\"><span style=\"font-size: 14pt;\"><strong><u>PITACOS DO BERTOLDI<\/u><\/strong><\/span><\/p>\n<p style=\"text-align: justify;\"><span style=\"font-size: 14pt;\">O confronto entre Santos e Oper\u00e1rio-PR, realizado na Vila Belmiro, partida que foi disputada sob um clima de expectativa, devido a press\u00e3o pela obriga\u00e7\u00e3o de uma vit\u00f3ria por parte dos donos da casa, n\u00e3o apresentou grandes desafios para o Santos que conseguiu manter o controle do jogo durante a maior parte do tempo, conseguindo vencer seu advers\u00e1rio, por\u00e9m com uma vit\u00f3ria apertada por 1 a 0.<\/span><\/p>\n<p style=\"text-align: justify;\"><span style=\"font-size: 14pt;\">O destaque positivo do Santos foi Giuliano, que marcou o \u00fanico gol da partida ainda no primeiro tempo, ap\u00f3s uma excelente jogada de Guilherme pelo lado esquerdo do ataque. Giuliano mostrou-se decisivo e oportunista, aproveitando a chance para colocar sua equipe \u00e0 frente no placar.<\/span><\/p>\n<p style=\"text-align: justify;\"><span style=\"font-size: 14pt;\">Por outro lado, apesar da vit\u00f3ria, nem todos os jogadores tiveram uma atua\u00e7\u00e3o destacada. Sem citar nomes espec\u00edficos, houve momentos em que o desempenho de alguns atletas n\u00e3o esteve \u00e0 altura do esperado, com passes errados e falta de sincronia em algumas jogadas.<br \/>\nEsses aspectos s\u00e3o pontos que merecem mais aten\u00e7\u00e3o por parte do t\u00e9cnico F\u00e1bio Carille, acertos que ter\u00e1 que fazer visando as pr\u00f3ximas partidas.<br \/>\n<\/span><span style=\"font-size: 14pt;\">No geral, o Santos novamente demonstrou solidez defensiva, mas inefici\u00eancia no ataque, que mais uma vez ficou devendo!<\/span><\/p>\n<p style=\"text-align: justify;\"><span style=\"font-size: 14pt;\">Ao t\u00e9rmino da partida, mesmo com a vit\u00f3ria do Santos o torcedor do Alvinegro Praiano n\u00e3o poupou o T\u00e9cnico F\u00e1bio Carille que deixou o gramado junto ao seu auxiliar, debaixo de vaias, xingamentos e ofensas!<br \/>\n<\/span><span style=\"font-size: 14pt;\">Atitude lament\u00e1vel e completamente irracional e inexplic\u00e1vel, perante a campanha que o time est\u00e1 realizando!<\/span><\/p>\n<p><img data-recalc-dims=\"1\" loading=\"lazy\" decoding=\"async\" class=\"aligncenter wp-image-6482 size-full\" src=\"https:\/\/i0.wp.com\/sergiobertoldi.com\/wp-content\/uploads\/2024\/10\/54028900298_f8bee82908_z.jpg?resize=640%2C512&#038;ssl=1\" alt=\"\" width=\"640\" height=\"512\" srcset=\"https:\/\/i0.wp.com\/sergiobertoldi.com\/wp-content\/uploads\/2024\/10\/54028900298_f8bee82908_z.jpg?w=640&amp;ssl=1 640w, https:\/\/i0.wp.com\/sergiobertoldi.com\/wp-content\/uploads\/2024\/10\/54028900298_f8bee82908_z.jpg?resize=300%2C240&amp;ssl=1 300w\" sizes=\"auto, (max-width: 640px) 100vw, 640px\" \/><\/p>\n<p style=\"text-align: justify;\"><span style=\"font-size: 14pt;\">O momento n\u00e3o \u00e9 para o que est\u00e3o fazendo, infelizmente o torcedor Santista, tem sido negativamente influenciado por integrantes da Imprensa Esportiva da cidade, pseudos jornalistas que vivem do Santos mas de \u201cSantistas\u201d n\u00e3o tem nada!<\/span><\/p>\n<p style=\"text-align: justify;\"><span style=\"font-size: 14pt;\">Jogam descaradamente a torcida do Santos contra o treinador, insuflando o torcedor Santista a pedir a demiss\u00e3o do treinador e a n\u00e3o renova\u00e7\u00e3o do contrato do mesmo, independente da campanha do time! \u00c9 uma vergonha o papel que est\u00e3o fazendo!\u00a0\u00a0<\/span><\/p>\n<p style=\"text-align: justify;\"><span style=\"font-size: 14pt;\"><strong><u>Confira os gols do Santos<\/u><\/strong><\/span><\/p>\n<div class=\"jetpack-video-wrapper\"><iframe loading=\"lazy\" title=\"SANTOS  1 x 0 OPER\u00c1RIO-PR | GOL | BRASILEIRO B (28\/09\/24)\" width=\"800\" height=\"450\" src=\"https:\/\/www.youtube.com\/embed\/0x5DRuLxvAE?feature=oembed\" frameborder=\"0\" allow=\"accelerometer; autoplay; clipboard-write; encrypted-media; gyroscope; picture-in-picture; web-share\" referrerpolicy=\"strict-origin-when-cross-origin\" allowfullscreen><\/iframe><\/div>\n<p style=\"text-align: justify;\"><span style=\"font-size: 14pt;\"><strong><u>Confira os Bastidores da Partida<\/u><\/strong><\/span><\/p>\n<div class=\"jetpack-video-wrapper\"><iframe loading=\"lazy\" title=\"SANTOS 1 X 0 OPER\u00c1RIO-PR | BASTIDORES | BRASILEIR\u00c3O S\u00c9RIE B (28\/09\/24)\" width=\"800\" height=\"450\" src=\"https:\/\/www.youtube.com\/embed\/K5zQcysLF5I?feature=oembed\" frameborder=\"0\" allow=\"accelerometer; autoplay; clipboard-write; encrypted-media; gyroscope; picture-in-picture; web-share\" referrerpolicy=\"strict-origin-when-cross-origin\" allowfullscreen><\/iframe><\/div>\n<p style=\"text-align: justify;\"><span style=\"font-size: 14pt;\"><strong><u>Acompanhe a Coletiva de imprensa p\u00f3s jogo<\/u><\/strong><\/span><\/p>\n<div class=\"jetpack-video-wrapper\"><iframe loading=\"lazy\" title=\"F\u00c1BIO CARILLE | COLETIVA (28\/09\/24)\" width=\"800\" height=\"450\" src=\"https:\/\/www.youtube.com\/embed\/HjWQsqnCOTA?start=2&#038;feature=oembed\" frameborder=\"0\" allow=\"accelerometer; autoplay; clipboard-write; encrypted-media; gyroscope; picture-in-picture; web-share\" referrerpolicy=\"strict-origin-when-cross-origin\" allowfullscreen><\/iframe><\/div>\n<p style=\"text-align: justify;\"><span style=\"font-size: 14pt;\">(Cr\u00e9dito: Imagem: Raul Baretta\/Santos FC)<\/span><br \/>\n<span style=\"font-size: 14pt;\">(Cr\u00e9dito: Imagem: SantosTV\/Divulga\u00e7\u00e3o\/Santos FC)<\/span><\/p>\n<p style=\"text-align: justify;\"><span style=\"font-size: 14pt;\">Falamos das coisas do Santos, sempre com a parceria e o apoio dos nossos anunciantes!<\/span><\/p>\n","protected":false},"excerpt":{"rendered":"<p>Al\u00f4 Na\u00e7\u00e3o Santista! Sauda\u00e7\u00f5es Alvinegras! Jogando pela 29\u00aa rodada do Campeonato Brasileiro da S\u00e9rie B, o Santos derrotou o Oper\u00e1rio<\/p>\n","protected":false},"author":2,"featured_media":6483,"comment_status":"open","ping_status":"open","sticky":false,"template":"","format":"standard","meta":{"colormag_page_container_layout":"default_layout","colormag_page_sidebar_layout":"default_layout","_jetpack_memberships_contains_paid_content":false,"footnotes":""},"categories":[78,16],"tags":[6],"class_list":["post-6481","post","type-post","status-publish","format-standard","has-post-thumbnail","hentry","category-brasileiro-da-serie-b","category-resenha-do-jogo","tag-santos-fc"],"jetpack_featured_media_url":"https:\/\/i0.wp.com\/sergiobertoldi.com\/wp-content\/uploads\/2024\/10\/54028987280_2ea491e51e_z.jpg?fit=512%2C640&ssl=1","jetpack_likes_enabled":true,"jetpack_sharing_enabled":true,"_links":{"self":[{"href":"https:\/\/sergiobertoldi.com\/index.php\/wp-json\/wp\/v2\/posts\/6481","targetHints":{"allow":["GET"]}}],"collection":[{"href":"https:\/\/sergiobertoldi.com\/index.php\/wp-json\/wp\/v2\/posts"}],"about":[{"href":"https:\/\/sergiobertoldi.com\/index.php\/wp-json\/wp\/v2\/types\/post"}],"author":[{"embeddable":true,"href":"https:\/\/sergiobertoldi.com\/index.php\/wp-json\/wp\/v2\/users\/2"}],"replies":[{"embeddable":true,"href":"https:\/\/sergiobertoldi.com\/index.php\/wp-json\/wp\/v2\/comments?post=6481"}],"version-history":[{"count":1,"href":"https:\/\/sergiobertoldi.com\/index.php\/wp-json\/wp\/v2\/posts\/6481\/revisions"}],"predecessor-version":[{"id":6484,"href":"https:\/\/sergiobertoldi.com\/index.php\/wp-json\/wp\/v2\/posts\/6481\/revisions\/6484"}],"wp:featuredmedia":[{"embeddable":true,"href":"https:\/\/sergiobertoldi.com\/index.php\/wp-json\/wp\/v2\/media\/6483"}],"wp:attachment":[{"href":"https:\/\/sergiobertoldi.com\/index.php\/wp-json\/wp\/v2\/media?parent=6481"}],"wp:term":[{"taxonomy":"category","embeddable":true,"href":"https:\/\/sergiobertoldi.com\/index.php\/wp-json\/wp\/v2\/categories?post=6481"},{"taxonomy":"post_tag","embeddable":true,"href":"https:\/\/sergiobertoldi.com\/index.php\/wp-json\/wp\/v2\/tags?post=6481"}],"curies":[{"name":"wp","href":"https:\/\/api.w.org\/{rel}","templated":true}]}}