{"id":6428,"date":"2024-09-01T13:00:19","date_gmt":"2024-09-01T16:00:19","guid":{"rendered":"https:\/\/sergiobertoldi.com\/?p=6428"},"modified":"2024-09-04T00:07:48","modified_gmt":"2024-09-04T03:07:48","slug":"santos-acerta-contratacao-de-luan-peres-que-retorna-ao-clube-apos-3-anos-no-futebol-europeu","status":"publish","type":"post","link":"https:\/\/sergiobertoldi.com\/index.php\/2024\/09\/01\/santos-acerta-contratacao-de-luan-peres-que-retorna-ao-clube-apos-3-anos-no-futebol-europeu\/","title":{"rendered":"Santos acerta contrata\u00e7\u00e3o de Luan Peres que retorna ao clube ap\u00f3s 3 anos no Futebol Europeu"},"content":{"rendered":"<p><span style=\"font-family: helvetica, arial, sans-serif; font-size: 14pt;\"><strong><u>Al\u00f4 Na\u00e7\u00e3o Santista! Sauda\u00e7\u00f5es Alvinegras!<\/u><\/strong><\/span><\/p>\n<p style=\"text-align: justify;\"><span style=\"font-family: tahoma, arial, helvetica, sans-serif; font-size: 14pt;\">O Santos anunciou oficialmente a volta do zagueiro <strong>Luan Peres<\/strong>.<\/span><br \/>\n<span style=\"font-family: tahoma, arial, helvetica, sans-serif; font-size: 14pt;\">O jogador que atuou pelo Peixe entre <strong>2019<\/strong> e <strong>2021<\/strong>, retorna ao clube ap\u00f3s rescindir contrato com o <strong>Fenerbah\u00e7e<\/strong>, da Turquia, e assinou contrato com o Alvinegro Praiano at\u00e9 dezembro de 2027.<\/span><br \/>\n<span style=\"font-family: tahoma, arial, helvetica, sans-serif; font-size: 14pt;\">Luan Peres chega para ser mais uma op\u00e7\u00e3o para o treinador F\u00e1bio Carille, refor\u00e7ar o sistema defensivo do Santos.<\/span><\/p>\n<p style=\"text-align: justify;\"><span style=\"font-family: tahoma, arial, helvetica, sans-serif; font-size: 14pt;\">Embora o Santos tenha trabalhado r\u00e1pido nos bastidores, para fechar a contrata\u00e7\u00e3o e garantir a tempo h\u00e1bil, que o jogador tivesse seu nome aparecendo no Boletim Informativo Di\u00e1rio (<strong>BID<\/strong>) da <strong>CBF<\/strong> e com isso, legalmente liberado para reestrear pelo Peixe, \u00e9 muito prov\u00e1vel que o novo refor\u00e7o precisar\u00e1 de tempo para ganhar ritmo e brigar pela titularidade, principalmente por estar afastado dos gramados sem jogar jogos oficiais, desde agosto de <strong>2023<\/strong> pela Liga Europa, quando sofreu uma grave les\u00e3o no joelho direito!<\/span><br \/>\n<span style=\"font-family: tahoma, arial, helvetica, sans-serif; font-size: 14pt;\">Na pr\u00e9-temporada deste ano, o zagueiro voltou aos gramados no \u00faltimo dia <strong>10<\/strong> de <strong>julho<\/strong>, quando entrou em campo por apenas <strong>11 minutos<\/strong>, em um amistoso do <strong>Fenerbah\u00e7e<\/strong> contra o <strong>Hajduk Split <\/strong>da Cro\u00e1cia<\/span><\/p>\n<p style=\"text-align: justify;\"><span style=\"font-family: tahoma, arial, helvetica, sans-serif; font-size: 14pt;\">Portanto, o Santos deve ter muita cautela ao utiliz\u00e1-lo, mesmo porqu\u00ea, com a perman\u00eancia do zagueiro Jair que continua no elenco ap\u00f3s o clube recusar uma proposta do Porto, n\u00e3o h\u00e1 necessidade nem pressa em colocar o jogador em campo, sem a certeza de estar 100%<\/span><\/p>\n<p style=\"text-align: justify;\"><span style=\"font-family: tahoma, arial, helvetica, sans-serif; font-size: 14pt;\">(Cr\u00e9dito: Imagem: Raul Baretta\/Santos FC)<br \/>\n<\/span><span style=\"font-family: tahoma, arial, helvetica, sans-serif; font-size: 14pt;\">Falamos das coisas do Santos, sempre com a parceria e o apoio dos nossos anunciantes!<\/span><\/p>\n<p style=\"text-align: justify;\">\n","protected":false},"excerpt":{"rendered":"<p>Al\u00f4 Na\u00e7\u00e3o Santista! Sauda\u00e7\u00f5es Alvinegras! O Santos anunciou oficialmente a volta do zagueiro Luan Peres. O jogador que atuou pelo<\/p>\n","protected":false},"author":2,"featured_media":6429,"comment_status":"open","ping_status":"open","sticky":false,"template":"","format":"standard","meta":{"colormag_page_container_layout":"default_layout","colormag_page_sidebar_layout":"default_layout","_jetpack_memberships_contains_paid_content":false,"footnotes":""},"categories":[4,30],"tags":[6],"class_list":["post-6428","post","type-post","status-publish","format-standard","has-post-thumbnail","hentry","category-bastidores-do-santos-fc","category-contratacoes","tag-santos-fc"],"jetpack_featured_media_url":"https:\/\/i0.wp.com\/sergiobertoldi.com\/wp-content\/uploads\/2024\/09\/Luan-Peres-JPG.jpg?fit=1920%2C1079&ssl=1","jetpack_likes_enabled":true,"jetpack_sharing_enabled":true,"_links":{"self":[{"href":"https:\/\/sergiobertoldi.com\/index.php\/wp-json\/wp\/v2\/posts\/6428","targetHints":{"allow":["GET"]}}],"collection":[{"href":"https:\/\/sergiobertoldi.com\/index.php\/wp-json\/wp\/v2\/posts"}],"about":[{"href":"https:\/\/sergiobertoldi.com\/index.php\/wp-json\/wp\/v2\/types\/post"}],"author":[{"embeddable":true,"href":"https:\/\/sergiobertoldi.com\/index.php\/wp-json\/wp\/v2\/users\/2"}],"replies":[{"embeddable":true,"href":"https:\/\/sergiobertoldi.com\/index.php\/wp-json\/wp\/v2\/comments?post=6428"}],"version-history":[{"count":1,"href":"https:\/\/sergiobertoldi.com\/index.php\/wp-json\/wp\/v2\/posts\/6428\/revisions"}],"predecessor-version":[{"id":6430,"href":"https:\/\/sergiobertoldi.com\/index.php\/wp-json\/wp\/v2\/posts\/6428\/revisions\/6430"}],"wp:featuredmedia":[{"embeddable":true,"href":"https:\/\/sergiobertoldi.com\/index.php\/wp-json\/wp\/v2\/media\/6429"}],"wp:attachment":[{"href":"https:\/\/sergiobertoldi.com\/index.php\/wp-json\/wp\/v2\/media?parent=6428"}],"wp:term":[{"taxonomy":"category","embeddable":true,"href":"https:\/\/sergiobertoldi.com\/index.php\/wp-json\/wp\/v2\/categories?post=6428"},{"taxonomy":"post_tag","embeddable":true,"href":"https:\/\/sergiobertoldi.com\/index.php\/wp-json\/wp\/v2\/tags?post=6428"}],"curies":[{"name":"wp","href":"https:\/\/api.w.org\/{rel}","templated":true}]}}