{"id":6424,"date":"2024-08-27T11:00:29","date_gmt":"2024-08-27T14:00:29","guid":{"rendered":"https:\/\/sergiobertoldi.com\/?p=6424"},"modified":"2024-09-03T18:05:05","modified_gmt":"2024-09-03T21:05:05","slug":"santos-apresenta-wendel-silva-contratado-para-acabar-com-a-escassez-de-gols-do-ataque-peixeiro","status":"publish","type":"post","link":"https:\/\/sergiobertoldi.com\/index.php\/2024\/08\/27\/santos-apresenta-wendel-silva-contratado-para-acabar-com-a-escassez-de-gols-do-ataque-peixeiro\/","title":{"rendered":"Santos apresenta Wendel Silva contratado para acabar com a  escassez de gols do ataque Peixeiro"},"content":{"rendered":"<p><span style=\"font-family: helvetica, arial, sans-serif; font-size: 14pt;\"><strong><u>Al\u00f4 Na\u00e7\u00e3o Santista! Sauda\u00e7\u00f5es Alvinegras!<\/u><\/strong><\/span><\/p>\n<p style=\"text-align: justify;\"><span style=\"font-family: tahoma, arial, helvetica, sans-serif; font-size: 14pt;\">O Santos Futebol Clube apresentou nesta ter\u00e7a-feira (27), o atacante Wendel Silva, de 24 anos, contratado por empr\u00e9stimo junto ao Porto, de Portugal, com v\u00ednculo v\u00e1lido at\u00e9 julho de 2025.<\/span><br \/>\n<span style=\"font-family: tahoma, arial, helvetica, sans-serif; font-size: 14pt;\">Anunciado pelo Santos no \u00faltimo dia (19), o jogador j\u00e1 vinha treinando e inclusive j\u00e1 estreou pelo Peixe no empate por 0 a 0 contra o Amazonas na Vila Belmiro.<\/span><\/p>\n<p style=\"text-align: justify;\"><span style=\"font-family: tahoma, arial, helvetica, sans-serif; font-size: 14pt;\">O atacante <strong>Wendel Silva<\/strong>, apresentado por um dos maiores volantes e eterno \u00eddolo da hist\u00f3ria do Santos Futebol Clube, recebeu a camisa 19 das m\u00e3os de <strong>Clodoaldo Tavares Santana!<\/strong><\/span><\/p>\n<p><img data-recalc-dims=\"1\" loading=\"lazy\" decoding=\"async\" class=\"aligncenter wp-image-6425 size-full\" src=\"https:\/\/i0.wp.com\/sergiobertoldi.com\/wp-content\/uploads\/2024\/09\/53951227247_4cbee7e88b_z.jpg?resize=640%2C512&#038;ssl=1\" alt=\"\" width=\"640\" height=\"512\" srcset=\"https:\/\/i0.wp.com\/sergiobertoldi.com\/wp-content\/uploads\/2024\/09\/53951227247_4cbee7e88b_z.jpg?w=640&amp;ssl=1 640w, https:\/\/i0.wp.com\/sergiobertoldi.com\/wp-content\/uploads\/2024\/09\/53951227247_4cbee7e88b_z.jpg?resize=300%2C240&amp;ssl=1 300w\" sizes=\"auto, (max-width: 640px) 100vw, 640px\" \/><\/p>\n<p style=\"text-align: justify;\"><span style=\"font-family: tahoma, arial, helvetica, sans-serif; font-size: 14pt;\"><strong>Wendel da Silva Costa<\/strong>\u00a0(nascido em 2 de agosto de 2000), tem 24 anos, \u00e9 natural do Rio de Janeiro e iniciou sua carreira no <strong>Flamengo<\/strong>, onde se destacou na equipe <strong>sub-20<\/strong>, conquistando a <strong>Copa S\u00e3o Paulo de Futebol J\u00fanior <\/strong>e o<strong> Campeonato Brasileiro <\/strong>da categoria. Ap\u00f3s breve passagem pelos profissionais, o centroavante se transferiu para o futebol portugu\u00eas em <strong>2020<\/strong>.<\/span><\/p>\n<p style=\"text-align: justify;\"><span style=\"font-family: tahoma, arial, helvetica, sans-serif; font-size: 14pt;\">Em <strong>2020<\/strong>, Wendel seguiu para o <strong>Leix\u00f5es<\/strong>, clube da segunda divis\u00e3o de Portugal, onde atuou por duas temporadas, com um breve empr\u00e9stimo ao <strong>Covilh\u00e3<\/strong>.<br \/>\n<\/span><span style=\"font-family: tahoma, arial, helvetica, sans-serif; font-size: 14pt;\">Na temporada <strong>2022<\/strong>\/<strong>2023<\/strong>, o <strong>Porto<\/strong> adquiriu o atacante, que teve mais oportunidades pelo time B, onde na \u00faltima temporada fez <strong>31<\/strong> <strong>jogos<\/strong> e marcou <strong>18 gols<\/strong> na <strong>II Liga<\/strong> e na <strong>Ta\u00e7a de Portugal<\/strong>.<\/span><\/p>\n<p style=\"text-align: justify;\"><span style=\"font-family: tahoma, arial, helvetica, sans-serif; font-size: 14pt;\">Segundo Wendel, o pouco aproveitamento na equipe principal se deu porque havia muitos atacantes no Porto e o presidente lhe informou que o t\u00e9cnico n\u00e3o poderia promov\u00ea-lo devido a isso, ent\u00e3o ele buscou uma nova oportunidade.<br \/>\n<\/span><span style=\"font-family: tahoma, arial, helvetica, sans-serif; font-size: 14pt;\">O contrato de empr\u00e9stimo com o Santos \u00e9 de um ano, com uma cl\u00e1usula que d\u00e1 ao clube a prioridade de compra, desde que Wendel cumpra a meta de atuar em <strong>60%<\/strong> dos jogos e marcar <strong>15 <\/strong>gols no per\u00edodo.<\/span><\/p>\n<p style=\"text-align: justify;\"><span style=\"font-family: georgia, palatino, serif; font-size: 14pt;\"><strong><u>Acompanhe a Coletiva de apresenta\u00e7\u00e3o do jogador <span style=\"font-family: georgia, palatino, serif; font-size: 14pt;\">Wendel Silva<\/span><\/u><\/strong><\/span><\/p>\n<div class=\"jetpack-video-wrapper\"><iframe loading=\"lazy\" title=\"WENDEL SILVA | APRESENTA\u00c7\u00c3O (27\/08\/24)\" width=\"800\" height=\"450\" src=\"https:\/\/www.youtube.com\/embed\/t6uJmLm7Us8?start=535&#038;feature=oembed\" frameborder=\"0\" allow=\"accelerometer; autoplay; clipboard-write; encrypted-media; gyroscope; picture-in-picture; web-share\" referrerpolicy=\"strict-origin-when-cross-origin\" allowfullscreen><\/iframe><\/div>\n<p style=\"text-align: justify;\"><span style=\"font-family: tahoma, arial, helvetica, sans-serif; font-size: 14pt;\">\u00a0(Cr\u00e9dito: Imagem: Raul Baretta\/Santos FC)<br \/>\n<\/span><span style=\"font-family: tahoma, arial, helvetica, sans-serif; font-size: 14pt;\">\u00a0(Cr\u00e9dito: Imagem: SantosTV\/Divulga\u00e7\u00e3o\/Santos FC)<\/span><\/p>\n<p style=\"text-align: justify;\"><span style=\"font-family: tahoma, arial, helvetica, sans-serif; font-size: 14pt;\">Falamos das coisas do Santos, sempre com a parceria e o apoio dos nossos anunciantes!<\/span><\/p>\n<p style=\"text-align: justify;\">\n","protected":false},"excerpt":{"rendered":"<p>Al\u00f4 Na\u00e7\u00e3o Santista! Sauda\u00e7\u00f5es Alvinegras! O Santos Futebol Clube apresentou nesta ter\u00e7a-feira (27), o atacante Wendel Silva, de 24 anos,<\/p>\n","protected":false},"author":2,"featured_media":6426,"comment_status":"open","ping_status":"open","sticky":false,"template":"","format":"standard","meta":{"colormag_page_container_layout":"default_layout","colormag_page_sidebar_layout":"default_layout","_jetpack_memberships_contains_paid_content":false,"footnotes":""},"categories":[68,4,30],"tags":[6],"class_list":["post-6424","post","type-post","status-publish","format-standard","has-post-thumbnail","hentry","category-apresentacao-oficial","category-bastidores-do-santos-fc","category-contratacoes","tag-santos-fc"],"jetpack_featured_media_url":"https:\/\/i0.wp.com\/sergiobertoldi.com\/wp-content\/uploads\/2024\/09\/53952378368_cc83bd7103_z.jpg?fit=640%2C512&ssl=1","jetpack_likes_enabled":true,"jetpack_sharing_enabled":true,"_links":{"self":[{"href":"https:\/\/sergiobertoldi.com\/index.php\/wp-json\/wp\/v2\/posts\/6424","targetHints":{"allow":["GET"]}}],"collection":[{"href":"https:\/\/sergiobertoldi.com\/index.php\/wp-json\/wp\/v2\/posts"}],"about":[{"href":"https:\/\/sergiobertoldi.com\/index.php\/wp-json\/wp\/v2\/types\/post"}],"author":[{"embeddable":true,"href":"https:\/\/sergiobertoldi.com\/index.php\/wp-json\/wp\/v2\/users\/2"}],"replies":[{"embeddable":true,"href":"https:\/\/sergiobertoldi.com\/index.php\/wp-json\/wp\/v2\/comments?post=6424"}],"version-history":[{"count":1,"href":"https:\/\/sergiobertoldi.com\/index.php\/wp-json\/wp\/v2\/posts\/6424\/revisions"}],"predecessor-version":[{"id":6427,"href":"https:\/\/sergiobertoldi.com\/index.php\/wp-json\/wp\/v2\/posts\/6424\/revisions\/6427"}],"wp:featuredmedia":[{"embeddable":true,"href":"https:\/\/sergiobertoldi.com\/index.php\/wp-json\/wp\/v2\/media\/6426"}],"wp:attachment":[{"href":"https:\/\/sergiobertoldi.com\/index.php\/wp-json\/wp\/v2\/media?parent=6424"}],"wp:term":[{"taxonomy":"category","embeddable":true,"href":"https:\/\/sergiobertoldi.com\/index.php\/wp-json\/wp\/v2\/categories?post=6424"},{"taxonomy":"post_tag","embeddable":true,"href":"https:\/\/sergiobertoldi.com\/index.php\/wp-json\/wp\/v2\/tags?post=6424"}],"curies":[{"name":"wp","href":"https:\/\/api.w.org\/{rel}","templated":true}]}}