{"id":6418,"date":"2024-08-30T23:30:55","date_gmt":"2024-08-31T02:30:55","guid":{"rendered":"https:\/\/sergiobertoldi.com\/?p=6418"},"modified":"2024-09-02T23:25:41","modified_gmt":"2024-09-03T02:25:41","slug":"santos-abre-dois-gols-de-vantagem-joga-um-tempo-inteiro-com-um-jogador-a-mais-e-cede-empate-nos-segundos-finais-da-partida","status":"publish","type":"post","link":"https:\/\/sergiobertoldi.com\/index.php\/2024\/08\/30\/santos-abre-dois-gols-de-vantagem-joga-um-tempo-inteiro-com-um-jogador-a-mais-e-cede-empate-nos-segundos-finais-da-partida\/","title":{"rendered":"Santos abre dois gols de vantagem joga um tempo inteiro com um jogador a mais e cede empate nos segundos finais da partida"},"content":{"rendered":"<p><span style=\"font-family: helvetica, arial, sans-serif; font-size: 14pt;\"><strong><u>Al\u00f4 Na\u00e7\u00e3o Santista! Sauda\u00e7\u00f5es Alvinegras!<\/u><\/strong><\/span><\/p>\n<p style=\"text-align: justify;\"><span style=\"font-family: tahoma, arial, helvetica, sans-serif; font-size: 14pt;\">Na noite desta sexta-feira (30), o Santos voltou a decepcionar sua torcida, ao empatar com a Ponte Preta por 2 a 2, jogando em casa na Vila Belmiro, agora rebatizada de \u201dViva Sorte\u201d, pela 24\u00aa rodada da S\u00e9rie B do Brasileir\u00e3o.<\/span><\/p>\n<p style=\"text-align: justify;\"><span style=\"font-family: tahoma, arial, helvetica, sans-serif; font-size: 14pt;\">Apesar de abrir dois gols de vantagem no primeiro tempo, a equipe de F\u00e1bio Carille acabou sofrendo o gol de empate nos minutos finais, ap\u00f3s um erro de Rodrigo Ferreira. Giuliano e Basso marcaram para o Peixe, enquanto Jeh e Dod\u00f4 fizeram os gols da Macaca.<\/span><\/p>\n<p style=\"text-align: justify;\"><span style=\"font-family: tahoma, arial, helvetica, sans-serif; font-size: 14pt;\">O Peixe venceu apenas uma das cinco \u00faltimas partidas disputadas em casa, e tal sequ\u00eancia tirou o clube da lideran\u00e7a do campeonato. No fim da partida, a maioria dos quase 7 mil torcedores presentes no local, tentaram chegar at\u00e9 uma das portas que d\u00e1 acesso ao vesti\u00e1rio do Peixe, e o local precisou ser cercado pelo policiamento.<\/span><\/p>\n<p style=\"text-align: justify;\"><span style=\"font-family: tahoma, arial, helvetica, sans-serif; font-size: 14pt;\">Em entrevista ap\u00f3s o jogo, Carille disse entender as vaias da torcida e garantiu que tem boa rela\u00e7\u00e3o com a diretoria santista, al\u00e9m de afirmar que se sente bem no clube e que n\u00e3o ir\u00e1 pedir demiss\u00e3o<\/span><\/p>\n<p style=\"text-align: justify;\"><span style=\"font-family: tahoma, arial, helvetica, sans-serif; font-size: 14pt;\">De acordo com avalia\u00e7\u00e3o da comiss\u00e3o t\u00e9cnica, <strong>74 pontos<\/strong> ser\u00e3o necess\u00e1rios para uma equipe garantir o acesso e brigar pelo t\u00edtulo da S\u00e9rie B do Brasileir\u00e3o. Atualmente, o Peixe soma <strong>40 pontos<\/strong> e tem mais <strong>42<\/strong> a serem disputados nas <strong>14 rodadas restantes<\/strong>. Se vencer os pr\u00f3ximos sete jogos na Vila, ter\u00e1 um aproveitamento de <strong>76,6%<\/strong> em casa, o que \u00e9 abaixo dos <strong>81%<\/strong> calculados por Carille anteriormente.<\/span><\/p>\n<p style=\"text-align: justify;\"><span style=\"font-family: tahoma, arial, helvetica, sans-serif; font-size: 14pt;\">O Santos agora volta a campo somente no pr\u00f3ximo s\u00e1bado (7), pela 25\u00aa rodada da S\u00e9rie B do Campeonato Brasileiro, quando \u00e0s 16h (de Bras\u00edlia), encara fora de casa como visitante, a equipe do Brusque. A bola rola na Arena Joinville, em Santa Catarina.<\/span><\/p>\n<p style=\"text-align: justify;\"><span style=\"font-size: 14pt;\"><u><strong>FICHA T\u00c9CNICA<\/strong><br \/>\n<\/u><strong>SANTOS<\/strong> <span style=\"font-family: tahoma, arial, helvetica, sans-serif;\">2<\/span> <strong>X<\/strong> <span style=\"font-family: tahoma, arial, helvetica, sans-serif;\">2<\/span> <strong><u>PONTE PRETA<\/u><\/strong><\/span><\/p>\n<p style=\"text-align: justify;\"><span style=\"font-size: 14pt;\"><strong>Local:<\/strong> Vila Belmiro, em Santos (SP)<br \/>\n<\/span><span style=\"font-size: 14pt;\"><strong>Data:<\/strong> 30 de agosto de 2024 (sexta-feira)<br \/>\n<\/span><span style=\"font-size: 14pt;\"><strong>Hor\u00e1rio:<\/strong> \u00e0s 21h30 (de Bras\u00edlia)<br \/>\n<\/span><span style=\"font-size: 14pt;\"><strong>\u00c1rbitro:<\/strong> Savio Pereira Sampaio (DF)<br \/>\n<\/span><span style=\"font-size: 14pt;\"><strong>Assistentes:<\/strong> Lehi Sousa Silva (DF) e Lucas Costa Modesto (DF)<br \/>\n<\/span><span style=\"font-size: 14pt;\"><strong>VAR:<\/strong> Adriano De Assis Miranda (DF)<br \/>\n<\/span><span style=\"font-size: 14pt;\"><span style=\"background-color: #ffff00;\"><strong>Cart\u00f5es amarelos<\/strong><\/span>: Jeh, Elvis e Jo\u00e3o Gabriel (Ponte Preta)<br \/>\n<\/span><span style=\"font-size: 14pt;\"><span style=\"background-color: #ff0000;\"><strong>Cart\u00f5es vermelhos<\/strong><\/span>: Elvis (Ponte Preta)<br \/>\n<\/span><span style=\"font-size: 14pt;\"><strong>P\u00fablico<\/strong>: 6.946 torcedores<br \/>\n<\/span><span style=\"font-size: 14pt;\"><strong>Renda<\/strong>: R$ 275.725,00<br \/>\n<\/span><span style=\"font-size: 14pt;\"><strong>GOLS<\/strong>: Giuliano, aos 23&#8242; do 1\u00baT (Santos); Jo\u00e3o Basso, aos 32&#8242; do 1\u00baT (Santos); Jeh, aos 10&#8242; do 2\u00baT (Ponte Preta); Dod\u00f4, aos 45&#8242; do 2\u00baT (Ponte Preta)<\/span><\/p>\n<p style=\"text-align: justify;\"><span style=\"font-size: 14pt;\"><strong><u>SANTOS<\/u><\/strong>: Gabriel Braz\u00e3o; Hayner (JP Chermont), Jo\u00e3o Basso (Alex), Gil e Souza (Rodrigo Ferreira); Jo\u00e3o Schmidt, Diego Pituca e Giuliano (Billy Arce); Patati (Otero), Guilherme e Wendel Silva.\u00a0<\/span><span style=\"font-size: 14pt;\">T\u00e9cnico: F\u00e1bio Carille<\/span><\/p>\n<p style=\"text-align: justify;\"><span style=\"font-size: 14pt;\"><strong><u>PONTE PRETA<\/u><\/strong>: Pedro Rocha; Igor Inoc\u00eancio, Mateus Silva, Sergio Raphael e Gabriel Risso (Jo\u00e3o Gabriel); Hudson, Castro e Elvis; Iago Dias (Dod\u00f4), Gabriel Novaes (Matheus R\u00e9gis) e Jeh. T<\/span><span style=\"font-size: 14pt;\">\u00e9cnico: Nelsinho Baptista<\/span><\/p>\n<p style=\"text-align: justify;\"><img data-recalc-dims=\"1\" loading=\"lazy\" decoding=\"async\" class=\"size-full wp-image-5917 alignleft\" src=\"https:\/\/i0.wp.com\/sergiobertoldi.com\/wp-content\/uploads\/2024\/01\/Bola-Cheia-copia-150x60-1.png?resize=150%2C60&#038;ssl=1\" alt=\"\" width=\"150\" height=\"60\" \/>\u00a0<span style=\"font-size: 14pt;\"><strong><u>Wendel<\/u><\/strong><\/span> \u00a0<span style=\"font-family: tahoma, arial, helvetica, sans-serif; font-size: 14pt;\">Rec\u00e9m contratado, embora ainda care\u00e7a de mais entrosamento com os novos companheiros, o atacante teve uma \u00f3tima atua\u00e7\u00e3o pelo Santos,\u00a0 horas saindo da \u00e1rea para ajudar na constru\u00e7\u00e3o das jogadas.\u00a0 Movimentou-se bem, deu uma assist\u00eancia para o gol do meia Giuliano e deixou boa impress\u00e3o.<\/span><\/p>\n<p style=\"text-align: justify;\"><img data-recalc-dims=\"1\" loading=\"lazy\" decoding=\"async\" class=\"size-full wp-image-5918 alignleft\" src=\"https:\/\/i0.wp.com\/sergiobertoldi.com\/wp-content\/uploads\/2024\/01\/Bola-Murcha-Copia-150x60-1.png?resize=150%2C60&#038;ssl=1\" alt=\"\" width=\"150\" height=\"60\" \/> \u00a0<span style=\"font-size: 14pt;\"><strong><u>Hayner<\/u><\/strong><\/span>\u00a0 <span style=\"font-family: tahoma, arial, helvetica, sans-serif; font-size: 14pt;\">O Lateral teve uma atua\u00e7\u00e3o ruim, sua tomada de decis\u00f5es foram quase todas equivocadas, e executou mal a maior parte das jogadas que tentou. Al\u00e9m disso, errou o passe no ataque, erro que originou o primeiro gol da Ponte.<\/span><\/p>\n<p style=\"text-align: justify;\"><span style=\"font-size: 14pt;\"><strong><u>PITACOS DO BERTOLDI<\/u><\/strong><\/span><\/p>\n<p style=\"text-align: justify;\"><span style=\"font-family: tahoma, arial, helvetica, sans-serif; font-size: 14pt;\">O Santos sofreu nesta \u00faltima sexta-feira, mais um rev\u00e9s em sua campanha rumo ao retorno a S\u00e9rie A do Campeonato Brasileiro.<\/span><\/p>\n<p style=\"text-align: justify;\"><span style=\"font-family: tahoma, arial, helvetica, sans-serif; font-size: 14pt;\">Mesmo com algumas altera\u00e7\u00f5es na escala\u00e7\u00e3o da equipe, buscando mais velocidade e ofensividade, o Alvinegro Praiano n\u00e3o conseguiu ir al\u00e9m de um empate por 2 a 2 contra a Ponte Preta, mesmo jogando em casa, na Vila Belmiro, e com um jogador a mais durante boa parte do segundo tempo.<\/span><\/p>\n<p style=\"text-align: justify;\"><span style=\"font-family: tahoma, arial, helvetica, sans-serif; font-size: 14pt;\">\u00a0Esse resultado marcou o quarto jogo consecutivo sem vit\u00f3rias, uma situa\u00e7\u00e3o que tem gerado frustra\u00e7\u00e3o e desapontamento entre os torcedores, que mesmo nas vit\u00f3rias n\u00e3o engolem muito o futebol apresentado pela equipe!<\/span><\/p>\n<p style=\"text-align: justify;\"><span style=\"font-family: tahoma, arial, helvetica, sans-serif; font-size: 14pt;\">A partida at\u00e9 que come\u00e7ou favor\u00e1vel para o Santos, com os jogadores mostrando uma atitude mais agressiva, mais \u201cOfensiva\u201d, partindo com tudo para cima do advers\u00e1rio desde o apito inicial, o que fez os comandados do t\u00e9cnico F\u00e1bio Carille, abrirem uma vantagem de dois gols, por\u00e9m inexplicavelmente n\u00e3o conseguiram sustentar o resultado, mesmo com a Ponte Preta jogando boa parte do jogo, em desvantagem num\u00e9rica ap\u00f3s a expuls\u00e3o de um de seus jogadores.<\/span><\/p>\n<p style=\"text-align: justify;\"><span style=\"font-family: tahoma, arial, helvetica, sans-serif; font-size: 14pt;\">Dificuldades em manter a consist\u00eancia durante os jogos, e em fechar as partidas com resultados positivos, tem sido um problema que vem acontecendo com uma certa frequ\u00eancia na campanha do time nessa S\u00e9rie-B do Brasileir\u00e3o!<\/span><\/p>\n<p style=\"text-align: justify;\"><span style=\"font-family: tahoma, arial, helvetica, sans-serif; font-size: 14pt;\">A quest\u00e3o que me parece um dos pontos principais que precisamos analisar, \u00e9 sem d\u00favida alguma o fato de que a campanha t\u00e3o surpreendente quanto inesperada, do vice-campeonato Paulista, gerou nos torcedores uma expectativa muito acima da realidade do elenco, verdade que agora no Brasileiro da S\u00e9rie-B vem se confirmando!\u00a0\u00a0\u00a0\u00a0\u00a0\u00a0\u00a0\u00a0<\/span><\/p>\n<p style=\"text-align: justify;\"><span style=\"font-family: tahoma, arial, helvetica, sans-serif; font-size: 14pt;\">Santos est\u00e1 passando por um momento de transi\u00e7\u00e3o e ajustes t\u00e1ticos, com refor\u00e7os (Jogadores), chegando em datas e condi\u00e7\u00f5es f\u00edsicas distintas, tendo que apresentar resultados o mais breve poss\u00edvel, j\u00e1 que o time necessita de um ganho de qualidade t\u00e9cnica que n\u00e3o pode esperar pela adapta\u00e7\u00e3o e entrosamento dos novos contratados, com o restante do elenco!<\/span><\/p>\n<p style=\"text-align: justify;\"><span style=\"font-family: tahoma, arial, helvetica, sans-serif; font-size: 14pt;\">Problemas como erros cometidos no momento da finaliza\u00e7\u00e3o das jogadas, passes errados, manuten\u00e7\u00e3o da concentra\u00e7\u00e3o defensiva em momentos cruciais, mostram claramente que mesmo com um elenco recheado de jogadores rodados e experientes, a press\u00e3o exercida pela torcida e a cobran\u00e7a n\u00e3o s\u00f3 por resultados imediatos, mas tamb\u00e9m por vencer jogando bem, est\u00e1 afetando o desempenho dos jogadores dentro de campo.<\/span><\/p>\n<p style=\"text-align: justify;\"><span style=\"font-family: tahoma, arial, helvetica, sans-serif; font-size: 14pt;\">F\u00e1bio Carille, que no momento se encontra na posi\u00e7\u00e3o do mais pressionado, podendo ser demitido por ser sempre o treinador, a figura mais cobrada quando o time n\u00e3o apresenta resultados e o futebol desejado, tem diante de si a tarefa de reverter a situa\u00e7\u00e3o atual e encontrar solu\u00e7\u00f5es que possam levar o time de volta ao caminho das vit\u00f3rias.<\/span><\/p>\n<p style=\"text-align: justify;\"><span style=\"font-family: tahoma, arial, helvetica, sans-serif; font-size: 14pt;\">\u00a0Isso passa necessariamente por uma avalia\u00e7\u00e3o detalhada do desempenho individual como coletivo da equipe, bem como por ajustes na parte t\u00e1tica! Por\u00e9m pelo que tenho observado durante as \u00faltimas partidas, nesse momento o treinador F\u00e1bio Carille precisar\u00e1 antes de mais nada, resgatar, recuperar a confian\u00e7a dos jogadores, neles mesmos! Resta saber se a Diretoria do Santos, lhe dar\u00e1 tempo para isso, ou ir\u00e1 fazer o mais f\u00e1cil que \u00e9 o que todos os clubes fazem, e demiti-lo.<\/span><\/p>\n<p style=\"text-align: justify;\"><span style=\"font-size: 14pt;\"><strong><u>Confira os gols do Santos<\/u><\/strong><\/span><\/p>\n<div class=\"jetpack-video-wrapper\"><iframe loading=\"lazy\" title=\"SANTOS  2 x 2 PONTE PRETA | GOLS | BRASILEIRO B (30\/08\/24)\" width=\"800\" height=\"450\" src=\"https:\/\/www.youtube.com\/embed\/PJ5mYs77mIM?feature=oembed\" frameborder=\"0\" allow=\"accelerometer; autoplay; clipboard-write; encrypted-media; gyroscope; picture-in-picture; web-share\" referrerpolicy=\"strict-origin-when-cross-origin\" allowfullscreen><\/iframe><\/div>\n<p style=\"text-align: justify;\"><span style=\"font-size: 14pt;\"><strong><u>Acompanhe a Coletiva do T\u00e9cnico F\u00e1bio Carille<\/u><\/strong><\/span><\/p>\n<div class=\"jetpack-video-wrapper\"><iframe loading=\"lazy\" title=\"F\u00c1BIO CARILLE | COLETIVA (30\/08\/24)\" width=\"800\" height=\"450\" src=\"https:\/\/www.youtube.com\/embed\/L7QjKd1sHsw?feature=oembed\" frameborder=\"0\" allow=\"accelerometer; autoplay; clipboard-write; encrypted-media; gyroscope; picture-in-picture; web-share\" referrerpolicy=\"strict-origin-when-cross-origin\" allowfullscreen><\/iframe><\/div>\n<p style=\"text-align: justify;\"><span style=\"font-size: 14pt;\">\u00a0(Cr\u00e9dito: Imagem: Raul Baretta\/Santos FC)<\/span><br \/>\n<span style=\"font-size: 14pt;\">\u00a0(Cr\u00e9dito: Imagem: SantosTV\/Divulga\u00e7\u00e3o\/Santos FC)<\/span><\/p>\n<p style=\"text-align: justify;\"><span style=\"font-size: 14pt;\">Falamos das coisas do Santos, sempre com a parceria e o apoio dos nossos anunciantes!<\/span><\/p>\n<p style=\"text-align: justify;\">\n","protected":false},"excerpt":{"rendered":"<p>Al\u00f4 Na\u00e7\u00e3o Santista! Sauda\u00e7\u00f5es Alvinegras! Na noite desta sexta-feira (30), o Santos voltou a decepcionar sua torcida, ao empatar com<\/p>\n","protected":false},"author":2,"featured_media":6419,"comment_status":"open","ping_status":"open","sticky":false,"template":"","format":"standard","meta":{"colormag_page_container_layout":"default_layout","colormag_page_sidebar_layout":"default_layout","_jetpack_memberships_contains_paid_content":false,"footnotes":""},"categories":[12,4,78,16],"tags":[6],"class_list":["post-6418","post","type-post","status-publish","format-standard","has-post-thumbnail","hentry","category-analise-e-comentario","category-bastidores-do-santos-fc","category-brasileiro-da-serie-b","category-resenha-do-jogo","tag-santos-fc"],"jetpack_featured_media_url":"https:\/\/i0.wp.com\/sergiobertoldi.com\/wp-content\/uploads\/2024\/09\/53960970191_f8969ec246_z.jpg?fit=640%2C512&ssl=1","jetpack_likes_enabled":true,"jetpack_sharing_enabled":true,"_links":{"self":[{"href":"https:\/\/sergiobertoldi.com\/index.php\/wp-json\/wp\/v2\/posts\/6418","targetHints":{"allow":["GET"]}}],"collection":[{"href":"https:\/\/sergiobertoldi.com\/index.php\/wp-json\/wp\/v2\/posts"}],"about":[{"href":"https:\/\/sergiobertoldi.com\/index.php\/wp-json\/wp\/v2\/types\/post"}],"author":[{"embeddable":true,"href":"https:\/\/sergiobertoldi.com\/index.php\/wp-json\/wp\/v2\/users\/2"}],"replies":[{"embeddable":true,"href":"https:\/\/sergiobertoldi.com\/index.php\/wp-json\/wp\/v2\/comments?post=6418"}],"version-history":[{"count":2,"href":"https:\/\/sergiobertoldi.com\/index.php\/wp-json\/wp\/v2\/posts\/6418\/revisions"}],"predecessor-version":[{"id":6421,"href":"https:\/\/sergiobertoldi.com\/index.php\/wp-json\/wp\/v2\/posts\/6418\/revisions\/6421"}],"wp:featuredmedia":[{"embeddable":true,"href":"https:\/\/sergiobertoldi.com\/index.php\/wp-json\/wp\/v2\/media\/6419"}],"wp:attachment":[{"href":"https:\/\/sergiobertoldi.com\/index.php\/wp-json\/wp\/v2\/media?parent=6418"}],"wp:term":[{"taxonomy":"category","embeddable":true,"href":"https:\/\/sergiobertoldi.com\/index.php\/wp-json\/wp\/v2\/categories?post=6418"},{"taxonomy":"post_tag","embeddable":true,"href":"https:\/\/sergiobertoldi.com\/index.php\/wp-json\/wp\/v2\/tags?post=6418"}],"curies":[{"name":"wp","href":"https:\/\/api.w.org\/{rel}","templated":true}]}}