{"id":6411,"date":"2024-08-29T11:30:06","date_gmt":"2024-08-29T14:30:06","guid":{"rendered":"https:\/\/sergiobertoldi.com\/?p=6411"},"modified":"2024-09-02T18:47:04","modified_gmt":"2024-09-02T21:47:04","slug":"santos-apresenta-o-goleiro-renan-que-chega-para-ser-reserva-do-titular-brazao","status":"publish","type":"post","link":"https:\/\/sergiobertoldi.com\/index.php\/2024\/08\/29\/santos-apresenta-o-goleiro-renan-que-chega-para-ser-reserva-do-titular-brazao\/","title":{"rendered":"Santos apresenta o Goleiro Renan que chega para ser reserva do titular Braz\u00e3o"},"content":{"rendered":"<p><span style=\"font-family: helvetica, arial, sans-serif; font-size: 14pt;\"><strong><u>Al\u00f4 Na\u00e7\u00e3o Santista! Sauda\u00e7\u00f5es Alvinegras!<\/u><\/strong><\/span><\/p>\n<p><span style=\"font-family: tahoma, arial, helvetica, sans-serif; font-size: 14pt;\">Nesta quinta-feira (29), o Santos apresentou oficialmente mais uma contrata\u00e7\u00e3o para refor\u00e7ar o elenco para o restante da temporada 2024. Trata-se do goleiro <strong>Renan<\/strong>.<\/span><br \/>\n<span style=\"font-family: tahoma, arial, helvetica, sans-serif; font-size: 14pt;\"><strong>Renan dos Santos<\/strong>, mais conhecido como Renan, nasceu no Rio de Janeiro em <strong>18 <\/strong>de <strong>maio<\/strong> de <strong>1989,<\/strong> tem <strong>35 anos<\/strong>, \u00e9 um Goleiro de <strong>1,90 m, destro <\/strong>e tem dupla nacionalidade: Brasileiro\/B\u00falgaro<\/span><br \/>\n<span style=\"font-family: tahoma, arial, helvetica, sans-serif; font-size: 14pt;\">O jogador de <strong>35 anos<\/strong>, assinou contrato at\u00e9 o fim da temporada, com possibilidade de renova\u00e7\u00e3o por mais um ano.<\/span><\/p>\n<p><span style=\"font-family: tahoma, arial, helvetica, sans-serif; font-size: 14pt;\">Ao lado do \u00eddolo eterno <strong>Lal\u00e1<\/strong>, ex-goleiro do clube, o novo arqueiro Santista recebeu a camisa de n\u00famero <strong>18<\/strong>.<\/span><\/p>\n<p><img data-recalc-dims=\"1\" loading=\"lazy\" decoding=\"async\" class=\"aligncenter wp-image-6412 size-full\" src=\"https:\/\/i0.wp.com\/sergiobertoldi.com\/wp-content\/uploads\/2024\/09\/53956842618_506b14c759_z.jpg?resize=640%2C512&#038;ssl=1\" alt=\"\" width=\"640\" height=\"512\" srcset=\"https:\/\/i0.wp.com\/sergiobertoldi.com\/wp-content\/uploads\/2024\/09\/53956842618_506b14c759_z.jpg?w=640&amp;ssl=1 640w, https:\/\/i0.wp.com\/sergiobertoldi.com\/wp-content\/uploads\/2024\/09\/53956842618_506b14c759_z.jpg?resize=300%2C240&amp;ssl=1 300w\" sizes=\"auto, (max-width: 640px) 100vw, 640px\" \/> <img data-recalc-dims=\"1\" loading=\"lazy\" decoding=\"async\" class=\"aligncenter wp-image-6413 size-full\" src=\"https:\/\/i0.wp.com\/sergiobertoldi.com\/wp-content\/uploads\/2024\/09\/53957043590_a4c9719644_z.jpg?resize=512%2C640&#038;ssl=1\" alt=\"\" width=\"512\" height=\"640\" srcset=\"https:\/\/i0.wp.com\/sergiobertoldi.com\/wp-content\/uploads\/2024\/09\/53957043590_a4c9719644_z.jpg?w=512&amp;ssl=1 512w, https:\/\/i0.wp.com\/sergiobertoldi.com\/wp-content\/uploads\/2024\/09\/53957043590_a4c9719644_z.jpg?resize=240%2C300&amp;ssl=1 240w\" sizes=\"auto, (max-width: 512px) 100vw, 512px\" \/><\/p>\n<p><span style=\"font-family: tahoma, arial, helvetica, sans-serif; font-size: 14pt;\">Renan come\u00e7ou sua trajet\u00f3ria no futebol nas categorias de base do <strong>CFZ-RJ<\/strong> e posteriormente no <strong>Botafogo<\/strong>, onde se destacou e subiu para o time profissional em <strong>2008<\/strong>.<\/span><\/p>\n<p><span style=\"font-family: tahoma, arial, helvetica, sans-serif; font-size: 14pt;\">Sua estreia como profissional foi marcada por uma r\u00e1pida ascens\u00e3o, tendo que assumir a titularidade ap\u00f3s les\u00f5es de outros goleiros no elenco do Botafogo. Renan demonstrou sua capacidade e seguran\u00e7a, mesmo sob a press\u00e3o de substituir goleiros estabelecidos e em jogos decisivos. Durante sua passagem pelo Botafogo, ele acumulou mais de <strong>100 jogos<\/strong>, incluindo momentos significativos como a conquista da Ta\u00e7a Guanabara e a participa\u00e7\u00e3o na campanha que levou o time ao acesso \u00e0 S\u00e9rie A do Campeonato Brasileiro em <strong>2015<\/strong>.<\/span><\/p>\n<p><span style=\"font-family: tahoma, arial, helvetica, sans-serif; font-size: 14pt;\">Ap\u00f3s sua longa estadia no Botafogo, Renan expandiu sua experi\u00eancia internacionalmente, jogando pelo <strong>Ludogorets Razgrad<\/strong> da <strong>Bulg\u00e1ria<\/strong>, onde conquistou o Campeonato B\u00falgaro <strong>cinco vezes<\/strong> e obteve a cidadania b\u00falgara. Essa experi\u00eancia no exterior n\u00e3o s\u00f3 enriqueceu sua habilidade como goleiro, mas tamb\u00e9m proporcionou um valioso crescimento pessoal e cultural.<\/span><br \/>\n<span style=\"font-family: tahoma, arial, helvetica, sans-serif; font-size: 14pt;\">Ao retornar ao Brasil, Renan teve passagens por clubes como <strong>Atl\u00e9tico Goianiense<\/strong>, <strong>Sport<\/strong> e <strong>Juventude<\/strong>, antes de ser emprestado ao Santos. Em cada equipe, ele trouxe sua experi\u00eancia e lideran\u00e7a, caracter\u00edsticas que o tornam um ativo valioso dentro e fora de campo.<\/span><\/p>\n<p><span style=\"font-family: tahoma, arial, helvetica, sans-serif; font-size: 14pt;\">Renan chega ao Santos, trazendo consigo na bagagem a experi\u00eancia de ter defendido diversos clubes, e superado in\u00fameros desafios ao longo de sua carreira, experi\u00eancia que pode ser de muita utilidade, principalmente pela possibilidade de contribuir de maneira significativa passando sua experi\u00eancia aos goleiros mais jovens!<\/span><\/p>\n<p><span style=\"font-size: 14pt;\"><strong><span style=\"text-decoration: underline;\">Na lista de clubes defendidos pelo novo Arqueiro do Peixe, est\u00e3o:<\/span><\/strong><\/span><\/p>\n<table>\n<tbody>\n<tr>\n<td><strong>Anos<\/strong><\/td>\n<td><strong>Clubes<\/strong><\/td>\n<td><strong>Jogos e gol(o)s<\/strong><\/td>\n<\/tr>\n<tr>\n<td><strong>2008\u20132015<\/strong><br \/>\n<strong>2016\u20132017<\/strong><br \/>\n<strong>2017\u20132021<\/strong><br \/>\n<strong>2021\u20132022<\/strong><br \/>\n<strong>2023\u2013<\/strong><br \/>\n<strong>2024<\/strong><br \/>\n<strong>2024\u2013<\/strong><\/td>\n<td><strong><span style=\"color: #000080;\">Botafogo<\/span><\/strong><br \/>\n<strong><span style=\"color: #000080;\">Ava\u00ed<\/span><\/strong><br \/>\n<strong><span style=\"color: #000080;\">Ludogorets Razgrad<\/span><\/strong><br \/>\n<strong><span style=\"color: #000080;\">Atl\u00e9tico Goianiense<\/span><\/strong><br \/>\n<strong><span style=\"color: #000080;\">Sport<\/span><\/strong><br \/>\n<strong><span style=\"color: #000080;\">\u2192\u00a0Juventude\u00a0(emp.)<\/span><\/strong><br \/>\n<strong><span style=\"color: #000080;\">\u2192\u00a0Santos\u00a0(emp.)<\/span><\/strong><\/td>\n<td><strong>130\u00a0(0)<\/strong><br \/>\n<strong>60\u00a0(0)<\/strong><br \/>\n<strong>93\u00a0(0)<\/strong><br \/>\n<strong>24\u00a0(0)<\/strong><br \/>\n<strong>53\u00a0(0)<\/strong><br \/>\n<strong>2\u00a0(0)<\/strong><br \/>\n<strong>0\u00a0(0)<\/strong><\/td>\n<\/tr>\n<\/tbody>\n<\/table>\n<p><span style=\"font-family: tahoma, arial, helvetica, sans-serif; font-size: 14pt;\">A apresenta\u00e7\u00e3o oficial de Renan foi marcada n\u00e3o apenas pela expectativa gerada em torno do que o jogador pode acrescentar aos jovens goleiros do Peixe, mas tamb\u00e9m pela presen\u00e7a de <strong>Lal\u00e1<\/strong>, um \u00edcone eternizado na hist\u00f3ria do clube. A passagem simb\u00f3lica da camisa n\u00famero 18, que agora ser\u00e1 defendida por <strong>Renan<\/strong>, representa mais do que uma simples troca de guardi\u00f5es do gol; \u00e9 um momento de transi\u00e7\u00e3o, onde o passado glorioso do clube se encontra com as promessas do presente.<\/span><\/p>\n<p><span style=\"font-family: tahoma, arial, helvetica, sans-serif; font-size: 14pt;\">Renan foi contratado para ser o reserva imediato do titular <strong>Gabriel Braz\u00e3o<\/strong>, que j\u00e1 vem atuando no lugar do colega <strong>Jo\u00e3o Paulo<\/strong>, afastado por ter rompido o Tend\u00e3o de Aquiles.<\/span><br \/>\n<span style=\"font-family: tahoma, arial, helvetica, sans-serif; font-size: 14pt;\">O novo goleiro enfatizou diversas vezes que chegou para contribuir, mas ressaltou que Braz\u00e3o \u00e9 o titular da equipe.<\/span><\/p>\n<p><strong><span style=\"text-decoration: underline;\"><span style=\"font-size: 14pt;\">Durante a coletiva de apresenta\u00e7\u00e3o, o novo Goleiro deu a seguinte declara\u00e7\u00e3o:<\/span><\/span><\/strong><\/p>\n<blockquote><p><span style=\"font-size: 14pt;\">\u201c\u00c9 uma honra estar no Santos. Qual jogador n\u00e3o queria estar aqui? Estou muito feliz. Quando recebi o convite falei: \u201cvambora, \u00e9 agora\u201d. \u00c9 um contrato curto, a princ\u00edpio. Mas independente disso, eu vou fazer o meu melhor, me dedicar, fazer o melhor no dia a dia para ajudar o Santos. Vou trabalhar no dia a dia para ajudar o Santos e todos que est\u00e3o aqui. Hoje o titular \u00e9 o Gabriel Braz\u00e3o. Tenho essa consci\u00eancia. Como pessoa \u00e9 um excelente amigo. Estou aqui para ajudar meus companheiros e o Santos. Estou animado e motivado com essa oportunidade\u201d<\/span><\/p><\/blockquote>\n<p><span style=\"font-family: tahoma, arial, helvetica, sans-serif; font-size: 14pt;\">Perguntado de que forma recebeu o convite para vir jogar no Santos, Renan n\u00e3o escondeu a alegria, e confessou ter ficado empolgado com a oportunidade:<\/span><\/p>\n<blockquote><p><span style=\"font-size: 14pt;\">\u201cEu estava no Juventude. Quando recebi a liga\u00e7\u00e3o, na hora fiquei empolgado. Quando voc\u00ea recebe um convite de um clube como Santos, n\u00e3o tem como ficar de outra forma. J\u00e1 contei para a fam\u00edlia. A esposa ficou animada. \u00c9 uma grande oportunidade na minha carreira. Teve o primeiro contrato, mas o neg\u00f3cio foi se estendendo e eu aguardando para resolver as coisas logo. Resolver vinda para c\u00e1, a fam\u00edlia\u2026\u201d, disse o goleiro, que prosseguiu:<\/span><\/p>\n<p><span style=\"font-size: 14pt;\">\u201cMuito feliz de estar aqui. Eu chego num momento de reconstru\u00e7\u00e3o. O clube est\u00e1 na S\u00e9rie B, mas n\u00e3o \u00e9 o lugar do Santos. Fazer de tudo para conquistar esse acesso, estar em primeiro lugar. Estou aqui para ajudar, dentro e fora de campo. Importante ter a uni\u00e3o de jogadores jovens e experientes. Isso d\u00e1 resultado e tenho tudo para ajudar no dia a dia do Santos\u201d, finalizou.<\/span><\/p><\/blockquote>\n<p><span style=\"font-size: 14pt;\"><strong><u>Acompanhe a Coletiva de apresenta\u00e7\u00e3o do jogador Renan<\/u><\/strong><\/span><\/p>\n<div class=\"jetpack-video-wrapper\"><iframe loading=\"lazy\" title=\"RENAN | APRESENTA\u00c7\u00c3O (29\/08\/24)\" width=\"800\" height=\"450\" src=\"https:\/\/www.youtube.com\/embed\/8ZZ2EDevex0?feature=oembed\" frameborder=\"0\" allow=\"accelerometer; autoplay; clipboard-write; encrypted-media; gyroscope; picture-in-picture; web-share\" referrerpolicy=\"strict-origin-when-cross-origin\" allowfullscreen><\/iframe><\/div>\n<p><span style=\"font-size: 14pt;\">(Cr\u00e9dito: Imagem: Raul Baretta\/Santos FC)<br \/>\n<\/span><span style=\"font-size: 14pt;\">(Cr\u00e9dito: Imagem: SantosTV\/Divulga\u00e7\u00e3o\/Santos FC)<\/span><\/p>\n<p><span style=\"font-size: 14pt;\">Falamos das coisas do Santos, sempre com a parceria e o apoio dos nossos anunciantes!<\/span><\/p>\n<p>&nbsp;<\/p>\n","protected":false},"excerpt":{"rendered":"<p>Al\u00f4 Na\u00e7\u00e3o Santista! Sauda\u00e7\u00f5es Alvinegras! Nesta quinta-feira (29), o Santos apresentou oficialmente mais uma contrata\u00e7\u00e3o para refor\u00e7ar o elenco para<\/p>\n","protected":false},"author":2,"featured_media":6415,"comment_status":"open","ping_status":"open","sticky":false,"template":"","format":"standard","meta":{"colormag_page_container_layout":"default_layout","colormag_page_sidebar_layout":"default_layout","_jetpack_memberships_contains_paid_content":false,"footnotes":""},"categories":[68,4,30],"tags":[6],"class_list":["post-6411","post","type-post","status-publish","format-standard","has-post-thumbnail","hentry","category-apresentacao-oficial","category-bastidores-do-santos-fc","category-contratacoes","tag-santos-fc"],"jetpack_featured_media_url":"https:\/\/i0.wp.com\/sergiobertoldi.com\/wp-content\/uploads\/2024\/09\/53957043565_31358aac07_e.jpg?fit=400%2C500&ssl=1","jetpack_likes_enabled":true,"jetpack_sharing_enabled":true,"_links":{"self":[{"href":"https:\/\/sergiobertoldi.com\/index.php\/wp-json\/wp\/v2\/posts\/6411","targetHints":{"allow":["GET"]}}],"collection":[{"href":"https:\/\/sergiobertoldi.com\/index.php\/wp-json\/wp\/v2\/posts"}],"about":[{"href":"https:\/\/sergiobertoldi.com\/index.php\/wp-json\/wp\/v2\/types\/post"}],"author":[{"embeddable":true,"href":"https:\/\/sergiobertoldi.com\/index.php\/wp-json\/wp\/v2\/users\/2"}],"replies":[{"embeddable":true,"href":"https:\/\/sergiobertoldi.com\/index.php\/wp-json\/wp\/v2\/comments?post=6411"}],"version-history":[{"count":2,"href":"https:\/\/sergiobertoldi.com\/index.php\/wp-json\/wp\/v2\/posts\/6411\/revisions"}],"predecessor-version":[{"id":6416,"href":"https:\/\/sergiobertoldi.com\/index.php\/wp-json\/wp\/v2\/posts\/6411\/revisions\/6416"}],"wp:featuredmedia":[{"embeddable":true,"href":"https:\/\/sergiobertoldi.com\/index.php\/wp-json\/wp\/v2\/media\/6415"}],"wp:attachment":[{"href":"https:\/\/sergiobertoldi.com\/index.php\/wp-json\/wp\/v2\/media?parent=6411"}],"wp:term":[{"taxonomy":"category","embeddable":true,"href":"https:\/\/sergiobertoldi.com\/index.php\/wp-json\/wp\/v2\/categories?post=6411"},{"taxonomy":"post_tag","embeddable":true,"href":"https:\/\/sergiobertoldi.com\/index.php\/wp-json\/wp\/v2\/tags?post=6411"}],"curies":[{"name":"wp","href":"https:\/\/api.w.org\/{rel}","templated":true}]}}