{"id":6406,"date":"2024-07-27T09:47:44","date_gmt":"2024-07-27T12:47:44","guid":{"rendered":"https:\/\/sergiobertoldi.com\/?p=6406"},"modified":"2024-08-30T00:23:26","modified_gmt":"2024-08-30T03:23:26","slug":"o-santos-anuncia-a-transferencia-do-zagueiro-joaquim-para-o-tigres-do-mexico","status":"publish","type":"post","link":"https:\/\/sergiobertoldi.com\/index.php\/2024\/07\/27\/o-santos-anuncia-a-transferencia-do-zagueiro-joaquim-para-o-tigres-do-mexico\/","title":{"rendered":"O Santos anuncia a transfer\u00eancia do zagueiro Joaquim para o Tigres do M\u00e9xico"},"content":{"rendered":"<p><span style=\"font-family: helvetica, arial, sans-serif; font-size: 14pt;\"><strong><u>Al\u00f4 Na\u00e7\u00e3o Santista! Sauda\u00e7\u00f5es Alvinegras!<\/u><\/strong><\/span><\/p>\n<p style=\"text-align: justify;\"><span style=\"font-family: tahoma, arial, helvetica, sans-serif; font-size: 14pt;\">O Santos concretizou neste S\u00e1bado (27), a transfer\u00eancia do zagueiro <strong>Joaquim<\/strong>, de <strong>25 anos<\/strong>, para o <strong>Tigres<\/strong>, do <strong>M\u00e9xico<\/strong>, por <strong>8<\/strong> <strong>milh\u00f5es de d\u00f3lares<\/strong> (aproximadamente <strong>R$ 45,1 milh\u00f5es<\/strong>).<\/span><br \/>\n<span style=\"font-family: tahoma, arial, helvetica, sans-serif; font-size: 14pt;\">O v\u00ednculo do camisa 6 com o Alvinegro de Vila Belmiro era v\u00e1lido at\u00e9 <strong>dezembro de 2026<\/strong>.<\/span><br \/>\n<span style=\"font-family: tahoma, arial, helvetica, sans-serif; font-size: 14pt;\">O Santos n\u00e3o ficar\u00e1 com o valor total da venda de Joaquim, pois ter\u00e1 que abater uma d\u00edvida de <strong>R$ 16,9 milh\u00f5es <\/strong>com um clube mexicano referente \u00e0 contrata\u00e7\u00e3o de <strong>Soteldo<\/strong>.<\/span><br \/>\n<span style=\"font-family: tahoma, arial, helvetica, sans-serif; font-size: 14pt;\">Al\u00e9m disso, <strong>30%<\/strong> do valor da venda ser\u00e3o destinados ao <strong>Cuiab\u00e1<\/strong>, clube que detinha parte dos direitos econ\u00f4micos do jogador, sendo que o Santos possu\u00eda os outros <strong>70%<\/strong>.<\/span><\/p>\n<p style=\"text-align: justify;\"><span style=\"font-family: tahoma, arial, helvetica, sans-serif; font-size: 14pt;\">Joaquim chegou ao Santos em <strong>fevereiro de 2023<\/strong>, quando o clube pagou <strong>3 milh\u00f5es de euros<\/strong> (cerca de R$ <strong>16,7<\/strong> <strong>milh\u00f5es<\/strong> \u00e0 \u00e9poca) por <strong>60%<\/strong> dos direitos econ\u00f4micos do jogador.<\/span><br \/>\n<span style=\"font-family: tahoma, arial, helvetica, sans-serif; font-size: 14pt;\">Em novembro do ano passado, ap\u00f3s Joaquim atuar um m\u00ednimo de <strong>60%<\/strong> das partidas na temporada, a fatia que pertence ao Peixe pelos direitos econ\u00f4micos chegou a <strong>70%<\/strong>. Esse percentual de <strong>10%<\/strong> adicionais custou ao Santos mais <strong>750 mil euros<\/strong> (cerca de<strong> R$ 4,5 milh\u00f5es<\/strong>), parcela essa que ainda n\u00e3o foi quitada.<\/span><\/p>\n<p style=\"text-align: justify;\"><span style=\"font-family: tahoma, arial, helvetica, sans-serif; font-size: 14pt;\">Antes do Alvinegro Praiano definir a venda do Zagueiro para o clube Mexicano, Joaquim despertou o interesse de diversos clubes, como o <strong>Botafogo<\/strong>, que tentou contrat\u00e1-lo, mas n\u00e3o chegaram a um acordo.<\/span><br \/>\n<span style=\"font-family: tahoma, arial, helvetica, sans-serif; font-size: 14pt;\"> Al\u00e9m disso, o jogador tamb\u00e9m recebeu propostas de um clube da <strong>Gr\u00e9cia<\/strong> e outro da <strong>It\u00e1lia<\/strong>.<\/span><\/p>\n<p style=\"text-align: justify;\"><span style=\"font-family: tahoma, arial, helvetica, sans-serif; font-size: 14pt;\">O zagueiro Joaquim atuou em <strong>66 <\/strong>jogos pelo Peixe, marcando <strong>seis<\/strong> gols.<\/span><br \/>\n<span style=\"font-family: tahoma, arial, helvetica, sans-serif; font-size: 14pt;\">Nesta temporada, era titular, mas recentemente perdeu espa\u00e7o para Jair. Pouco depois, o defensor sofreu um estiramento no joelho esquerdo, o que o deixou afastado dos jogos.<\/span><\/p>\n<p style=\"text-align: justify;\"><span style=\"font-family: tahoma, arial, helvetica, sans-serif; font-size: 14pt;\">Com a sa\u00edda de Joaquim vendido ao Tigres, do M\u00e9xico, Carille mant\u00e9m no elenco os seguintes zagueiros: <strong>Gil<\/strong>, <strong>Jair Cunha<\/strong>, <strong>Alex Nascimento <\/strong>e <strong>Jo\u00e3o Basso<\/strong>, esse \u00faltimo que voltou de empr\u00e9stimo no futebol portugu\u00eas.<\/span><\/p>\n<p style=\"text-align: justify;\"><span style=\"font-family: tahoma, arial, helvetica, sans-serif; font-size: 14pt;\">(Cr\u00e9dito: Imagem: Raul Baretta\/Santos FC)<\/span><\/p>\n<p style=\"text-align: justify;\"><span style=\"font-family: tahoma, arial, helvetica, sans-serif; font-size: 14pt;\">\u00a0Falamos das coisas do Santos, sempre com a parceria e o apoio dos nossos anunciantes!<\/span><\/p>\n<p style=\"text-align: justify;\">\n","protected":false},"excerpt":{"rendered":"<p>Al\u00f4 Na\u00e7\u00e3o Santista! Sauda\u00e7\u00f5es Alvinegras! O Santos concretizou neste S\u00e1bado (27), a transfer\u00eancia do zagueiro Joaquim, de 25 anos, para<\/p>\n","protected":false},"author":2,"featured_media":6407,"comment_status":"open","ping_status":"open","sticky":false,"template":"","format":"standard","meta":{"colormag_page_container_layout":"default_layout","colormag_page_sidebar_layout":"default_layout","_jetpack_memberships_contains_paid_content":false,"footnotes":""},"categories":[4,76,31,24],"tags":[6],"class_list":["post-6406","post","type-post","status-publish","format-standard","has-post-thumbnail","hentry","category-bastidores-do-santos-fc","category-jogadores-negociados","category-quem-chega-e-quem-sai","category-situacao-contratual","tag-santos-fc"],"jetpack_featured_media_url":"https:\/\/i0.wp.com\/sergiobertoldi.com\/wp-content\/uploads\/2024\/08\/Joaquim-santos-e1724988191970.jpg?fit=651%2C409&ssl=1","jetpack_likes_enabled":true,"jetpack_sharing_enabled":true,"_links":{"self":[{"href":"https:\/\/sergiobertoldi.com\/index.php\/wp-json\/wp\/v2\/posts\/6406","targetHints":{"allow":["GET"]}}],"collection":[{"href":"https:\/\/sergiobertoldi.com\/index.php\/wp-json\/wp\/v2\/posts"}],"about":[{"href":"https:\/\/sergiobertoldi.com\/index.php\/wp-json\/wp\/v2\/types\/post"}],"author":[{"embeddable":true,"href":"https:\/\/sergiobertoldi.com\/index.php\/wp-json\/wp\/v2\/users\/2"}],"replies":[{"embeddable":true,"href":"https:\/\/sergiobertoldi.com\/index.php\/wp-json\/wp\/v2\/comments?post=6406"}],"version-history":[{"count":1,"href":"https:\/\/sergiobertoldi.com\/index.php\/wp-json\/wp\/v2\/posts\/6406\/revisions"}],"predecessor-version":[{"id":6408,"href":"https:\/\/sergiobertoldi.com\/index.php\/wp-json\/wp\/v2\/posts\/6406\/revisions\/6408"}],"wp:featuredmedia":[{"embeddable":true,"href":"https:\/\/sergiobertoldi.com\/index.php\/wp-json\/wp\/v2\/media\/6407"}],"wp:attachment":[{"href":"https:\/\/sergiobertoldi.com\/index.php\/wp-json\/wp\/v2\/media?parent=6406"}],"wp:term":[{"taxonomy":"category","embeddable":true,"href":"https:\/\/sergiobertoldi.com\/index.php\/wp-json\/wp\/v2\/categories?post=6406"},{"taxonomy":"post_tag","embeddable":true,"href":"https:\/\/sergiobertoldi.com\/index.php\/wp-json\/wp\/v2\/tags?post=6406"}],"curies":[{"name":"wp","href":"https:\/\/api.w.org\/{rel}","templated":true}]}}