{"id":6384,"date":"2024-08-25T09:44:51","date_gmt":"2024-08-25T12:44:51","guid":{"rendered":"https:\/\/sergiobertoldi.com\/?p=6384"},"modified":"2024-08-28T21:02:11","modified_gmt":"2024-08-29T00:02:11","slug":"o-presidente-marcelo-teixeira-esta-atento-a-situacao-do-clube-e-nao-poupou-palavras-ao-fez-um-alerta-apos-o-empate-com-o-amazonas-na-vila-belmiro","status":"publish","type":"post","link":"https:\/\/sergiobertoldi.com\/index.php\/2024\/08\/25\/o-presidente-marcelo-teixeira-esta-atento-a-situacao-do-clube-e-nao-poupou-palavras-ao-fez-um-alerta-apos-o-empate-com-o-amazonas-na-vila-belmiro\/","title":{"rendered":"O presidente Marcelo Teixeira est\u00e1 atento \u00e0 situa\u00e7\u00e3o do clube e n\u00e3o poupou palavras ao fez um alerta ap\u00f3s o empate com o Amazonas na Vila Belmiro"},"content":{"rendered":"<p><span style=\"font-family: helvetica, arial, sans-serif; font-size: 14pt;\"><strong><u>Al\u00f4 Na\u00e7\u00e3o Santista! Sauda\u00e7\u00f5es Alvinegras!<\/u><\/strong><\/span><\/p>\n<p style=\"text-align: justify;\"><span style=\"font-family: tahoma, arial, helvetica, sans-serif; font-size: 14pt;\">Marcelo Teixeira utilizou suas redes sociais para se posicionar ap\u00f3s o frustrante empate do Santos contra o Amazonas, onde o placar ficou no 0 a 0. Esse resultado n\u00e3o apenas impediu o Peixe de conquistar tr\u00eas pontos jogando em casa, mas tamb\u00e9m o afastou temporariamente da lideran\u00e7a da competi\u00e7\u00e3o.<\/span><\/p>\n<p style=\"text-align: justify;\"><span style=\"font-family: tahoma, arial, helvetica, sans-serif; font-size: 14pt;\">Com 39 pontos, o Santos est\u00e1 apenas um ponto atr\u00e1s do l\u00edder Novorizontino, por\u00e9m o que preocupa a torcida, \u00e9 o fato de que o time tem alternado bons e maus resultados, o futebol apresentado mesmo nas vit\u00f3rias, n\u00e3o agrada o torcedor Santista, mas mesmo assim o presidente do Santos, se pronunciou em suas Redes Sociais, em defesa ao trabalho do t\u00e9cnico <strong>F\u00e1bio Carille <\/strong>e do elenco, ap\u00f3s o empate sem gols contra o Amazonas.<\/span><\/p>\n<p style=\"text-align: justify;\"><span style=\"font-family: tahoma, arial, helvetica, sans-serif; font-size: 14pt;\">O Presidente fez quest\u00e3o de enfatizar que a oscila\u00e7\u00e3o da equipe \u00e9 normal e que o importante \u00e9 corrigir as falhas para alcan\u00e7ar o objetivo de retornar \u00e0 S\u00e9rie A do Campeonato Brasileiro.<\/span><\/p>\n<p style=\"text-align: justify;\"><span style=\"font-family: tahoma, arial, helvetica, sans-serif; font-size: 14pt;\">Tamb\u00e9m ressaltou que isso j\u00e1 ocorreu anteriormente, mas que o clube finalizou sua campanha no primeiro turno da S\u00e9rie B, na lideran\u00e7a da classifica\u00e7\u00e3o.<\/span><\/p>\n<p style=\"text-align: justify;\"><span style=\"font-family: tahoma, arial, helvetica, sans-serif; font-size: 14pt;\">Teixeira terminou ressaltando que a passagem pela S\u00e9rie B deve ser esquecida, refor\u00e7ando a necessidade de foco e trabalho.<\/span><\/p>\n<p style=\"text-align: justify;\"><span style=\"font-family: tahoma, arial, helvetica, sans-serif; font-size: 14pt;\">Marcelo Teixeira, de forma ponderada, destacou:<\/span><\/p>\n<blockquote>\n<p style=\"text-align: justify;\"><span style=\"font-family: tahoma, arial, helvetica, sans-serif; font-size: 14pt;\">\u00a0<span style=\"font-family: georgia, palatino, serif;\"><em>\u201cOscilar na competi\u00e7\u00e3o j\u00e1 aconteceu em alguns jogos, mas acabamos na lideran\u00e7a provis\u00f3ria no primeiro turno. Ocorre novamente neste in\u00edcio de returno. O importante \u00e9 corrigir falhas para alcan\u00e7ar o objetivo deste Brasileiro de 2024, que n\u00e3o ser\u00e1 lembrado por grandes espet\u00e1culos, ao contr\u00e1rio, dever\u00e1 ser esquecido para nunca mais o Santos FC voltar a disputar essa divis\u00e3o no pa\u00eds.\u201d<\/em><\/span><\/span><\/p>\n<\/blockquote>\n<p style=\"text-align: justify;\"><span style=\"font-family: tahoma, arial, helvetica, sans-serif; font-size: 14pt;\">Fica claro para torcedores e imprensa, que vinham j\u00e1 a algum tempo, pedindo a cabe\u00e7a do treinador do Peixe, que o presidente do Santos, Marcelo Teixeira bancou o trabalho de F\u00e1bio Carille no comando t\u00e9cnico da equipe na sequ\u00eancia da S\u00e9rie B.<\/span><\/p>\n<p style=\"text-align: justify;\"><span style=\"font-family: tahoma, arial, helvetica, sans-serif; font-size: 14pt;\">(Cr\u00e9dito: Imagem: Raul Baretta\/Santos FC)<br \/>\n<\/span><span style=\"font-family: tahoma, arial, helvetica, sans-serif; font-size: 14pt;\">Falamos das coisas do Santos, sempre com a parceria e o apoio dos nossos anunciantes!<\/span><\/p>\n<p style=\"text-align: justify;\">\n","protected":false},"excerpt":{"rendered":"<p>Al\u00f4 Na\u00e7\u00e3o Santista! Sauda\u00e7\u00f5es Alvinegras! Marcelo Teixeira utilizou suas redes sociais para se posicionar ap\u00f3s o frustrante empate do Santos<\/p>\n","protected":false},"author":2,"featured_media":6385,"comment_status":"open","ping_status":"open","sticky":false,"template":"","format":"standard","meta":{"colormag_page_container_layout":"default_layout","colormag_page_sidebar_layout":"default_layout","_jetpack_memberships_contains_paid_content":false,"footnotes":""},"categories":[4],"tags":[6],"class_list":["post-6384","post","type-post","status-publish","format-standard","has-post-thumbnail","hentry","category-bastidores-do-santos-fc","tag-santos-fc"],"jetpack_featured_media_url":"https:\/\/i0.wp.com\/sergiobertoldi.com\/wp-content\/uploads\/2024\/08\/Marcelo-Teixeira-JPG-e1724889716749.jpg?fit=2000%2C1250&ssl=1","jetpack_likes_enabled":true,"jetpack_sharing_enabled":true,"_links":{"self":[{"href":"https:\/\/sergiobertoldi.com\/index.php\/wp-json\/wp\/v2\/posts\/6384","targetHints":{"allow":["GET"]}}],"collection":[{"href":"https:\/\/sergiobertoldi.com\/index.php\/wp-json\/wp\/v2\/posts"}],"about":[{"href":"https:\/\/sergiobertoldi.com\/index.php\/wp-json\/wp\/v2\/types\/post"}],"author":[{"embeddable":true,"href":"https:\/\/sergiobertoldi.com\/index.php\/wp-json\/wp\/v2\/users\/2"}],"replies":[{"embeddable":true,"href":"https:\/\/sergiobertoldi.com\/index.php\/wp-json\/wp\/v2\/comments?post=6384"}],"version-history":[{"count":1,"href":"https:\/\/sergiobertoldi.com\/index.php\/wp-json\/wp\/v2\/posts\/6384\/revisions"}],"predecessor-version":[{"id":6386,"href":"https:\/\/sergiobertoldi.com\/index.php\/wp-json\/wp\/v2\/posts\/6384\/revisions\/6386"}],"wp:featuredmedia":[{"embeddable":true,"href":"https:\/\/sergiobertoldi.com\/index.php\/wp-json\/wp\/v2\/media\/6385"}],"wp:attachment":[{"href":"https:\/\/sergiobertoldi.com\/index.php\/wp-json\/wp\/v2\/media?parent=6384"}],"wp:term":[{"taxonomy":"category","embeddable":true,"href":"https:\/\/sergiobertoldi.com\/index.php\/wp-json\/wp\/v2\/categories?post=6384"},{"taxonomy":"post_tag","embeddable":true,"href":"https:\/\/sergiobertoldi.com\/index.php\/wp-json\/wp\/v2\/tags?post=6384"}],"curies":[{"name":"wp","href":"https:\/\/api.w.org\/{rel}","templated":true}]}}