{"id":6335,"date":"2024-07-23T21:22:36","date_gmt":"2024-07-24T00:22:36","guid":{"rendered":"https:\/\/sergiobertoldi.com\/?p=6335"},"modified":"2024-08-29T22:28:39","modified_gmt":"2024-08-30T01:28:39","slug":"gestao-marcelo-teixeira-ja-quitou-90-milhoes-em-dividas-herdadas-de-outras-gestoes","status":"publish","type":"post","link":"https:\/\/sergiobertoldi.com\/index.php\/2024\/07\/23\/gestao-marcelo-teixeira-ja-quitou-90-milhoes-em-dividas-herdadas-de-outras-gestoes\/","title":{"rendered":"Gest\u00e3o Marcelo Teixeira j\u00e1 Quitou 90 Milh\u00f5es em D\u00edvidas Herdadas de Outras Gest\u00f5es"},"content":{"rendered":"<p style=\"text-align: justify;\"><span style=\"font-family: helvetica, arial, sans-serif; font-size: 14pt;\"><strong>\u00a0 \u00a0<u>Al\u00f4 Na\u00e7\u00e3o Santista! Sauda\u00e7\u00f5es Alvinegras!<\/u><\/strong><\/span><\/p>\n<p style=\"text-align: justify;\"><span style=\"font-family: tahoma, arial, helvetica, sans-serif; font-size: 14pt;\">O Santos anunciou em entrevista coletiva realizada na \u00faltima ter\u00e7a-feira (23), que com apenas seis meses como Presidente do clube, Marcelo Teixeira j\u00e1 quitou nesse in\u00edcio de 2024, quase <strong>R$ 90 milh\u00f5es<\/strong> em d\u00edvidas herdadas de gest\u00f5es anteriores.<\/span><\/p>\n<blockquote><p><span style=\"font-size: 14pt;\">Ao assumirmos a gest\u00e3o do Santos Futebol Clube, realizamos tr\u00eas coletivas de imprensa: a primeira ao iniciarmos, a segunda em presta\u00e7\u00e3o de contas dos 100 dias, e agora esta terceira referente ao primeiro semestre.<\/span><br \/>\n<span style=\"font-size: 14pt;\"> Nesta coletiva, iremos abordar informa\u00e7\u00f5es importantes a serem prestadas \u00e0 comunidade e aos torcedores do clube.<\/span><\/p><\/blockquote>\n<p style=\"text-align: justify;\"><span style=\"font-family: tahoma, arial, helvetica, sans-serif; font-size: 14pt;\">A gest\u00e3o anterior, marcada pela presid\u00eancia de <strong>Andres Rueda<\/strong>, deixou um legado de d\u00edvidas que superavam os <strong>R$ 600 milh\u00f5es<\/strong> em <strong>2023<\/strong>, um aumento de cerca de <strong>4%<\/strong> em rela\u00e7\u00e3o ao ano anterior. A nova administra\u00e7\u00e3o enfrentou desafios significativos, como a\u00e7\u00f5es na <strong>FIFA<\/strong> que resultaram em transferbans, (medida administrativa que impede a realiza\u00e7\u00e3o de quaisquer transfer\u00eancias nacionais e internacionais) provenientes de d\u00edvidas com o t\u00e9cnico <strong>Fabi\u00e1n Bustos<\/strong>, o auxiliar <strong>Lucas Ochandorena <\/strong>e o <strong>Krasnodar<\/strong>, da R\u00fassia, que juntos somaram mais de <strong>R$ 34 milh\u00f5es<\/strong>.<\/span><\/p>\n<p style=\"text-align: justify;\"><span style=\"font-family: tahoma, arial, helvetica, sans-serif; font-size: 14pt;\">Al\u00e9m disso, o clube teve que lidar com d\u00edvidas relacionadas aos direitos econ\u00f4micos de v\u00e1rios jogadores e empr\u00e9stimos banc\u00e1rios feitos em administra\u00e7\u00f5es passadas. A soma dessas obriga\u00e7\u00f5es chegou a quase <strong>R$ 36 milh\u00f5es<\/strong>. A\u00e7\u00f5es judiciais e a centraliza\u00e7\u00e3o de processos trabalhistas e c\u00edveis tamb\u00e9m foram necess\u00e1rias, implicando no pagamento de mais <strong>R$ 8.813.600,00<\/strong>.<\/span><\/p>\n<p style=\"text-align: justify;\"><span style=\"font-family: tahoma, arial, helvetica, sans-serif; font-size: 14pt;\">\u00a0As quita\u00e7\u00f5es tamb\u00e9m envolveram acertos de pagamentos de d\u00edvidas de direitos econ\u00f4micos de jogadores, acordos judiciais e obriga\u00e7\u00f5es envolvendo folha de pagamento e direitos de imagem, de v\u00e1rios jogadores, como <strong>Jean Lucas<\/strong>, <strong>Carabajal<\/strong>, <strong>Dod\u00f4<\/strong>, <strong>Jo\u00e3o Lucas<\/strong>, <strong>Joaquim<\/strong> e <strong>Vinicius Zanocelo<\/strong><\/span><\/p>\n<p style=\"text-align: justify;\"><span style=\"font-family: tahoma, arial, helvetica, sans-serif; font-size: 14pt;\">O pagamento de tantas d\u00edvidas exigiu sacrif\u00edcios e criatividade, comprometendo o or\u00e7amento de 2024, que j\u00e1 era muito dif\u00edcil devido \u00e0s antecipa\u00e7\u00f5es de receita pela falta de competi\u00e7\u00f5es como Copa do Brasil, Libertadores ou Sul-americana devido \u00e0s p\u00e9ssimas campanhas nos campeonatos at\u00e9 2023.<\/span><\/p>\n<p style=\"text-align: justify;\"><span style=\"font-family: tahoma, arial, helvetica, sans-serif; font-size: 14pt;\">Estes recursos destinados aos pagamentos dessas d\u00edvidas poderiam ter sido direcionados \u00e0 investimento nas \u00e1reas patrimoniais, ou mesmo na montagem de elencos, ou para cumprir o fluxo de caixa mensal.<\/span><\/p>\n<p style=\"text-align: justify;\"><span style=\"font-family: tahoma, arial, helvetica, sans-serif; font-size: 14pt;\">Mesmo diante desse quadro, o Santos Futebol Clube montou um time competitivo para disputa do <strong>Campeonato Paulista <\/strong>e na sequ\u00eancia o <strong>Brasileiro<\/strong>. Foram contratados <strong>15 atletas<\/strong>, sem nenhum custo e investimento em aquisi\u00e7\u00f5es de direitos federativos, melhorando com o atual plantel, a excel\u00eancia, a qualidade e o valor patrimonial para o clube, exce\u00e7\u00e3o feita apenas as tr\u00eas aquisi\u00e7\u00f5es feitas pelo clube: os laterais <strong>Hayner<\/strong> e <strong>Rodrigo Ferreira<\/strong> e o meia <strong>Patrick<\/strong>.<\/span><\/p>\n<p style=\"text-align: justify;\"><span style=\"font-family: tahoma, arial, helvetica, sans-serif; font-size: 14pt;\">O resultado foi extremamente positivo, levando o Santos \u00e0s finais do Campeonato Paulista e a conquista de uma vaga para a Copa do Brasil de 2025. Nos \u00faltimos anos, no Paulist\u00e3o, o time lutou sempre contra o rebaixamento.\u00a0<\/span><\/p>\n<p style=\"text-align: justify;\"><span style=\"font-family: tahoma, arial, helvetica, sans-serif; font-size: 14pt;\">A quita\u00e7\u00e3o dessas d\u00edvidas, um compromisso da atual diretoria, liderada por <strong>Marcelo Teixeira<\/strong>, \u00e9 um passo crucial que o Santos d\u00e1, n\u00e3o apenas no sentido de melhorar a imagem do clube perante investidores e torcedores, mas tamb\u00e9m cria um ambiente mais est\u00e1vel para o planejamento futuro, algo essencial para que o clube possa voltar a competir no mais alto n\u00edvel, disputando t\u00edtulos, tanto no cen\u00e1rio nacional quanto internacional, honrando sua rica hist\u00f3ria no futebol.<\/span><\/p>\n<p style=\"text-align: justify;\"><span style=\"font-family: tahoma, arial, helvetica, sans-serif; font-size: 14pt;\">(Cr\u00e9dito: Imagem: Reinaldo Campos\/AGIF)<\/span><br \/>\n<span style=\"font-family: tahoma, arial, helvetica, sans-serif; font-size: 14pt;\">Falamos das coisas do Santos, sempre com a parceria e o apoio dos nossos anunciantes!<\/span><\/p>\n<p style=\"text-align: justify;\">\n","protected":false},"excerpt":{"rendered":"<p>\u00a0 \u00a0Al\u00f4 Na\u00e7\u00e3o Santista! Sauda\u00e7\u00f5es Alvinegras! O Santos anunciou em entrevista coletiva realizada na \u00faltima ter\u00e7a-feira (23), que com apenas<\/p>\n","protected":false},"author":2,"featured_media":6336,"comment_status":"open","ping_status":"open","sticky":false,"template":"","format":"standard","meta":{"colormag_page_container_layout":"default_layout","colormag_page_sidebar_layout":"default_layout","_jetpack_memberships_contains_paid_content":false,"footnotes":""},"categories":[4,14],"tags":[6],"class_list":["post-6335","post","type-post","status-publish","format-standard","has-post-thumbnail","hentry","category-bastidores-do-santos-fc","category-gestao-e-negocios","tag-santos-fc"],"jetpack_featured_media_url":"https:\/\/i0.wp.com\/sergiobertoldi.com\/wp-content\/uploads\/2024\/07\/image-JPEG.jpg?fit=490%2C275&ssl=1","jetpack_likes_enabled":true,"jetpack_sharing_enabled":true,"_links":{"self":[{"href":"https:\/\/sergiobertoldi.com\/index.php\/wp-json\/wp\/v2\/posts\/6335","targetHints":{"allow":["GET"]}}],"collection":[{"href":"https:\/\/sergiobertoldi.com\/index.php\/wp-json\/wp\/v2\/posts"}],"about":[{"href":"https:\/\/sergiobertoldi.com\/index.php\/wp-json\/wp\/v2\/types\/post"}],"author":[{"embeddable":true,"href":"https:\/\/sergiobertoldi.com\/index.php\/wp-json\/wp\/v2\/users\/2"}],"replies":[{"embeddable":true,"href":"https:\/\/sergiobertoldi.com\/index.php\/wp-json\/wp\/v2\/comments?post=6335"}],"version-history":[{"count":4,"href":"https:\/\/sergiobertoldi.com\/index.php\/wp-json\/wp\/v2\/posts\/6335\/revisions"}],"predecessor-version":[{"id":6402,"href":"https:\/\/sergiobertoldi.com\/index.php\/wp-json\/wp\/v2\/posts\/6335\/revisions\/6402"}],"wp:featuredmedia":[{"embeddable":true,"href":"https:\/\/sergiobertoldi.com\/index.php\/wp-json\/wp\/v2\/media\/6336"}],"wp:attachment":[{"href":"https:\/\/sergiobertoldi.com\/index.php\/wp-json\/wp\/v2\/media?parent=6335"}],"wp:term":[{"taxonomy":"category","embeddable":true,"href":"https:\/\/sergiobertoldi.com\/index.php\/wp-json\/wp\/v2\/categories?post=6335"},{"taxonomy":"post_tag","embeddable":true,"href":"https:\/\/sergiobertoldi.com\/index.php\/wp-json\/wp\/v2\/tags?post=6335"}],"curies":[{"name":"wp","href":"https:\/\/api.w.org\/{rel}","templated":true}]}}