{"id":6331,"date":"2024-07-22T22:08:40","date_gmt":"2024-07-23T01:08:40","guid":{"rendered":"https:\/\/sergiobertoldi.com\/?p=6331"},"modified":"2024-07-30T21:21:52","modified_gmt":"2024-07-31T00:21:52","slug":"otero-em-noite-inspirada-brilha-e-o-santos-goleia-o-coritiba-na-vila","status":"publish","type":"post","link":"https:\/\/sergiobertoldi.com\/index.php\/2024\/07\/22\/otero-em-noite-inspirada-brilha-e-o-santos-goleia-o-coritiba-na-vila\/","title":{"rendered":"Otero em noite inspirada brilha e o Santos goleia o Coritiba na Vila"},"content":{"rendered":"<p><span style=\"font-family: helvetica, arial, sans-serif; font-size: 14pt;\"><strong><u>Al\u00f4 Na\u00e7\u00e3o Santista! Sauda\u00e7\u00f5es Alvinegras!<\/u><\/strong><strong><u>\u00a0<\/u><\/strong><\/span><\/p>\n<p style=\"text-align: justify;\"><span style=\"font-family: tahoma, arial, helvetica, sans-serif; font-size: 14pt;\">Jogando em sua casa na noite dessa segunda-feira (22), o Santos consolidou ainda mais sua lideran\u00e7a na S\u00e9rie B do Campeonato Brasileiro, ao vencer o Coritiba por 4 a 0.<br \/>\n<\/span><span style=\"font-family: tahoma, arial, helvetica, sans-serif; font-size: 14pt;\">Os gols da goleada Santista foram marcados por <strong>Giuliano<\/strong>, <strong>Guilherme<\/strong>, <strong>Furch<\/strong> e <strong>Pedrinho<\/strong>.<br \/>\nO destaque da partida foi o meia atacante <strong>Otero<\/strong>, que n\u00e3o balan\u00e7ou as redes advers\u00e1rias mas participou diretamente de tr\u00eas dos quatro gols assinalados pela equipe.<\/span><\/p>\n<p style=\"text-align: justify;\"><span style=\"font-family: tahoma, arial, helvetica, sans-serif; font-size: 14pt;\">Com a vit\u00f3ria, a equipe do t\u00e9cnico F\u00e1bio Carille abriu uma vantagem de quatro pontos na ponta da tabela, e chegou a <strong>32<\/strong> pontos em <strong>17<\/strong> jogos.\u00a0O Alvinegro Praiano agora acumula <strong>10<\/strong> vit\u00f3rias, dois empates e cinco derrotas, consolidando sua lideran\u00e7a na S\u00e9rie B do Campeonato Brasileiro<\/span><\/p>\n<p style=\"text-align: justify;\"><span style=\"font-family: tahoma, arial, helvetica, sans-serif; font-size: 14pt;\">Os torcedores do Santos que compareceram \u00e0 Vila Belmiro para assistir o confronto contra o Coritiba, desta vez n\u00e3o ter\u00e3o o que reclamar, tanto em rela\u00e7\u00e3o ao placar el\u00e1stico 4 a 0, como pelo futebol apresentado pela equipe!<\/span><\/p>\n<p style=\"text-align: justify;\"><span style=\"font-family: tahoma, arial, helvetica, sans-serif; font-size: 14pt;\">A partida j\u00e1 come\u00e7ou de forma eletrizante, com a equipe do Santos impondo desde os minutos iniciais um ritmo acelerado. Aos 3 minutos, <strong>Giuliano<\/strong> aproveitou um rebote ap\u00f3s cobran\u00e7a de falta de Otero, que bateu na trave. Cinco minutos depois, <strong>Guilherme<\/strong> desviou um chute cruzado na defesa coritibana para ampliar o marcador.<br \/>\n<\/span><span style=\"font-family: tahoma, arial, helvetica, sans-serif; font-size: 14pt;\">O Coritiba tentou reagir, mas a defesa do Santos se encontrava em noite inspirada, defendendo todas as tentativas. Na segunda etapa, o Santos entrou da mesma maneira. <strong>Furch<\/strong> marcou o terceiro tento da equipe praiana em cobran\u00e7a de p\u00eanalti, e <strong>Pedrinho<\/strong> marcou um gol de cabe\u00e7a ap\u00f3s uma excelente cobran\u00e7a de falta de Otero dando n\u00fameros finais ao confronto.<\/span><\/p>\n<p style=\"text-align: justify;\"><span style=\"font-family: tahoma, arial, helvetica, sans-serif; font-size: 14pt;\">O pr\u00f3ximo compromisso do Santos est\u00e1 agendado para domingo. O time ir\u00e1 enfrentar o CRB no Est\u00e1dio Rei Pel\u00e9, em Macei\u00f3, pela 18\u00aa e pen\u00faltima rodada do primeiro turno da S\u00e9rie B. A bola rola a partir das 18h30 (de Bras\u00edlia).<\/span><\/p>\n<p><span style=\"text-decoration: underline; font-size: 14pt;\"><span style=\"font-family: georgia, palatino, serif;\"><strong>FICHA T\u00c9CNICA<\/strong><\/span><\/span><br \/>\n<span style=\"font-family: georgia, palatino, serif; font-size: 14pt;\"><strong><span style=\"text-decoration: underline;\">SANTOS<\/span> <span style=\"font-family: 'times new roman', times, serif;\">4<\/span> X <span style=\"font-family: 'times new roman', times, serif;\">0<\/span> <span style=\"text-decoration: underline;\">CORITIBA<\/span><\/strong><\/span><br \/>\n<span style=\"font-size: 14pt;\"><strong>Local:<\/strong>\u00a0Vila Belmiro, em Santos (SP)<\/span><br \/>\n<span style=\"font-size: 14pt;\"><strong>Data:<\/strong><span style=\"font-family: 'times new roman', times, serif;\">\u00a022<\/span> de julho de <span style=\"font-family: 'times new roman', times, serif;\">2024<\/span> (segunda-feira)<\/span><br \/>\n<span style=\"font-size: 14pt;\"><strong>Hor\u00e1rio:<\/strong>\u00a0\u00e0s <span style=\"font-family: 'times new roman', times, serif;\">20<\/span>h (de Bras\u00edlia)<\/span><br \/>\n<span style=\"font-size: 14pt;\"><strong>\u00c1rbitro:<\/strong>\u00a0Marcelo de Lima Henrique (CE)<\/span><br \/>\n<span style=\"font-size: 14pt;\"><strong>Assistentes:<\/strong>\u00a0Renan Aguiar da Costa (CE) e Jos\u00e9 Moracy de Sousa e Silva (CE)<\/span><br \/>\n<span style=\"font-size: 14pt;\"><strong>VAR:<\/strong>\u00a0Diego Pombo Lopez (Fifa-BA)<\/span><br \/>\n<span style=\"font-size: 14pt;\"><strong><span style=\"background-color: #ffff00;\">Cart\u00f5es amarelos<\/span>:<\/strong>\u00a0Natanael e Pedro Morisco (Coritiba)<\/span><br \/>\n<span style=\"font-size: 14pt;\"><strong>P\u00fablico:<\/strong>\u00a0<span style=\"font-family: 'times new roman', times, serif;\">11.928<\/span> torcedores<\/span><br \/>\n<span style=\"font-size: 14pt;\"><strong>Renda:<\/strong> R$ 547.525,00<\/span><br \/>\n<span style=\"font-size: 14pt;\"><strong>GOLS:<\/strong> Giuliano, aos <span style=\"font-family: 'times new roman', times, serif;\">3<\/span>&#8216; do <span style=\"font-family: 'times new roman', times, serif;\">1<\/span>\u00baT (Santos); Guilherme, aos <span style=\"font-family: 'times new roman', times, serif;\">8<\/span>&#8216; do 1\u00baT (Santos); Furch, aos <span style=\"font-family: 'times new roman', times, serif;\">27<\/span>&#8216; do <span style=\"font-family: 'times new roman', times, serif;\">2<\/span>\u00baT (Santos); Pedrinho, aos <span style=\"font-family: 'times new roman', times, serif;\">35&#8242;<\/span> do <span style=\"font-family: 'times new roman', times, serif;\">2<\/span>\u00baT (Santos)<\/span><br \/>\n<span style=\"font-size: 14pt;\"><strong><span style=\"text-decoration: underline;\">SANTOS<\/span>:<\/strong>\u00a0Gabriel Braz\u00e3o; JP Chermont, Jair, Gil e Escobar (Souza); Jo\u00e3o Schmidt, Diego Pituca (Sandry) e Giuliano (Serginho); Otero, Guilherme (Pedrinho) e Furch (Willian Bigode).<\/span><br \/>\n<span style=\"font-size: 14pt;\"><strong>T\u00e9cnico:<\/strong> F\u00e1bio Carille<\/span><br \/>\n<span style=\"font-size: 14pt;\"><strong><span style=\"text-decoration: underline;\">CORITIBA<\/span>:<\/strong>\u00a0Pedro Morisco; Marcelo Benevenuto (\u00c9berth), Mauricio Ant\u00f4nio e Bruno Melo; Natanel (Jhonny), Morelli (Vini Paulista), Matheus Frizzo (Figueiredo), Sebastian G\u00f3mez e Rodrigo Gelado; Lucas Ronier e Robson (Wesley Pomba).<\/span><br \/>\n<span style=\"font-size: 14pt;\"><strong>T\u00e9cnico:<\/strong>\u00a0F\u00e1bio Matias<\/span><\/p>\n<p><img data-recalc-dims=\"1\" loading=\"lazy\" decoding=\"async\" class=\"size-full wp-image-5917 alignleft\" src=\"https:\/\/i0.wp.com\/sergiobertoldi.com\/wp-content\/uploads\/2024\/01\/Bola-Cheia-copia-150x60-1.png?resize=150%2C60&#038;ssl=1\" alt=\"\" width=\"150\" height=\"60\" \/>\u00a0\u00a0<span style=\"font-size: 14pt;\"><strong><u>Otero<\/u><\/strong><\/span>: <span style=\"font-size: 14pt;\">mesmo sem marcar gol, foi um dos principais destaques da partida, aparecendo tanto no ataque, como ajudando na recomposi\u00e7\u00e3o defensiva! Teve participa\u00e7\u00e3o direta em ao menos tr\u00eas dos quatro gols do Santos, provando que a sua canhotinha \u00e9 venenosa<\/span><\/p>\n<p><strong><u><img data-recalc-dims=\"1\" loading=\"lazy\" decoding=\"async\" class=\"size-full wp-image-5918 alignleft\" src=\"https:\/\/i0.wp.com\/sergiobertoldi.com\/wp-content\/uploads\/2024\/01\/Bola-Murcha-Copia-150x60-1.png?resize=150%2C60&#038;ssl=1\" alt=\"\" width=\"150\" height=\"60\" \/><span style=\"font-size: 14pt;\">Diego Pituca<\/span><\/u>:<\/strong> <span style=\"font-size: 14pt;\">O meio campista teve um desempenho um pouco aqu\u00e9m em compara\u00e7\u00e3o ao que vinha apresentando nos \u00faltimos jogos. Cometeu alguns erros de passe que levaram \u00e0 perda da posse de bola, ocasionando alguns contra-ataques ao advers\u00e1rio<\/span><\/p>\n<p><span style=\"font-size: 14pt;\"><strong><u>PITACOS DO BERTOLDI<\/u><\/strong><\/span><\/p>\n<p><span style=\"font-family: helvetica, arial, sans-serif; font-size: 14pt;\">A vit\u00f3ria do Santos por 4 a 0 sobre o Coritiba, foi baseada em uma das melhores exibi\u00e7\u00f5es da equipe de Vila Belmiro!<br \/>\n<\/span><span style=\"font-family: helvetica, arial, sans-serif; font-size: 14pt;\">O in\u00edcio fulminante do Santos, estabeleceu o tom da partida. Com dois gols marcados nos primeiros dez minutos, o time n\u00e3o s\u00f3 garantiu uma vantagem confort\u00e1vel, mas tamb\u00e9m desestabilizou o Coritiba mental e taticamente.<\/span><\/p>\n<p><span style=\"font-family: helvetica, arial, sans-serif; font-size: 14pt;\">\u00a0O Alvinegro Praiano foi superior em todos os aspectos ao longo do jogo. Al\u00e9m de apresentar um bom rendimento do setor ofensivo, o time esteve bem tamb\u00e9m no setor defensivo que n\u00e3o deu brechas ao ataque do Coritiba, em mais uma noite segura do Goleiro Braz\u00e3o<br \/>\n<\/span><span style=\"font-family: helvetica, arial, sans-serif; font-size: 14pt;\">\u00c9 importante ressaltar que a vit\u00f3ria do Santos n\u00e3o se restringiu apenas a atua\u00e7\u00f5es de jogadores que individualmente se destacaram, mas no conjunto da equipe!<\/span><\/p>\n<p><span style=\"font-family: helvetica, arial, sans-serif; font-size: 14pt;\">V\u00e1rios jogadores que brilharam em campo, mas sem d\u00favida alguma o jogador Otero, merece uma men\u00e7\u00e3o especial pela sua contribui\u00e7\u00e3o nas assist\u00eancias, mostrando uma vis\u00e3o de jogo e execu\u00e7\u00e3o de passes que foram cruciais para o resultado final.<\/span><\/p>\n<p><span style=\"font-size: 14pt;\"><strong><u>Confira os gols do Santos<\/u><\/strong><\/span><\/p>\n<div class=\"jetpack-video-wrapper\"><iframe loading=\"lazy\" title=\"SANTOS 4 X 0 CORITIBA | GOLS | BRASILEIRO B (22\/07\/24)\" width=\"800\" height=\"450\" src=\"https:\/\/www.youtube.com\/embed\/Rrmagzx-LAE?feature=oembed\" frameborder=\"0\" allow=\"accelerometer; autoplay; clipboard-write; encrypted-media; gyroscope; picture-in-picture; web-share\" referrerpolicy=\"strict-origin-when-cross-origin\" allowfullscreen><\/iframe><\/div>\n<p><span style=\"font-size: 14pt;\"><strong><u>Confira os Bastidores da Partida<\/u><\/strong><\/span><\/p>\n<div class=\"jetpack-video-wrapper\"><iframe loading=\"lazy\" title=\"SANTOS 4 X 0 CORITIBA | BASTIDORES | BRASILEIR\u00c3O S\u00c9RIE B (22\/07\/24)\" width=\"800\" height=\"450\" src=\"https:\/\/www.youtube.com\/embed\/S4EKhN_f4MQ?feature=oembed\" frameborder=\"0\" allow=\"accelerometer; autoplay; clipboard-write; encrypted-media; gyroscope; picture-in-picture; web-share\" referrerpolicy=\"strict-origin-when-cross-origin\" allowfullscreen><\/iframe><\/div>\n<p><span style=\"font-size: 14pt;\"><strong><u>Acompanhe a Coletiva do T\u00e9cnico F\u00e1bio Carille<\/u><\/strong><\/span><\/p>\n<div class=\"jetpack-video-wrapper\"><iframe loading=\"lazy\" title=\"F\u00c1BIO CARILLE | COLETIVA (22\/07\/24)\" width=\"800\" height=\"450\" src=\"https:\/\/www.youtube.com\/embed\/wOC4EU-qJ8I?feature=oembed\" frameborder=\"0\" allow=\"accelerometer; autoplay; clipboard-write; encrypted-media; gyroscope; picture-in-picture; web-share\" referrerpolicy=\"strict-origin-when-cross-origin\" allowfullscreen><\/iframe><\/div>\n<p><span style=\"font-size: 14pt;\">(Cr\u00e9dito: Imagem: Raul Baretta\/Santos FC)<br \/>\n<\/span><span style=\"font-size: 14pt;\">(Cr\u00e9dito: Imagem: SantosTV\/Divulga\u00e7\u00e3o\/Santos FC)<\/span><\/p>\n<p><span style=\"font-size: 14pt;\">Falamos das coisas do Santos, sempre com a parceria e o apoio dos nossos anunciantes!<\/span><\/p>\n","protected":false},"excerpt":{"rendered":"<p>Al\u00f4 Na\u00e7\u00e3o Santista! Sauda\u00e7\u00f5es Alvinegras!\u00a0 Jogando em sua casa na noite dessa segunda-feira (22), o Santos consolidou ainda mais sua<\/p>\n","protected":false},"author":2,"featured_media":6333,"comment_status":"open","ping_status":"open","sticky":false,"template":"","format":"standard","meta":{"colormag_page_container_layout":"default_layout","colormag_page_sidebar_layout":"default_layout","_jetpack_memberships_contains_paid_content":false,"footnotes":""},"categories":[12,78,10],"tags":[6],"class_list":["post-6331","post","type-post","status-publish","format-standard","has-post-thumbnail","hentry","category-analise-e-comentario","category-brasileiro-da-serie-b","category-elenco-profissional","tag-santos-fc"],"jetpack_featured_media_url":"https:\/\/i0.wp.com\/sergiobertoldi.com\/wp-content\/uploads\/2024\/07\/53875201823_340e1a09b1_z.jpg?fit=640%2C512&ssl=1","jetpack_likes_enabled":true,"jetpack_sharing_enabled":true,"_links":{"self":[{"href":"https:\/\/sergiobertoldi.com\/index.php\/wp-json\/wp\/v2\/posts\/6331","targetHints":{"allow":["GET"]}}],"collection":[{"href":"https:\/\/sergiobertoldi.com\/index.php\/wp-json\/wp\/v2\/posts"}],"about":[{"href":"https:\/\/sergiobertoldi.com\/index.php\/wp-json\/wp\/v2\/types\/post"}],"author":[{"embeddable":true,"href":"https:\/\/sergiobertoldi.com\/index.php\/wp-json\/wp\/v2\/users\/2"}],"replies":[{"embeddable":true,"href":"https:\/\/sergiobertoldi.com\/index.php\/wp-json\/wp\/v2\/comments?post=6331"}],"version-history":[{"count":2,"href":"https:\/\/sergiobertoldi.com\/index.php\/wp-json\/wp\/v2\/posts\/6331\/revisions"}],"predecessor-version":[{"id":6334,"href":"https:\/\/sergiobertoldi.com\/index.php\/wp-json\/wp\/v2\/posts\/6331\/revisions\/6334"}],"wp:featuredmedia":[{"embeddable":true,"href":"https:\/\/sergiobertoldi.com\/index.php\/wp-json\/wp\/v2\/media\/6333"}],"wp:attachment":[{"href":"https:\/\/sergiobertoldi.com\/index.php\/wp-json\/wp\/v2\/media?parent=6331"}],"wp:term":[{"taxonomy":"category","embeddable":true,"href":"https:\/\/sergiobertoldi.com\/index.php\/wp-json\/wp\/v2\/categories?post=6331"},{"taxonomy":"post_tag","embeddable":true,"href":"https:\/\/sergiobertoldi.com\/index.php\/wp-json\/wp\/v2\/tags?post=6331"}],"curies":[{"name":"wp","href":"https:\/\/api.w.org\/{rel}","templated":true}]}}