{"id":6303,"date":"2024-05-25T09:00:15","date_gmt":"2024-05-25T12:00:15","guid":{"rendered":"https:\/\/sergiobertoldi.com\/?p=6303"},"modified":"2024-07-15T18:36:24","modified_gmt":"2024-07-15T21:36:24","slug":"gabriel-brazao-expressa-tristeza-pela-lesao-de-joao-paulo-e-sente-um-gosto-amargo-em-sua-estreia-pelo-santos","status":"publish","type":"post","link":"https:\/\/sergiobertoldi.com\/index.php\/2024\/05\/25\/gabriel-brazao-expressa-tristeza-pela-lesao-de-joao-paulo-e-sente-um-gosto-amargo-em-sua-estreia-pelo-santos\/","title":{"rendered":"Gabriel Braz\u00e3o expressa tristeza pela les\u00e3o de Jo\u00e3o Paulo e sente um gosto amargo em sua estreia pelo Santos."},"content":{"rendered":"<p><span style=\"font-family: helvetica, arial, sans-serif; font-size: 14pt;\"><strong><u>Al\u00f4 Na\u00e7\u00e3o Santista! Sauda\u00e7\u00f5es Alvinegras!<\/u><\/strong><\/span><\/p>\n<p style=\"text-align: justify;\"><span style=\"font-family: tahoma, arial, helvetica, sans-serif; font-size: 14pt;\">Na sexta-feira (24), o Santos foi derrotado por 2 a 1 pelo Am\u00e9rica-MG, durante a s\u00e9tima rodada do Campeonato Brasileiro.<br \/>\n<\/span><span style=\"font-family: tahoma, arial, helvetica, sans-serif; font-size: 14pt;\">O jogo em Belo Horizonte marcou a estreia de <strong>Gabriel Braz\u00e3o<\/strong> com a camisa alvinegra.<\/span><\/p>\n<p style=\"text-align: justify;\"><span style=\"font-family: tahoma, arial, helvetica, sans-serif; font-size: 14pt;\">No entanto, o goleiro lamentou a forma como isso aconteceu, j\u00e1 que sua estreia na meta Santista, s\u00f3 ocorreu pelo fato do goleiro titular <strong>Jo\u00e3o Paulo<\/strong>, ter sofrido uma les\u00e3o no gol que resultou no primeiro gol do Coelho e teve que sair de campo.<br \/>\nBraz\u00e3o fez quest\u00e3o de demonstrar sua torcida pelo companheiro.<\/span><\/p>\n<p><img data-recalc-dims=\"1\" loading=\"lazy\" decoding=\"async\" class=\"aligncenter wp-image-6304\" src=\"https:\/\/i0.wp.com\/sergiobertoldi.com\/wp-content\/uploads\/2024\/07\/Joao-Paulo-JPEG.jpg?resize=650%2C433&#038;ssl=1\" alt=\"\" width=\"650\" height=\"433\" srcset=\"https:\/\/i0.wp.com\/sergiobertoldi.com\/wp-content\/uploads\/2024\/07\/Joao-Paulo-JPEG.jpg?resize=1024%2C683&amp;ssl=1 1024w, https:\/\/i0.wp.com\/sergiobertoldi.com\/wp-content\/uploads\/2024\/07\/Joao-Paulo-JPEG.jpg?resize=300%2C200&amp;ssl=1 300w, https:\/\/i0.wp.com\/sergiobertoldi.com\/wp-content\/uploads\/2024\/07\/Joao-Paulo-JPEG.jpg?resize=768%2C512&amp;ssl=1 768w, https:\/\/i0.wp.com\/sergiobertoldi.com\/wp-content\/uploads\/2024\/07\/Joao-Paulo-JPEG.jpg?resize=1536%2C1024&amp;ssl=1 1536w, https:\/\/i0.wp.com\/sergiobertoldi.com\/wp-content\/uploads\/2024\/07\/Joao-Paulo-JPEG.jpg?resize=2048%2C1366&amp;ssl=1 2048w, https:\/\/i0.wp.com\/sergiobertoldi.com\/wp-content\/uploads\/2024\/07\/Joao-Paulo-JPEG.jpg?w=1600&amp;ssl=1 1600w, https:\/\/i0.wp.com\/sergiobertoldi.com\/wp-content\/uploads\/2024\/07\/Joao-Paulo-JPEG.jpg?w=2400&amp;ssl=1 2400w\" sizes=\"auto, (max-width: 650px) 100vw, 650px\" \/><\/p>\n<blockquote>\n<p style=\"text-align: justify;\"><span style=\"font-family: tahoma, arial, helvetica, sans-serif; font-size: 14pt;\">\u201cFico muito triste de entrar da maneira que entrei, com a les\u00e3o de um amigo. Estou orando para que n\u00e3o seja nada de grave. Entrei ligado no jogo para ajudar os meus companheiros. Vamos treinar firme para dar a volta por cima&#8221;<\/span><\/p>\n<\/blockquote>\n<p style=\"text-align: justify;\"><span style=\"font-family: tahoma, arial, helvetica, sans-serif; font-size: 14pt;\">Embora solid\u00e1rio ao companheiro, apesar das circunst\u00e2ncias Braz\u00e3o comemorou a sua estreia na meta do Alvinegro Praiano.<\/span><\/p>\n<blockquote>\n<p style=\"text-align: justify;\"><span style=\"font-family: tahoma, arial, helvetica, sans-serif; font-size: 14pt;\">\u201cCom certeza (noite especial). Deus est\u00e1 no controle de tudo. Vim preparado para jogar, ajudar meus companheiros.<br \/>\nInfelizmente foi da forma que aconteceu, com a les\u00e3o de um amigo. Mas estava pronto, creio que pude ajudar, infelizmente o resultado n\u00e3o foi o que a gente gostaria\u201d, finalizou.<\/span><\/p>\n<\/blockquote>\n<p style=\"text-align: justify;\"><span style=\"font-family: tahoma, arial, helvetica, sans-serif; font-size: 14pt;\">Gabriel Braz\u00e3o tem 23 anos e \u00e9 um goleiro que ganhou destaque nas categorias de base do Cruzeiro e no Mundial sub-17 de 2017, quando foi eleito o melhor goleiro da competi\u00e7\u00e3o.<\/span><\/p>\n<p style=\"text-align: justify;\"><span style=\"font-size: 14pt;\"><strong><u>PITACOS DO BERTOLDI<\/u><\/strong><\/span><\/p>\n<p style=\"text-align: justify;\"><span style=\"font-size: 14pt; font-family: tahoma, arial, helvetica, sans-serif;\">A estreia de Braz\u00e3o \u00e9 um reflexo das reviravoltas que um atleta pode enfrentar em sua carreira.<br \/>\nRevelado na base do Cruzeiro e com passagens por clubes europeus, Braz\u00e3o chegou ao Santos com a esperan\u00e7a de consolidar sua carreira no futebol brasileiro.<br \/>\nCom a les\u00e3o de Jo\u00e3o Paulo, ele ganhar\u00e1 uma sequ\u00eancia in\u00e9dita como titular, uma oportunidade para demonstrar seu talento e contribuir para o sucesso do time.<\/span><\/p>\n<p style=\"text-align: justify;\"><span style=\"font-size: 14pt; font-family: tahoma, arial, helvetica, sans-serif;\">O futebol \u00e9 um esporte que muitas vezes coloca os atletas diante de situa\u00e7\u00f5es imprevis\u00edveis.<br \/>\nA estreia de Gabriel Braz\u00e3o pelo Santos \u00e9 um exemplo de como um jogador deve estar sempre preparado para aproveitar as oportunidades, mesmo nas circunst\u00e2ncias mais desafiadoras.<br \/>\nO incidente tamb\u00e9m levanta quest\u00f5es sobre a \u00e9tica no esporte e o respeito entre os atletas, temas que transcendem as quatro linhas do campo e refletem os valores do futebol como um todo.<\/span><\/p>\n<p style=\"text-align: justify;\"><span style=\"font-size: 14pt; font-family: tahoma, arial, helvetica, sans-serif;\">Agora com a responsabilidade de defender o gol do Santos, o jovem Goleiro tem a chance de transformar esse momento controverso em um ponto de partida para uma trajet\u00f3ria de sucesso.<br \/>\nO apoio dos torcedores ser\u00e1 crucial para que o goleiro possa superar as adversidades e mostrar que est\u00e1 \u00e0 altura dos desafios que o aguardam no campeonato brasileiro.<\/span><\/p>\n<p style=\"text-align: justify;\"><span style=\"font-size: 14pt;\">(Cr\u00e9dito: Imagem: Raul Baretta\/Santos FC)<br \/>\n<\/span><span style=\"font-size: 14pt;\">(Cr\u00e9dito: Imagem: SantosTV\/Divulga\u00e7\u00e3o\/Santos FC)<\/span><\/p>\n<p style=\"text-align: justify;\"><span style=\"font-size: 14pt;\">Falamos das coisas do Santos, sempre com a parceria e o apoio dos nossos anunciantes!<\/span><\/p>\n","protected":false},"excerpt":{"rendered":"<p>Al\u00f4 Na\u00e7\u00e3o Santista! Sauda\u00e7\u00f5es Alvinegras! Na sexta-feira (24), o Santos foi derrotado por 2 a 1 pelo Am\u00e9rica-MG, durante a<\/p>\n","protected":false},"author":2,"featured_media":6307,"comment_status":"open","ping_status":"open","sticky":false,"template":"","format":"standard","meta":{"colormag_page_container_layout":"default_layout","colormag_page_sidebar_layout":"default_layout","_jetpack_memberships_contains_paid_content":false,"footnotes":""},"categories":[4,10,79],"tags":[],"class_list":["post-6303","post","type-post","status-publish","format-standard","has-post-thumbnail","hentry","category-bastidores-do-santos-fc","category-elenco-profissional","category-estreia-no-profissional"],"jetpack_featured_media_url":"https:\/\/i0.wp.com\/sergiobertoldi.com\/wp-content\/uploads\/2024\/05\/WhatsApp-Image-2024-05-25-at-09.59.02-1.jpeg?fit=1096%2C760&ssl=1","jetpack_likes_enabled":true,"jetpack_sharing_enabled":true,"_links":{"self":[{"href":"https:\/\/sergiobertoldi.com\/index.php\/wp-json\/wp\/v2\/posts\/6303","targetHints":{"allow":["GET"]}}],"collection":[{"href":"https:\/\/sergiobertoldi.com\/index.php\/wp-json\/wp\/v2\/posts"}],"about":[{"href":"https:\/\/sergiobertoldi.com\/index.php\/wp-json\/wp\/v2\/types\/post"}],"author":[{"embeddable":true,"href":"https:\/\/sergiobertoldi.com\/index.php\/wp-json\/wp\/v2\/users\/2"}],"replies":[{"embeddable":true,"href":"https:\/\/sergiobertoldi.com\/index.php\/wp-json\/wp\/v2\/comments?post=6303"}],"version-history":[{"count":3,"href":"https:\/\/sergiobertoldi.com\/index.php\/wp-json\/wp\/v2\/posts\/6303\/revisions"}],"predecessor-version":[{"id":6309,"href":"https:\/\/sergiobertoldi.com\/index.php\/wp-json\/wp\/v2\/posts\/6303\/revisions\/6309"}],"wp:featuredmedia":[{"embeddable":true,"href":"https:\/\/sergiobertoldi.com\/index.php\/wp-json\/wp\/v2\/media\/6307"}],"wp:attachment":[{"href":"https:\/\/sergiobertoldi.com\/index.php\/wp-json\/wp\/v2\/media?parent=6303"}],"wp:term":[{"taxonomy":"category","embeddable":true,"href":"https:\/\/sergiobertoldi.com\/index.php\/wp-json\/wp\/v2\/categories?post=6303"},{"taxonomy":"post_tag","embeddable":true,"href":"https:\/\/sergiobertoldi.com\/index.php\/wp-json\/wp\/v2\/tags?post=6303"}],"curies":[{"name":"wp","href":"https:\/\/api.w.org\/{rel}","templated":true}]}}