{"id":6286,"date":"2024-07-14T17:29:19","date_gmt":"2024-07-14T20:29:19","guid":{"rendered":"https:\/\/sergiobertoldi.com\/?p=6286"},"modified":"2024-07-15T10:38:18","modified_gmt":"2024-07-15T13:38:18","slug":"aos-71-anos-morre-modesto-roma-junior-importante-dirigente-que-foi-presidente-do-santos-de-2015-a-2017","status":"publish","type":"post","link":"https:\/\/sergiobertoldi.com\/index.php\/2024\/07\/14\/aos-71-anos-morre-modesto-roma-junior-importante-dirigente-que-foi-presidente-do-santos-de-2015-a-2017\/","title":{"rendered":"Aos 71 anos morre Modesto Roma J\u00fanior, importante dirigente que foi presidente do Santos de 2015 a 2017."},"content":{"rendered":"<p><span style=\"font-family: helvetica, arial, sans-serif; font-size: 14pt;\"><strong><u>Al\u00f4 Na\u00e7\u00e3o Santista! Sauda\u00e7\u00f5es Alvinegras!<\/u><\/strong><\/span><\/p>\n<p style=\"text-align: justify;\"><span style=\"font-family: tahoma, arial, helvetica, sans-serif; font-size: 14pt;\">Faleceu na tarde deste domingo (14), aos 71 anos, o ex-presidente do \u201c<strong>Santos Futebol Clube<\/strong>\u201d <strong>Modesto Roma J\u00fanior<\/strong>, v\u00edtima de uma parada cardiorrespirat\u00f3ria. Modesto que estava internado em tratamento contra um c\u00e2ncer, deixa a esposa <strong>Silvia Maria Tag\u00e9,<\/strong> os filhos <strong>Mateus <\/strong>e <strong>Marina<\/strong> e duas <strong>netas<\/strong><\/span><\/p>\n<p style=\"text-align: justify;\"><span style=\"font-family: tahoma, arial, helvetica, sans-serif; font-size: 14pt;\">Nascido em <strong>5<\/strong> de dezembro de <strong>1952<\/strong>, na cidade de Santos, Modesto Roma Jr era filho do j\u00e1 falecido <strong>Modesto Roma<\/strong>, ex-presidente do clube entre <strong>1975<\/strong> e <strong>1978<\/strong> e irm\u00e3o do tamb\u00e9m falecido <strong>Carlos Henrique Roma<\/strong>, criador do hino \u201c<strong>Sou Alvinegro da Vila Belmiro<\/strong>\u201d<\/span><\/p>\n<p style=\"text-align: justify;\"><span style=\"font-family: tahoma, arial, helvetica, sans-serif; font-size: 14pt;\">Candidato pela chapa &#8220;<strong>Santos Gigante<\/strong>&#8220;, Roma Jr foi eleito presidente do clube em <strong>13<\/strong> de <strong>dezembro<\/strong> de <strong>2014<\/strong>, com <strong>1.321<\/strong> votos, o que representou <strong>29,35%<\/strong> dos votos poss\u00edveis.<\/span><\/p>\n<p><img data-recalc-dims=\"1\" loading=\"lazy\" decoding=\"async\" class=\"aligncenter wp-image-6287 size-full\" src=\"https:\/\/i0.wp.com\/sergiobertoldi.com\/wp-content\/uploads\/2024\/07\/201412141555500g.jpg?resize=660%2C410&#038;ssl=1\" alt=\"\" width=\"660\" height=\"410\" srcset=\"https:\/\/i0.wp.com\/sergiobertoldi.com\/wp-content\/uploads\/2024\/07\/201412141555500g.jpg?w=660&amp;ssl=1 660w, https:\/\/i0.wp.com\/sergiobertoldi.com\/wp-content\/uploads\/2024\/07\/201412141555500g.jpg?resize=300%2C186&amp;ssl=1 300w\" sizes=\"auto, (max-width: 660px) 100vw, 660px\" \/><\/p>\n<p style=\"text-align: justify;\"><span style=\"font-family: tahoma, arial, helvetica, sans-serif; font-size: 14pt;\">Roma Jr liderou o Santos no tri\u00eanio de <strong>2015<\/strong> a <strong>2017<\/strong>, durante o qual a equipe conquistou seu \u00faltimo t\u00edtulo: o <strong>Campeonato Paulista de 2016<\/strong>. Durante sua gest\u00e3o, o Santos foi campe\u00e3o Paulista de <strong>2015 e 2016<\/strong>, al\u00e9m de um vice campeonato da <strong>Copa do Brasil<\/strong> em <strong>2015<\/strong>.<br \/>\n<\/span><span style=\"font-size: 14pt; font-family: tahoma, arial, helvetica, sans-serif;\">Durante a campanha para a presid\u00eancia do Santos, Modesto Roma Jr., sempre mencionava seu pai, Modesto Roma, que foi diretor do clube de <strong>1951<\/strong> a <strong>1975<\/strong> e presidente de <strong>1975<\/strong> a <strong>1978<\/strong>, como sua principal inspira\u00e7\u00e3o.\u00a0<\/span><br \/>\n<span style=\"font-size: 14pt; font-family: tahoma, arial, helvetica, sans-serif;\">Com apenas tr\u00eas meses no cargo, Roma Jr. j\u00e1 conseguiu levar o Santos ao primeiro t\u00edtulo de sua gest\u00e3o, conquistando o campeonato paulista ao derrotar o Palmeiras na Vila Belmiro.<\/span><span style=\"font-family: tahoma, arial, helvetica, sans-serif; font-size: 14pt;\">\u00a0<\/span><\/p>\n<p style=\"text-align: justify;\"><span style=\"font-family: tahoma, arial, helvetica, sans-serif; font-size: 14pt;\"><img data-recalc-dims=\"1\" loading=\"lazy\" decoding=\"async\" class=\"aligncenter wp-image-6290\" src=\"https:\/\/i0.wp.com\/sergiobertoldi.com\/wp-content\/uploads\/2024\/07\/508285-970x600-1.jpeg?resize=750%2C464&#038;ssl=1\" alt=\"\" width=\"750\" height=\"464\" srcset=\"https:\/\/i0.wp.com\/sergiobertoldi.com\/wp-content\/uploads\/2024\/07\/508285-970x600-1.jpeg?w=970&amp;ssl=1 970w, https:\/\/i0.wp.com\/sergiobertoldi.com\/wp-content\/uploads\/2024\/07\/508285-970x600-1.jpeg?resize=300%2C186&amp;ssl=1 300w, https:\/\/i0.wp.com\/sergiobertoldi.com\/wp-content\/uploads\/2024\/07\/508285-970x600-1.jpeg?resize=768%2C475&amp;ssl=1 768w\" sizes=\"auto, (max-width: 750px) 100vw, 750px\" \/><\/span><span style=\"font-family: tahoma, arial, helvetica, sans-serif; font-size: 14pt;\">No in\u00edcio de sua gest\u00e3o, Modesto enfrentou graves problemas financeiros, herdados da administra\u00e7\u00e3o anterior, que deixou uma d\u00edvida estimada em <strong>409 milh\u00f5es <\/strong>de reais, problema que resultou no atraso no pagamento dos sal\u00e1rios dos jogadores, levando \u00e0 sa\u00edda de alguns deles que ingressaram na Justi\u00e7a do Trabalho!<br \/>\n<\/span><span style=\"font-family: tahoma, arial, helvetica, sans-serif; font-size: 14pt;\">Ao todo, juntando funcion\u00e1rios do clube, somados a alguns jogadores, Modesto iniciou sua gest\u00e3o tendo que lidar com aproximadamente <strong>260<\/strong> a\u00e7\u00f5es trabalhistas, o que exigiu do presidente Santista, adotar medidas rigorosa para resolver essa situa\u00e7\u00e3o, conseguindo regularizar os sal\u00e1rios em alguns meses.<\/span><\/p>\n<p style=\"text-align: justify;\"><span style=\"font-family: tahoma, arial, helvetica, sans-serif; font-size: 14pt;\">Apesar de todos os problemas, Modesto formou uma equipe com jogadores de baixo custo, alguns jogando por contratos de produtividade, o que gerou desconfian\u00e7a em alguns.<br \/>\n<\/span><span style=\"font-family: tahoma, arial, helvetica, sans-serif; font-size: 14pt;\">No entanto, os resultados foram significativos, com a conquista do t\u00edtulo do campeonato paulista logo nos primeiros tr\u00eas meses de trabalho, um s\u00e9timo lugar no <strong>Campeonato Brasileiro, <\/strong>classifica\u00e7\u00e3o que proporcionou ao Santos seu retorno a uma disputa de<strong> Copa Libertadores, <\/strong>ap\u00f3s cinco anos de aus\u00eancia, al\u00e9m de um vice-campeonato da Copa do <strong>Brasil<\/strong> ao final da temporada de 2015.<\/span><\/p>\n<p style=\"text-align: justify;\"><span style=\"font-family: tahoma, arial, helvetica, sans-serif; font-size: 14pt;\">Modestinho como carinhosamente era chamado pelos amigos, n\u00e3o apenas presidiu o Santos, como atuou como <strong>conselheiro <\/strong>em diversos mandatos, e ocupou v\u00e1rias diretorias, como em <strong>1984<\/strong>, quando durante a gest\u00e3o de <strong>Milton Teixeira<\/strong>, foi <strong>Vice-Presidente de Comunica\u00e7\u00e3o, <\/strong>e em <strong>2004<\/strong>, durante a gest\u00e3o de <strong>Marcelo Teixeira<\/strong>, assumiu o cargo de <strong>Supervisor Administrativo<\/strong> do clube!<\/span><\/p>\n<p style=\"text-align: justify;\"><span style=\"font-family: tahoma, arial, helvetica, sans-serif; font-size: 14pt;\">Modesto Roma J\u00fanior tamb\u00e9m teve um importante e vitorioso envolvimento com o futebol feminino, onde atuou como supervisor administrativo do departamento de <strong>2004<\/strong> a <strong>2009!<br \/>\n<\/strong><\/span><span style=\"font-family: tahoma, arial, helvetica, sans-serif; font-size: 14pt;\">Ap\u00f3s <strong>2011<\/strong>, quando o Futebol Feminino do clube foi reativado ap\u00f3s um per\u00edodo de inatividades, Modesto fez hist\u00f3ria com as meninas, per\u00edodo em que o time apelidado de \u201cSereias da Vila\u201d e conquistou importantes t\u00edtulos, entre eles seu primeiro t\u00edtulo da <strong>Libertadores<\/strong> na modalidade, ap\u00f3s terem conquistado um in\u00e9dito <strong>Campeonato Brasileiro<\/strong> em <strong>2017, <\/strong>comandadas pelo<strong> t\u00e9cnico Caio Couto.<\/strong><\/span><\/p>\n<p><img data-recalc-dims=\"1\" loading=\"lazy\" decoding=\"async\" class=\"aligncenter wp-image-6291 size-full\" src=\"https:\/\/i0.wp.com\/sergiobertoldi.com\/wp-content\/uploads\/2024\/07\/brasileiro-2017-feminino.jpg?resize=800%2C532&#038;ssl=1\" alt=\"\" width=\"800\" height=\"532\" srcset=\"https:\/\/i0.wp.com\/sergiobertoldi.com\/wp-content\/uploads\/2024\/07\/brasileiro-2017-feminino.jpg?w=1024&amp;ssl=1 1024w, https:\/\/i0.wp.com\/sergiobertoldi.com\/wp-content\/uploads\/2024\/07\/brasileiro-2017-feminino.jpg?resize=300%2C200&amp;ssl=1 300w, https:\/\/i0.wp.com\/sergiobertoldi.com\/wp-content\/uploads\/2024\/07\/brasileiro-2017-feminino.jpg?resize=768%2C511&amp;ssl=1 768w\" sizes=\"auto, (max-width: 800px) 100vw, 800px\" \/><\/p>\n<p><img data-recalc-dims=\"1\" loading=\"lazy\" decoding=\"async\" class=\"aligncenter wp-image-6292 size-full\" src=\"https:\/\/i0.wp.com\/sergiobertoldi.com\/wp-content\/uploads\/2024\/07\/marta-cristiane-no-santos.jpg?resize=399%2C274&#038;ssl=1\" alt=\"\" width=\"399\" height=\"274\" srcset=\"https:\/\/i0.wp.com\/sergiobertoldi.com\/wp-content\/uploads\/2024\/07\/marta-cristiane-no-santos.jpg?w=399&amp;ssl=1 399w, https:\/\/i0.wp.com\/sergiobertoldi.com\/wp-content\/uploads\/2024\/07\/marta-cristiane-no-santos.jpg?resize=300%2C206&amp;ssl=1 300w, https:\/\/i0.wp.com\/sergiobertoldi.com\/wp-content\/uploads\/2024\/07\/marta-cristiane-no-santos.jpg?resize=130%2C90&amp;ssl=1 130w\" sizes=\"auto, (max-width: 399px) 100vw, 399px\" \/><\/p>\n<p style=\"text-align: justify;\"><span style=\"font-family: tahoma, arial, helvetica, sans-serif; font-size: 14pt;\">A base do time era formada pelas jogadoras <strong>Cristiane <\/strong>e <strong>Marta<\/strong>, sensa\u00e7\u00f5es da equipe, al\u00e9m das meninas: <strong>Andr\u00e9ia Suntaque, Aline Pellegrino Pikena, Carol Arruda, Jana\u00edna e Dani; Ester, Fran, Maurine e \u00c9rika Suzana; Thais e Ketlen. <\/strong><\/span><\/p>\n<p style=\"text-align: justify;\"><span style=\"font-family: tahoma, arial, helvetica, sans-serif; font-size: 14pt;\">No in\u00edcio deste ano, com a volta do Presidente Marcelo Teixeira, ao poder, antigo aliado de Modesto, o ex-presidente voltou a ter influ\u00eancia no departamento de futebol feminino do Santos, embora sem um cargo espec\u00edfico, mas acabou tendo que interromper o trabalho, se afastando para cuidar da sa\u00fade!<\/span><\/p>\n<p style=\"text-align: justify;\"><span style=\"font-family: tahoma, arial, helvetica, sans-serif; font-size: 14pt;\">A liga\u00e7\u00e3o do ex Presidente Modesto Roma Jr com o Santos, se entrela\u00e7a com boa parte da pr\u00f3pria hist\u00f3ria do clube, pois o mesmo ainda muito novo, ainda pequeno, passava grande parte do dia junto ao seu Pai \u201cModesto Roma\u201d da Lend\u00e1ria dupla de dirigentes \u201c<strong>Athi\u00ea Jorge Cury\/Modesto Roma<\/strong>\u201d<\/span><\/p>\n<p style=\"text-align: justify;\"><img data-recalc-dims=\"1\" loading=\"lazy\" decoding=\"async\" class=\"aligncenter wp-image-6293 size-full\" src=\"https:\/\/i0.wp.com\/sergiobertoldi.com\/wp-content\/uploads\/2024\/07\/Modesto-e-athie-JPEG.jpg?resize=450%2C547&#038;ssl=1\" alt=\"\" width=\"450\" height=\"547\" srcset=\"https:\/\/i0.wp.com\/sergiobertoldi.com\/wp-content\/uploads\/2024\/07\/Modesto-e-athie-JPEG.jpg?w=450&amp;ssl=1 450w, https:\/\/i0.wp.com\/sergiobertoldi.com\/wp-content\/uploads\/2024\/07\/Modesto-e-athie-JPEG.jpg?resize=247%2C300&amp;ssl=1 247w\" sizes=\"auto, (max-width: 450px) 100vw, 450px\" \/><\/p>\n<p>&nbsp;<\/p>\n<p><img data-recalc-dims=\"1\" loading=\"lazy\" decoding=\"async\" class=\"size-full wp-image-6297 aligncenter\" src=\"https:\/\/i0.wp.com\/sergiobertoldi.com\/wp-content\/uploads\/2024\/07\/Coroa-no-escudo-300x300-1.jpeg?resize=300%2C300&#038;ssl=1\" alt=\"\" width=\"300\" height=\"300\" srcset=\"https:\/\/i0.wp.com\/sergiobertoldi.com\/wp-content\/uploads\/2024\/07\/Coroa-no-escudo-300x300-1.jpeg?w=300&amp;ssl=1 300w, https:\/\/i0.wp.com\/sergiobertoldi.com\/wp-content\/uploads\/2024\/07\/Coroa-no-escudo-300x300-1.jpeg?resize=150%2C150&amp;ssl=1 150w\" sizes=\"auto, (max-width: 300px) 100vw, 300px\" \/><\/p>\n<blockquote><p><img data-recalc-dims=\"1\" loading=\"lazy\" decoding=\"async\" class=\"size-medium wp-image-6294 aligncenter\" src=\"https:\/\/i0.wp.com\/sergiobertoldi.com\/wp-content\/uploads\/2024\/07\/nota-de-falecimento-750x400-1.png?resize=300%2C160&#038;ssl=1\" alt=\"\" width=\"300\" height=\"160\" srcset=\"https:\/\/i0.wp.com\/sergiobertoldi.com\/wp-content\/uploads\/2024\/07\/nota-de-falecimento-750x400-1.png?resize=300%2C160&amp;ssl=1 300w, https:\/\/i0.wp.com\/sergiobertoldi.com\/wp-content\/uploads\/2024\/07\/nota-de-falecimento-750x400-1.png?w=750&amp;ssl=1 750w\" sizes=\"auto, (max-width: 300px) 100vw, 300px\" \/> <span style=\"font-family: tahoma, arial, helvetica, sans-serif; font-size: 14pt;\">O Santos Futebol Clube lamenta profundamente o falecimento do ex-presidente Modesto Roma J\u00fanior. Presidente do Clube no tri\u00eanio 2015\/2017, inclusive com o bicampeonato paulista de 2015 e 2016, ele foi diretor do Peixe de 2004 a 2009, no mandato de Marcelo Teixeira, sendo um dos incentivadores do time de futebol feminino, as Sereias da Vila, que contou com a craque Marta, com v\u00e1rios t\u00edtulos, entre eles o bicampeonato da Libertadores Feminina.<br \/>\n<\/span><span style=\"font-family: tahoma, arial, helvetica, sans-serif; font-size: 14pt;\">O Santos FC decretou luto oficial de sete dias e bandeira hasteada \u00e0 meio mastro. Nossos sentimentos aos familiares e amigos.&#8221;<\/span><\/p><\/blockquote>\n<p style=\"text-align: justify;\"><span style=\"font-family: tahoma, arial, helvetica, sans-serif; font-size: 14pt;\">*O vel\u00f3rio de Modesto Roma J\u00fanior acontecer\u00e1 no sal\u00e3o Nobre no Memorial, no dia 15\/07\/2024, a partir das 9h da manh\u00e3.\u00a0<\/span><span style=\"font-family: tahoma, arial, helvetica, sans-serif; font-size: 14pt;\">A cerim\u00f4nia de crema\u00e7\u00e3o iniciar\u00e1 as 17h*<\/span><\/p>\n<p style=\"text-align: justify;\"><span style=\"font-family: tahoma, arial, helvetica, sans-serif; font-size: 14pt;\">\u00a0(Cr\u00e9dito: Imagem: Raul Baretta\/Santos FC)<br \/>\n<\/span><span style=\"font-family: tahoma, arial, helvetica, sans-serif; font-size: 14pt;\">\u00a0(Cr\u00e9dito: Imagem: Pedro Ernesto Guerra Azevedo\/Santos FC)<br \/>\n<\/span><span style=\"font-family: tahoma, arial, helvetica, sans-serif; font-size: 14pt;\">\u00a0(Cr\u00e9dito: Imagem: Guilherme Kastner \/ Brazil Photo Press\/Folhapress)<\/span><\/p>\n<p style=\"text-align: justify;\"><span style=\"font-family: tahoma, arial, helvetica, sans-serif; font-size: 14pt;\">Falamos das coisas do Santos, sempre com a parceria e o apoio dos nossos anunciantes!<\/span><\/p>\n","protected":false},"excerpt":{"rendered":"<p>Al\u00f4 Na\u00e7\u00e3o Santista! Sauda\u00e7\u00f5es Alvinegras! Faleceu na tarde deste domingo (14), aos 71 anos, o ex-presidente do \u201cSantos Futebol Clube\u201d<\/p>\n","protected":false},"author":2,"featured_media":6298,"comment_status":"open","ping_status":"open","sticky":false,"template":"","format":"standard","meta":{"colormag_page_container_layout":"default_layout","colormag_page_sidebar_layout":"default_layout","_jetpack_memberships_contains_paid_content":false,"footnotes":""},"categories":[4,35,19,13],"tags":[6],"class_list":["post-6286","post","type-post","status-publish","format-standard","has-post-thumbnail","hentry","category-bastidores-do-santos-fc","category-edicao-especial","category-homenagem-a-historia","category-presidencia","tag-santos-fc"],"jetpack_featured_media_url":"https:\/\/i0.wp.com\/sergiobertoldi.com\/wp-content\/uploads\/2024\/07\/1632432067614cefc35d401_1632432067_3x2_rt.jpg?fit=2400%2C1600&ssl=1","jetpack_likes_enabled":true,"jetpack_sharing_enabled":true,"_links":{"self":[{"href":"https:\/\/sergiobertoldi.com\/index.php\/wp-json\/wp\/v2\/posts\/6286","targetHints":{"allow":["GET"]}}],"collection":[{"href":"https:\/\/sergiobertoldi.com\/index.php\/wp-json\/wp\/v2\/posts"}],"about":[{"href":"https:\/\/sergiobertoldi.com\/index.php\/wp-json\/wp\/v2\/types\/post"}],"author":[{"embeddable":true,"href":"https:\/\/sergiobertoldi.com\/index.php\/wp-json\/wp\/v2\/users\/2"}],"replies":[{"embeddable":true,"href":"https:\/\/sergiobertoldi.com\/index.php\/wp-json\/wp\/v2\/comments?post=6286"}],"version-history":[{"count":5,"href":"https:\/\/sergiobertoldi.com\/index.php\/wp-json\/wp\/v2\/posts\/6286\/revisions"}],"predecessor-version":[{"id":6302,"href":"https:\/\/sergiobertoldi.com\/index.php\/wp-json\/wp\/v2\/posts\/6286\/revisions\/6302"}],"wp:featuredmedia":[{"embeddable":true,"href":"https:\/\/sergiobertoldi.com\/index.php\/wp-json\/wp\/v2\/media\/6298"}],"wp:attachment":[{"href":"https:\/\/sergiobertoldi.com\/index.php\/wp-json\/wp\/v2\/media?parent=6286"}],"wp:term":[{"taxonomy":"category","embeddable":true,"href":"https:\/\/sergiobertoldi.com\/index.php\/wp-json\/wp\/v2\/categories?post=6286"},{"taxonomy":"post_tag","embeddable":true,"href":"https:\/\/sergiobertoldi.com\/index.php\/wp-json\/wp\/v2\/tags?post=6286"}],"curies":[{"name":"wp","href":"https:\/\/api.w.org\/{rel}","templated":true}]}}