{"id":6282,"date":"2024-06-27T16:47:38","date_gmt":"2024-06-27T19:47:38","guid":{"rendered":"https:\/\/sergiobertoldi.com\/?p=6282"},"modified":"2024-07-14T17:32:59","modified_gmt":"2024-07-14T20:32:59","slug":"santos-apresenta-paulo-bracks-que-chega-para-ser-ceo-e-diretor-executivo-do-clube","status":"publish","type":"post","link":"https:\/\/sergiobertoldi.com\/index.php\/2024\/06\/27\/santos-apresenta-paulo-bracks-que-chega-para-ser-ceo-e-diretor-executivo-do-clube\/","title":{"rendered":"Santos apresenta Paulo Bracks que chega para ser CEO e diretor-executivo do clube"},"content":{"rendered":"<p><span style=\"font-family: helvetica, arial, sans-serif; font-size: 14pt;\"><strong><u>Al\u00f4 Na\u00e7\u00e3o Santista! Sauda\u00e7\u00f5es Alvinegras!<\/u><\/strong><\/span><\/p>\n<p style=\"text-align: justify;\"><span style=\"font-family: tahoma, arial, helvetica, sans-serif; font-size: 14pt;\">Nesta quinta-feira (27), o Santos apresentou Paulo Bracks como o novo diretor-executivo do clube. Sua fun\u00e7\u00e3o ser\u00e1 a de atuar como um CEO, liderando as \u00e1reas estrat\u00e9gicas do clube, sem se envolver diretamente com as atividades di\u00e1rias do futebol, mas sim com a gest\u00e3o geral da institui\u00e7\u00e3o.<\/span><\/p>\n<p style=\"text-align: justify;\"><span style=\"font-family: tahoma, arial, helvetica, sans-serif; font-size: 14pt;\">Quando contratou o novo executivo do Santos, o presidente Marcelo Teixeira deixou claro que Paulo Bracks n\u00e3o est\u00e1 vindo para fazer contrata\u00e7\u00f5es, assim como fez no <strong>Vasco<\/strong>, mas sim para acompanhar o trabalho do departamento de futebol, atualmente chefiado pelo executivo <strong>Alexandre Gallo<\/strong>.<br \/>\n<\/span><span style=\"font-family: tahoma, arial, helvetica, sans-serif; font-size: 14pt;\">Portanto, a fun\u00e7\u00e3o de Paulo Bracks ser\u00e1 de supervisionar e acompanhar as atividades do departamento de futebol, e n\u00e3o de realizar diretamente as contrata\u00e7\u00f5es de novos jogadores.<\/span><\/p>\n<p style=\"text-align: justify;\"><span style=\"font-family: tahoma, arial, helvetica, sans-serif; font-size: 14pt;\">Essa abordagem parece indicar que a prioridade ser\u00e1 em avaliar e monitorar o trabalho da equipe t\u00e9cnica atual, liderada por Alexandre Gallo, em vez de promover mudan\u00e7as dr\u00e1sticas na estrutura do futebol do clube neste momento.<\/span><\/p>\n<p style=\"text-align: justify;\"><span style=\"font-family: tahoma, arial, helvetica, sans-serif; font-size: 14pt;\">Ao lado dos membros do Comit\u00ea de Gest\u00e3o do clube, <strong>Luiz Roberto Colombo Barbosa<\/strong> e <strong>Daniel Pereira Alves<\/strong>, o vice-presidente <strong>Fernando Bonavides <\/strong>apresentou oficialmente a imprensa e torcedores do Santos Futebol Clube, o novo diretor-executivo, <strong>Paulo Bracks<\/strong>.<\/span><\/p>\n<p><img data-recalc-dims=\"1\" loading=\"lazy\" decoding=\"async\" class=\"aligncenter wp-image-6284 size-full\" src=\"https:\/\/i0.wp.com\/sergiobertoldi.com\/wp-content\/uploads\/2024\/07\/53819731213_d2dfc8a4a1_z.jpg?resize=640%2C427&#038;ssl=1\" alt=\"\" width=\"640\" height=\"427\" srcset=\"https:\/\/i0.wp.com\/sergiobertoldi.com\/wp-content\/uploads\/2024\/07\/53819731213_d2dfc8a4a1_z.jpg?w=640&amp;ssl=1 640w, https:\/\/i0.wp.com\/sergiobertoldi.com\/wp-content\/uploads\/2024\/07\/53819731213_d2dfc8a4a1_z.jpg?resize=300%2C200&amp;ssl=1 300w\" sizes=\"auto, (max-width: 640px) 100vw, 640px\" \/><\/p>\n<p style=\"text-align: justify;\"><span style=\"font-family: tahoma, arial, helvetica, sans-serif; font-size: 14pt;\">Mesmo sendo respons\u00e1vel por todas as \u00e1reas do clube, o novo diretor considera o futebol como a principal prioridade do Santos, \u201cO Carro chefe do clube\u201d <strong>Paulo Bracks<\/strong> acredita que o Santos precisa melhorar sua capacidade de an\u00e1lise de mercado, especialmente porque a janela de transfer\u00eancias ser\u00e1 aberta em julho.<\/span><\/p>\n<blockquote>\n<p style=\"text-align: justify;\"><span style=\"font-family: tahoma, arial, helvetica, sans-serif; font-size: 14pt;\">\u201cO Santos \u00e9 um clube de futebol e o carro-chefe \u00e9 o futebol profissional. Embora minha \u00e1rea seja geral, base, feminino, marketing, comunica\u00e7\u00e3o\u2026 Obviamente, hoje o Santos est\u00e1 onde n\u00e3o deveria. Estarei ao lado e acima do departamento do futebol profissional para auxiliar em tudo. Faz parte do meu dia a dia estar ao lado do futebol. Inconceb\u00edvel um trabalho que n\u00e3o seja de reconduzir o Santos \u00e0 S\u00e9rie A. N\u00e3o s\u00f3 as quest\u00f5es financeiras, mas an\u00e1lise de mercado, que precisamos otimizar. Estamos preparados\u201d, falou o dirigente.<\/span><\/p>\n<\/blockquote>\n<p style=\"text-align: justify;\"><span style=\"font-family: tahoma, arial, helvetica, sans-serif; font-size: 14pt;\">Bracks revelou que prefere come\u00e7ar trabalhos no in\u00edcio das temporadas, mas aceitou vir para o Santos ingressando no meio da temporada, para ter uma compreens\u00e3o mais precisa do que fazer para <strong>2025<\/strong>. O Santos almeja estar na primeira divis\u00e3o do futebol no pr\u00f3ximo ano e procurou transmitir uma perspectiva positiva para esse per\u00edodo.<\/span><\/p>\n<blockquote>\n<p style=\"text-align: justify;\"><span style=\"font-family: tahoma, arial, helvetica, sans-serif; font-size: 14pt;\">\u201cEu estou chegando antes da pr\u00f3xima temporada come\u00e7ar. Isso vai me permitir uma an\u00e1lise melhor, uma a\u00e7\u00e3o mais assertiva, para terminarmos o ano sabendo tudo o que precisaremos fazer em 2025. Hoje, \u00e9 um momento de reconstru\u00e7\u00e3o do clube. Ali\u00e1s, algumas decis\u00f5es v\u00e3o ter que ser tomadas para corrigir rotas. Vai fazer parte da minha fun\u00e7\u00e3o. Vejo pelo lado positivo de estar aqui meses antes de 2025. Vamos fazer de tudo para conseguir os resultados esse ano para come\u00e7armos bem maiores\u201d, finalizou.<\/span><\/p>\n<\/blockquote>\n<p style=\"text-align: justify;\"><span style=\"font-size: 14pt;\"><strong><u>Conhe\u00e7a um pouco da forma\u00e7\u00e3o e experiencia profissional do novo CEO do Santos Paulo Bracks.<\/u><\/strong><\/span><\/p>\n<p style=\"text-align: justify;\"><strong><span style=\"font-size: 14pt;\">Gestor em Futebol. Advogado.<\/span><\/strong><br \/>\n<span style=\"font-family: tahoma, arial, helvetica, sans-serif; font-size: 14pt;\">Vasco da Gama SAF. Sport Club Internacional. Am\u00e9rica Futebol Clube. Federa\u00e7\u00e3o Mineira de Futebol. Superior Tribunal de Justi\u00e7a Desportiva do Futebol.<\/span><br \/>\n<span style=\"font-family: tahoma, arial, helvetica, sans-serif; font-size: 14pt;\">* Graduado em Direito<\/span><br \/>\n<span style=\"font-family: tahoma, arial, helvetica, sans-serif; font-size: 14pt;\">* P\u00f3s Graduado em Ci\u00eancias Criminais<\/span><br \/>\n<span style=\"font-family: tahoma, arial, helvetica, sans-serif; font-size: 14pt;\">* Especialista MBA em Direito Desportivo e Neg\u00f3cios no Esporte <\/span><br \/>\n<span style=\"font-family: tahoma, arial, helvetica, sans-serif; font-size: 14pt;\">* Gestor em Futebol pela CBF<\/span><br \/>\n<span style=\"font-family: tahoma, arial, helvetica, sans-serif; font-size: 14pt;\">* Analista de Desempenho pela CBF<\/span><br \/>\n<span style=\"font-family: tahoma, arial, helvetica, sans-serif; font-size: 14pt;\">* Gestor T\u00e9cnico em Futebol pela Universidade do Futebol<\/span><br \/>\n<strong><u><span style=\"font-size: 14pt;\">Em clubes \/ temporadas \/ competi\u00e7\u00f5es disputadas:<\/span><\/u><\/strong><br \/>\n<span style=\"font-size: 14pt;\"><strong>Am\u00e9rica Futebol Clube<\/strong><\/span> \/ <span style=\"font-family: tahoma, arial, helvetica, sans-serif; font-size: 14pt;\">Temporadas 2018, 2019 e 2020 \/ S\u00e9rie B, S\u00e9rie A, Campeonato Mineiro, Copa do Brasil<\/span><br \/>\n<span style=\"font-size: 14pt;\"><strong>Sport Club Internacional<\/strong><\/span> \/ <span style=\"font-family: tahoma, arial, helvetica, sans-serif; font-size: 14pt;\">Temporadas 2020, 2021 e 2022 \/ S\u00e9rie A, Campeonato Ga\u00facho, Copa do Brasil, Copa\u00a0 \u00a0 \u00a0 \u00a0Libertadores da Am\u00e9rica \/ SulAmericana<\/span><br \/>\n<strong>\u00a0<span style=\"font-size: 14pt;\">Vasco da Gama SAF<\/span><\/strong> \/ <span style=\"font-family: tahoma, arial, helvetica, sans-serif; font-size: 14pt;\">Temporadas 2022 e 2023 \/ S\u00e9rie B, S\u00e9rie A, Campeonato Carioca, Copa do Brasil<\/span><\/p>\n<p style=\"text-align: justify;\"><span style=\"font-family: tahoma, arial, helvetica, sans-serif; font-size: 14pt;\">Al\u00e9m dos trabalhos mencionados, \u00e9 professor e instrutor dos cursos da CBF Academy e do Cedin.<\/span><br \/>\n<span style=\"font-family: tahoma, arial, helvetica, sans-serif; font-size: 14pt;\">Fluente em Ingl\u00eas. Avan\u00e7ado em Espanhol. Iniciante em Franc\u00eas. Nativo em Portugu\u00eas.<\/span><\/p>\n<p style=\"text-align: justify;\"><strong><span style=\"font-family: georgia, palatino, serif;\"><u><span style=\"font-size: 14pt;\">Acompanhe a Coletiva de apresenta\u00e7\u00e3o do CEO <\/span><\/u><u><span style=\"font-size: 14pt;\">Paulo Bracks<\/span><\/u><\/span><\/strong><\/p>\n<div class=\"jetpack-video-wrapper\"><iframe loading=\"lazy\" title=\"PAULO BRACKS | COLETIVA (27\/06\/24)\" width=\"800\" height=\"450\" src=\"https:\/\/www.youtube.com\/embed\/01GB4UxxRrw?feature=oembed\" frameborder=\"0\" allow=\"accelerometer; autoplay; clipboard-write; encrypted-media; gyroscope; picture-in-picture; web-share\" referrerpolicy=\"strict-origin-when-cross-origin\" allowfullscreen><\/iframe><\/div>\n<p style=\"text-align: justify;\"><span style=\"font-size: 14pt;\">(Cr\u00e9dito: Imagem: Bruno Vaz\/Santos FC)<\/span><br \/>\n<span style=\"font-size: 14pt;\">(Cr\u00e9dito: Imagem: SantosTV\/Divulga\u00e7\u00e3o\/Santos FC)<\/span><\/p>\n<p style=\"text-align: justify;\"><span style=\"font-size: 14pt;\">Falamos das coisas do Santos, sempre com a parceria e o apoio dos nossos anunciantes!<\/span><\/p>\n<p style=\"text-align: justify;\">\n<p>&nbsp;<\/p>\n<p>&nbsp;<\/p>\n<p>&nbsp;<\/p>\n","protected":false},"excerpt":{"rendered":"<p>Al\u00f4 Na\u00e7\u00e3o Santista! Sauda\u00e7\u00f5es Alvinegras! Nesta quinta-feira (27), o Santos apresentou Paulo Bracks como o novo diretor-executivo do clube. Sua<\/p>\n","protected":false},"author":2,"featured_media":6283,"comment_status":"open","ping_status":"open","sticky":false,"template":"","format":"standard","meta":{"colormag_page_container_layout":"default_layout","colormag_page_sidebar_layout":"default_layout","_jetpack_memberships_contains_paid_content":false,"footnotes":""},"categories":[68,4,14],"tags":[6],"class_list":["post-6282","post","type-post","status-publish","format-standard","has-post-thumbnail","hentry","category-apresentacao-oficial","category-bastidores-do-santos-fc","category-gestao-e-negocios","tag-santos-fc"],"jetpack_featured_media_url":"https:\/\/i0.wp.com\/sergiobertoldi.com\/wp-content\/uploads\/2024\/07\/53819484611_1b4ac334ce_z.jpg?fit=640%2C512&ssl=1","jetpack_likes_enabled":true,"jetpack_sharing_enabled":true,"_links":{"self":[{"href":"https:\/\/sergiobertoldi.com\/index.php\/wp-json\/wp\/v2\/posts\/6282","targetHints":{"allow":["GET"]}}],"collection":[{"href":"https:\/\/sergiobertoldi.com\/index.php\/wp-json\/wp\/v2\/posts"}],"about":[{"href":"https:\/\/sergiobertoldi.com\/index.php\/wp-json\/wp\/v2\/types\/post"}],"author":[{"embeddable":true,"href":"https:\/\/sergiobertoldi.com\/index.php\/wp-json\/wp\/v2\/users\/2"}],"replies":[{"embeddable":true,"href":"https:\/\/sergiobertoldi.com\/index.php\/wp-json\/wp\/v2\/comments?post=6282"}],"version-history":[{"count":1,"href":"https:\/\/sergiobertoldi.com\/index.php\/wp-json\/wp\/v2\/posts\/6282\/revisions"}],"predecessor-version":[{"id":6285,"href":"https:\/\/sergiobertoldi.com\/index.php\/wp-json\/wp\/v2\/posts\/6282\/revisions\/6285"}],"wp:featuredmedia":[{"embeddable":true,"href":"https:\/\/sergiobertoldi.com\/index.php\/wp-json\/wp\/v2\/media\/6283"}],"wp:attachment":[{"href":"https:\/\/sergiobertoldi.com\/index.php\/wp-json\/wp\/v2\/media?parent=6282"}],"wp:term":[{"taxonomy":"category","embeddable":true,"href":"https:\/\/sergiobertoldi.com\/index.php\/wp-json\/wp\/v2\/categories?post=6282"},{"taxonomy":"post_tag","embeddable":true,"href":"https:\/\/sergiobertoldi.com\/index.php\/wp-json\/wp\/v2\/tags?post=6282"}],"curies":[{"name":"wp","href":"https:\/\/api.w.org\/{rel}","templated":true}]}}