{"id":6239,"date":"2024-05-24T23:45:02","date_gmt":"2024-05-25T02:45:02","guid":{"rendered":"https:\/\/sergiobertoldi.com\/?p=6239"},"modified":"2024-05-29T19:59:26","modified_gmt":"2024-05-29T22:59:26","slug":"santos-perde-para-o-america-mg-em-partida-com-gol-contestado-e-suspeita-de-grave-contusao-do-goleiro-joao-paulo","status":"publish","type":"post","link":"https:\/\/sergiobertoldi.com\/index.php\/2024\/05\/24\/santos-perde-para-o-america-mg-em-partida-com-gol-contestado-e-suspeita-de-grave-contusao-do-goleiro-joao-paulo\/","title":{"rendered":"Santos perde para o Am\u00e9rica-MG em partida com gol contestado e suspeita de grave contus\u00e3o do Goleiro Jo\u00e3o Paulo"},"content":{"rendered":"<p style=\"text-align: justify;\"><span style=\"font-family: helvetica, arial, sans-serif; font-size: 14pt;\"><strong><u>Al\u00f4 Na\u00e7\u00e3o Santista! Sauda\u00e7\u00f5es Alvinegras!<\/u><\/strong><\/span><\/p>\n<p style=\"text-align: justify;\"><span style=\"font-family: tahoma, arial, helvetica, sans-serif; font-size: 14pt;\">Jogando pela s\u00e9tima rodada da S\u00e9rie B do Campeonato Brasileiro, o Santos sofreu sua segunda derrota ao perder por 2 a 1 para o <strong>Am\u00e9rica-MG<\/strong> na <strong>Arena Independ\u00eancia<\/strong>.<br \/>\n<\/span><span style=\"font-family: tahoma, arial, helvetica, sans-serif; font-size: 14pt;\">Os gols dos mineiros foram marcados por <strong>Renato Marques<\/strong> e <strong>Juninho<\/strong>, enquanto <strong>Willian Bigode<\/strong> descontou para o time do Santos.<\/span><\/p>\n<p style=\"text-align: justify;\"><span style=\"font-family: tahoma, arial, helvetica, sans-serif; font-size: 14pt;\">Apesar do resultado, o Alvinegro Praiano permanece na lideran\u00e7a, com <strong>15<\/strong> pontos, assim como o Coelho. No entanto, ambos podem ser ultrapassados pelo <strong>Goi\u00e1s<\/strong>, que tem <strong>14<\/strong> pontos e enfrenta o <strong>Ava\u00ed<\/strong> na segunda-feira.<\/span><\/p>\n<p style=\"text-align: justify;\"><span style=\"font-family: tahoma, arial, helvetica, sans-serif; font-size: 14pt;\">O resultado foi marcado por um gol altamente contestado.<br \/>\n<\/span><span style=\"font-family: tahoma, arial, helvetica, sans-serif; font-size: 14pt;\">Durante o jogo, houve grande pol\u00eamica em rela\u00e7\u00e3o \u00e0 validade de um dos gols do Am\u00e9rica-MG, o que gerou muitas reclama\u00e7\u00f5es e debates entre os jogadores, a comiss\u00e3o t\u00e9cnica e a arbitragem.<\/span><\/p>\n<p style=\"text-align: justify;\"><span style=\"font-family: tahoma, arial, helvetica, sans-serif; font-size: 14pt;\">Os mandantes sa\u00edram na frente com um gol pol\u00eamico, anotado por <strong>Renato Marques<\/strong> ap\u00f3s uma les\u00e3o sofrida pelo Goleiro <strong>Jo\u00e3o Paulo<\/strong>.<br \/>\n<\/span><span style=\"font-family: tahoma, arial, helvetica, sans-serif; font-size: 14pt;\">O atacante aproveitou a contus\u00e3o do goleiro para pegar a bola e mand\u00e1-la para o fundo das redes. Jo\u00e3o Paulo teve que deixar o campo com suspeita de ter sofrido uma grave les\u00e3o no tend\u00e3o do tornozelo esquerdo.<\/span><\/p>\n<p><img data-recalc-dims=\"1\" loading=\"lazy\" decoding=\"async\" class=\"aligncenter wp-image-6244 size-full\" src=\"https:\/\/i0.wp.com\/sergiobertoldi.com\/wp-content\/uploads\/2024\/05\/Capturar-1.png?resize=601%2C336&#038;ssl=1\" alt=\"\" width=\"601\" height=\"336\" srcset=\"https:\/\/i0.wp.com\/sergiobertoldi.com\/wp-content\/uploads\/2024\/05\/Capturar-1.png?w=601&amp;ssl=1 601w, https:\/\/i0.wp.com\/sergiobertoldi.com\/wp-content\/uploads\/2024\/05\/Capturar-1.png?resize=300%2C168&amp;ssl=1 300w\" sizes=\"auto, (max-width: 601px) 100vw, 601px\" \/><\/p>\n<p style=\"text-align: justify;\"><img data-recalc-dims=\"1\" loading=\"lazy\" decoding=\"async\" class=\"aligncenter wp-image-6242\" src=\"https:\/\/i0.wp.com\/sergiobertoldi.com\/wp-content\/uploads\/2024\/05\/WhatsApp-Image-2024-05-24-at-22.13.16.jpeg?resize=602%2C347&#038;ssl=1\" alt=\"\" width=\"602\" height=\"347\" srcset=\"https:\/\/i0.wp.com\/sergiobertoldi.com\/wp-content\/uploads\/2024\/05\/WhatsApp-Image-2024-05-24-at-22.13.16.jpeg?resize=1024%2C591&amp;ssl=1 1024w, https:\/\/i0.wp.com\/sergiobertoldi.com\/wp-content\/uploads\/2024\/05\/WhatsApp-Image-2024-05-24-at-22.13.16.jpeg?resize=300%2C173&amp;ssl=1 300w, https:\/\/i0.wp.com\/sergiobertoldi.com\/wp-content\/uploads\/2024\/05\/WhatsApp-Image-2024-05-24-at-22.13.16.jpeg?resize=768%2C443&amp;ssl=1 768w, https:\/\/i0.wp.com\/sergiobertoldi.com\/wp-content\/uploads\/2024\/05\/WhatsApp-Image-2024-05-24-at-22.13.16.jpeg?w=1300&amp;ssl=1 1300w\" sizes=\"auto, (max-width: 602px) 100vw, 602px\" \/><\/p>\n<p><img data-recalc-dims=\"1\" loading=\"lazy\" decoding=\"async\" class=\"aligncenter wp-image-6243\" src=\"https:\/\/i0.wp.com\/sergiobertoldi.com\/wp-content\/uploads\/2024\/05\/53744853680_d4e7de6492_z.jpg?resize=602%2C482&#038;ssl=1\" alt=\"\" width=\"602\" height=\"482\" srcset=\"https:\/\/i0.wp.com\/sergiobertoldi.com\/wp-content\/uploads\/2024\/05\/53744853680_d4e7de6492_z.jpg?w=640&amp;ssl=1 640w, https:\/\/i0.wp.com\/sergiobertoldi.com\/wp-content\/uploads\/2024\/05\/53744853680_d4e7de6492_z.jpg?resize=300%2C240&amp;ssl=1 300w\" sizes=\"auto, (max-width: 602px) 100vw, 602px\" \/><\/p>\n<p style=\"text-align: justify;\"><span style=\"font-family: tahoma, arial, helvetica, sans-serif; font-size: 14pt;\">O incidente que levou \u00e0 les\u00e3o de Jo\u00e3o Paulo e ao primeiro gol do Am\u00e9rica Mineiro, gerou controv\u00e9rsia, com alega\u00e7\u00f5es de falta de \u201c<strong>Fair-play<\/strong>\u201d por parte do atacante <strong>Renato Marques<\/strong>. O goleiro do Santos se machucou e enquanto pedia atendimento m\u00e9dico, Marques aproveitou para marcar o gol, o que provocou protestos por parte dos jogadores do Santos, que revoltados partiram pra cima do jogador.<br \/>\nO \u00e1rbitro da partida, <strong>Wilton Pereira Sampaio<\/strong>, n\u00e3o interrompeu o jogo e validou o gol, mesmo com Jo\u00e3o Paulo indicando uma les\u00e3o.<\/span><\/p>\n<p><img data-recalc-dims=\"1\" loading=\"lazy\" decoding=\"async\" class=\"aligncenter wp-image-6245\" src=\"https:\/\/i0.wp.com\/sergiobertoldi.com\/wp-content\/uploads\/2024\/05\/Joao-Paulo-02.jpg?resize=603%2C339&#038;ssl=1\" alt=\"\" width=\"603\" height=\"339\" srcset=\"https:\/\/i0.wp.com\/sergiobertoldi.com\/wp-content\/uploads\/2024\/05\/Joao-Paulo-02.jpg?w=640&amp;ssl=1 640w, https:\/\/i0.wp.com\/sergiobertoldi.com\/wp-content\/uploads\/2024\/05\/Joao-Paulo-02.jpg?resize=300%2C169&amp;ssl=1 300w\" sizes=\"auto, (max-width: 603px) 100vw, 603px\" \/><\/p>\n<p style=\"text-align: justify;\"><span style=\"font-family: tahoma, arial, helvetica, sans-serif; font-size: 14pt;\">\u00a0O capit\u00e3o do time mineiro, <strong>Juninho<\/strong>, posteriormente pediu desculpas pelo ocorrido, reconhecendo o erro em rela\u00e7\u00e3o ao fair play.<br \/>\n<\/span><span style=\"font-family: tahoma, arial, helvetica, sans-serif; font-size: 14pt;\">Jo\u00e3o Paulo, que deixou o campo chorando, ser\u00e1 uma aus\u00eancia sentida pelo Santos, que dependendo da confirma\u00e7\u00e3o da gravidade da les\u00e3o, poder\u00e1 perder seu Arqueiro pelo resto da temporada!<\/span><\/p>\n<p><img data-recalc-dims=\"1\" loading=\"lazy\" decoding=\"async\" class=\"aligncenter wp-image-6246\" src=\"https:\/\/i0.wp.com\/sergiobertoldi.com\/wp-content\/uploads\/2024\/05\/Joao-Paulo-JPEG.jpg?resize=603%2C402&#038;ssl=1\" alt=\"\" width=\"603\" height=\"402\" srcset=\"https:\/\/i0.wp.com\/sergiobertoldi.com\/wp-content\/uploads\/2024\/05\/Joao-Paulo-JPEG.jpg?resize=1024%2C683&amp;ssl=1 1024w, https:\/\/i0.wp.com\/sergiobertoldi.com\/wp-content\/uploads\/2024\/05\/Joao-Paulo-JPEG.jpg?resize=300%2C200&amp;ssl=1 300w, https:\/\/i0.wp.com\/sergiobertoldi.com\/wp-content\/uploads\/2024\/05\/Joao-Paulo-JPEG.jpg?resize=768%2C512&amp;ssl=1 768w, https:\/\/i0.wp.com\/sergiobertoldi.com\/wp-content\/uploads\/2024\/05\/Joao-Paulo-JPEG.jpg?resize=1536%2C1024&amp;ssl=1 1536w, https:\/\/i0.wp.com\/sergiobertoldi.com\/wp-content\/uploads\/2024\/05\/Joao-Paulo-JPEG.jpg?resize=2048%2C1366&amp;ssl=1 2048w, https:\/\/i0.wp.com\/sergiobertoldi.com\/wp-content\/uploads\/2024\/05\/Joao-Paulo-JPEG.jpg?w=1600&amp;ssl=1 1600w, https:\/\/i0.wp.com\/sergiobertoldi.com\/wp-content\/uploads\/2024\/05\/Joao-Paulo-JPEG.jpg?w=2400&amp;ssl=1 2400w\" sizes=\"auto, (max-width: 603px) 100vw, 603px\" \/><\/p>\n<p style=\"text-align: justify;\"><span style=\"font-family: tahoma, arial, helvetica, sans-serif; font-size: 14pt;\">O pr\u00f3ximo jogo do Santos est\u00e1 marcado para o dia 3 de junho, segunda-feira, contra o Botafogo-SP, pela oitava rodada da S\u00e9rie B. A diretoria alvinegra decidiu que a partida ser\u00e1 realizada no Est\u00e1dio do Caf\u00e9, em Londrina (PR), \u00e0s 20 horas (hor\u00e1rio de Bras\u00edlia).<\/span><strong><u>\u00a0<\/u><\/strong><\/p>\n<p style=\"text-align: justify;\"><span style=\"font-size: 14pt;\"><strong><u>FICHA T\u00c9CNICA<\/u><\/strong><\/span><br \/>\n<span style=\"font-size: 14pt;\"><strong><u>AM\u00c9RICA-MG <\/u><\/strong><span style=\"font-family: 'times new roman', times, serif;\"><strong>2<\/strong><\/span><strong> X <\/strong><span style=\"font-family: 'times new roman', times, serif;\"><strong>1<\/strong><\/span><strong> <u>SANTOS<\/u><\/strong><\/span><\/p>\n<p><span style=\"font-size: 14pt;\"><strong>Local:<\/strong>\u00a0Arena Independ\u00eancia, em Belo Horizonte (MG)<\/span><br \/>\n<span style=\"font-size: 14pt;\"><strong>Data:<\/strong>\u00a0<span style=\"font-family: 'times new roman', times, serif;\">24<\/span> de maio de <span style=\"font-family: 'times new roman', times, serif;\">2024<\/span>, sexta-feira<\/span><br \/>\n<span style=\"font-size: 14pt;\"><strong>Hor\u00e1rio:<\/strong>\u00a0<span style=\"font-family: 'times new roman', times, serif;\">21<\/span>h<span style=\"font-family: 'times new roman', times, serif;\">30<\/span> (de Bras\u00edlia)<\/span><br \/>\n<span style=\"font-size: 14pt;\"><strong>\u00c1rbitro:<\/strong>\u00a0Wilton Pereira Sampaio (FIFA)<\/span><br \/>\n<span style=\"font-size: 14pt;\"><strong>Assistentes:<\/strong>\u00a0Bruno Boschilia (FIFA) e Leone Carvalho Rocha<\/span><br \/>\n<span style=\"font-size: 14pt;\"><strong>VAR:<\/strong>\u00a0Wagner Reway (VAR-FIFA)<\/span><br \/>\n<span style=\"font-size: 14pt;\"><strong><span style=\"background-color: #ffff00;\">Cart\u00f5es amarelos<\/span>:<\/strong>\u00a0Adyson, Marlon, \u00c9der, Ben\u00edtez (Am\u00e9rica-MG)<\/span><br \/>\n<span style=\"font-size: 14pt;\"><strong><span style=\"background-color: #ffff00;\">Cart\u00f5es amarelos<\/span>: <\/strong>Carille (Santos)<\/span><br \/>\n<span style=\"font-size: 14pt;\"><strong>GOLS:<\/strong>\u00a0Renato Marques, aos <span style=\"font-family: 'times new roman', times, serif;\">14<\/span> do <span style=\"font-family: 'times new roman', times, serif;\">1<\/span>\u00baT; Juninho, aos <span style=\"font-family: 'times new roman', times, serif;\">21<\/span> do <span style=\"font-family: 'times new roman', times, serif;\">2<\/span>\u00baT (Am\u00e9rica-MG); Willian, aos <span style=\"font-family: 'times new roman', times, serif;\">29<\/span> do <span style=\"font-family: 'times new roman', times, serif;\">1<\/span>\u00baT (Santos)<\/span><\/p>\n<p><span style=\"font-size: 14pt;\"><strong>AM\u00c9RICA-MG:<\/strong>\u00a0Dalberson; Mateus Henrique (Daniel Borges), Ricardo Silva, \u00c9der e Marlon; Al\u00ea, Juninho e Mois\u00e9s (Ben\u00edtez); Adyson (Brenner), Renato Marques (Felipe Azevedo) e Fabinho (Vitor Jacar\u00e9) <strong>T\u00e9cnico:<\/strong>\u00a0Cauan Almeida<\/span><\/p>\n<p><span style=\"font-size: 14pt;\"><strong>SANTOS:<\/strong>\u00a0Jo\u00e3o Paulo (Gabriel Braz\u00e3o); JP Chermont (Hayner), Gil, Joaquim e Escobar; Tom\u00e1s Rinc\u00f3n (Nonato), Diego Pituca e Giuliano; Weslley Patati (Patrick), Willian Bigode e Otero (Serginho). <strong>T\u00e9cnico:<\/strong>\u00a0F\u00e1bio Carille<\/span><\/p>\n<p style=\"text-align: justify;\"><img data-recalc-dims=\"1\" loading=\"lazy\" decoding=\"async\" class=\"size-full wp-image-5917 alignleft\" src=\"https:\/\/i0.wp.com\/sergiobertoldi.com\/wp-content\/uploads\/2024\/01\/Bola-Cheia-copia-150x60-1.png?resize=150%2C60&#038;ssl=1\" alt=\"\" width=\"150\" height=\"60\" \/>\u00a0\u00a0<strong><u><span style=\"font-size: 14pt;\">Willian Bigode<\/span>\u00a0 <\/u><\/strong><span style=\"font-family: tahoma, arial, helvetica, sans-serif; font-size: 14pt;\">O atacante se destacou como o melhor jogador do Santos em campo. Demonstrou tranquilidade ao dominar a bola na \u00e1rea, olhar para cima e marcar o gol da equipe no Independ\u00eancia. Al\u00e9m disso, teve uma atua\u00e7\u00e3o t\u00e1tica s\u00f3lida, criando espa\u00e7os para seus companheiros de ataque.<\/span><\/p>\n<p style=\"text-align: justify;\"><img data-recalc-dims=\"1\" loading=\"lazy\" decoding=\"async\" class=\"size-full wp-image-5918 alignleft\" src=\"https:\/\/i0.wp.com\/sergiobertoldi.com\/wp-content\/uploads\/2024\/01\/Bola-Murcha-Copia-150x60-1.png?resize=150%2C60&#038;ssl=1\" alt=\"\" width=\"150\" height=\"60\" \/><span style=\"font-size: 14pt;\"><strong><u>Hayner<\/u><\/strong><\/span> \u00a0<span style=\"font-family: tahoma, arial, helvetica, sans-serif; font-size: 14pt;\">O Lateral entrou em campo, confiando demais nas jogadas individuais, o que resultou em perdas de bola e oportunidades de contra-ataque para o time do Am\u00e9rica.<\/span><\/p>\n<p style=\"text-align: justify;\"><span style=\"font-size: 14pt;\"><strong><u>PITACOS DO BERTOLDI<\/u><\/strong><\/span><\/p>\n<p style=\"text-align: justify;\"><span style=\"font-family: tahoma, arial, helvetica, sans-serif; font-size: 14pt;\">Em uma noite marcada por controv\u00e9rsias e emo\u00e7\u00f5es, o Santos enfrentou o Am\u00e9rica-MG em Minas Gerais, em partida que terminou com um resultado desfavor\u00e1vel para o time da Vila Belmiro, com a vit\u00f3ria do Am\u00e9rica-MG por 2 a 1.<\/span><\/p>\n<p style=\"text-align: justify;\"><span style=\"font-family: tahoma, arial, helvetica, sans-serif; font-size: 14pt;\">Poder\u00edamos estar falando aqui, simplesmente de mais um confronto entre Santistas e Mineiros, mais uma partida que marca a continuidade da invencibilidade do Am\u00e9rica Mineiro, perante o Alvinegro Praiano, dentro do est\u00e1dio independ\u00eancia, palco onde o Santos jamais venceu o Am\u00e9rica!<\/span><\/p>\n<p style=\"text-align: justify;\"><span style=\"font-family: tahoma, arial, helvetica, sans-serif; font-size: 14pt;\">Por\u00e9m ao inv\u00e9s disso, o que marcou mesmo o confronto, foi um gol contestado marcado por Renato Marques do Am\u00e9rica-MG, lance pol\u00eamico devido a uma les\u00e3o do goleiro do Santos, Jo\u00e3o Paulo, que pedia a paralisa\u00e7\u00e3o do jogo enquanto o atacante do Coelho, aproveitava a situa\u00e7\u00e3o para marcar. Lance crucial que trouxe \u00e0 tona discuss\u00f5es sobre \u201cFair-play\u201d e a \u00e9tica no futebol.<\/span><\/p>\n<p style=\"text-align: justify;\"><span style=\"font-family: tahoma, arial, helvetica, sans-serif; font-size: 14pt;\">Apesar do gol pol\u00eamico, \u00e9 importante reconhecer que o desempenho do Santos ao longo da partida n\u00e3o esteve \u00e0 altura das expectativas. A equipe enfrentou dificuldades em criar oportunidades claras de gol e em manter a posse de bola.<\/span><\/p>\n<p style=\"text-align: justify;\"><span style=\"font-family: tahoma, arial, helvetica, sans-serif; font-size: 14pt;\">O Santos tem enfrentado muitas dificuldades na cria\u00e7\u00e3o de jogadas no setor ofensivo, principalmente quando precisa propor o jogo e criar as oportunidades de gol.<\/span><\/p>\n<p style=\"text-align: justify;\"><span style=\"font-family: tahoma, arial, helvetica, sans-serif; font-size: 14pt;\">Um dos fatores que vem desagradando a exigente torcida santista, seria a morosidade da equipe na transi\u00e7\u00e3o meio de campo e ataque, e a falta de atacantes velozes, algo acentuado principalmente, ap\u00f3s as les\u00f5es dos atacantes Guilherme e Pedrinho, ambos fora da equipe entregues ao Departamento M\u00e9dico.<\/span><\/p>\n<p style=\"text-align: justify;\"><span style=\"font-family: tahoma, arial, helvetica, sans-serif; font-size: 14pt;\">A aus\u00eancia de jogadores com caracter\u00edsticas como <strong>\u00c2ngelo<\/strong>, <strong>Marinho<\/strong>, <strong>Soteldo<\/strong>, jogadores r\u00e1pidos que traziam dinamismo e velocidade, fazendo com que o setor ofensivo da equipe, mantivesse uma press\u00e3o constante sobre as defesas advers\u00e1rias, limita as op\u00e7\u00f5es do treinador F\u00e1bio Carille e reduz a versatilidade do ataque.<\/span><\/p>\n<p style=\"text-align: justify;\"><span style=\"font-family: tahoma, arial, helvetica, sans-serif; font-size: 14pt;\">Outro fator que contribui para as dificuldades ofensivas \u00e9 a falta de \u201c<strong>varia\u00e7\u00e3o t\u00e1tica<\/strong>\u201d. Quando o Santos precisa ditar o ritmo do jogo, muitas vezes falta-lhe um plano B, uma alternativa estrat\u00e9gica que possa surpreender os oponentes e abrir espa\u00e7os em defesas compactas. Isso se reflete em jogos onde o time domina a posse de bola, mas n\u00e3o consegue transformar essa posse em chances claras de gol.<\/span><\/p>\n<p style=\"text-align: justify;\"><span style=\"font-size: 14pt;\"><strong><u>Acompanhe a Coletiva do T\u00e9cnico F\u00e1bio Carille<\/u><\/strong><\/span><\/p>\n<div class=\"jetpack-video-wrapper\"><iframe loading=\"lazy\" title=\"F\u00c1BIO CARILLE | COLETIVA (24\/05\/24)\" width=\"800\" height=\"450\" src=\"https:\/\/www.youtube.com\/embed\/qFAhQrpR03E?feature=oembed\" frameborder=\"0\" allow=\"accelerometer; autoplay; clipboard-write; encrypted-media; gyroscope; picture-in-picture; web-share\" referrerpolicy=\"strict-origin-when-cross-origin\" allowfullscreen><\/iframe><\/div>\n<p style=\"text-align: justify;\"><span style=\"font-family: tahoma, arial, helvetica, sans-serif; font-size: 14pt;\">(Cr\u00e9dito: Imagem: Raul Baretta\/Santos FC)<\/span><br \/>\n<span style=\"font-family: tahoma, arial, helvetica, sans-serif; font-size: 14pt;\">(Cr\u00e9dito: Imagem: SantosTV\/Divulga\u00e7\u00e3o\/Santos FC)<\/span><\/p>\n<p style=\"text-align: justify;\"><span style=\"font-size: 14pt;\">Falamos das coisas do Santos, sempre com a parceria e o apoio dos nossos anunciantes!<\/span><\/p>\n<p>&nbsp;<\/p>\n<p>&nbsp;<\/p>\n","protected":false},"excerpt":{"rendered":"<p>Al\u00f4 Na\u00e7\u00e3o Santista! Sauda\u00e7\u00f5es Alvinegras! Jogando pela s\u00e9tima rodada da S\u00e9rie B do Campeonato Brasileiro, o Santos sofreu sua segunda<\/p>\n","protected":false},"author":2,"featured_media":6240,"comment_status":"open","ping_status":"open","sticky":false,"template":"","format":"standard","meta":{"colormag_page_container_layout":"default_layout","colormag_page_sidebar_layout":"default_layout","_jetpack_memberships_contains_paid_content":false,"footnotes":""},"categories":[12,4,78,16],"tags":[6],"class_list":["post-6239","post","type-post","status-publish","format-standard","has-post-thumbnail","hentry","category-analise-e-comentario","category-bastidores-do-santos-fc","category-brasileiro-da-serie-b","category-resenha-do-jogo","tag-santos-fc"],"jetpack_featured_media_url":"https:\/\/i0.wp.com\/sergiobertoldi.com\/wp-content\/uploads\/2024\/05\/derrota-em-minas-JPEG.jpg?fit=774%2C484&ssl=1","jetpack_likes_enabled":true,"jetpack_sharing_enabled":true,"_links":{"self":[{"href":"https:\/\/sergiobertoldi.com\/index.php\/wp-json\/wp\/v2\/posts\/6239","targetHints":{"allow":["GET"]}}],"collection":[{"href":"https:\/\/sergiobertoldi.com\/index.php\/wp-json\/wp\/v2\/posts"}],"about":[{"href":"https:\/\/sergiobertoldi.com\/index.php\/wp-json\/wp\/v2\/types\/post"}],"author":[{"embeddable":true,"href":"https:\/\/sergiobertoldi.com\/index.php\/wp-json\/wp\/v2\/users\/2"}],"replies":[{"embeddable":true,"href":"https:\/\/sergiobertoldi.com\/index.php\/wp-json\/wp\/v2\/comments?post=6239"}],"version-history":[{"count":2,"href":"https:\/\/sergiobertoldi.com\/index.php\/wp-json\/wp\/v2\/posts\/6239\/revisions"}],"predecessor-version":[{"id":6248,"href":"https:\/\/sergiobertoldi.com\/index.php\/wp-json\/wp\/v2\/posts\/6239\/revisions\/6248"}],"wp:featuredmedia":[{"embeddable":true,"href":"https:\/\/sergiobertoldi.com\/index.php\/wp-json\/wp\/v2\/media\/6240"}],"wp:attachment":[{"href":"https:\/\/sergiobertoldi.com\/index.php\/wp-json\/wp\/v2\/media?parent=6239"}],"wp:term":[{"taxonomy":"category","embeddable":true,"href":"https:\/\/sergiobertoldi.com\/index.php\/wp-json\/wp\/v2\/categories?post=6239"},{"taxonomy":"post_tag","embeddable":true,"href":"https:\/\/sergiobertoldi.com\/index.php\/wp-json\/wp\/v2\/tags?post=6239"}],"curies":[{"name":"wp","href":"https:\/\/api.w.org\/{rel}","templated":true}]}}