{"id":6226,"date":"2024-05-07T08:03:38","date_gmt":"2024-05-07T11:03:38","guid":{"rendered":"https:\/\/sergiobertoldi.com\/?p=6226"},"modified":"2024-05-24T08:57:47","modified_gmt":"2024-05-24T11:57:47","slug":"santos-decide-intensificar-tratamento-de-dupla-e-tera-desfalques-contra-o-amazonas","status":"publish","type":"post","link":"https:\/\/sergiobertoldi.com\/index.php\/2024\/05\/07\/santos-decide-intensificar-tratamento-de-dupla-e-tera-desfalques-contra-o-amazonas\/","title":{"rendered":"Santos decide intensificar tratamento de dupla de atacantes e ter\u00e1 desfalques contra o Amazonas"},"content":{"rendered":"<p><span style=\"font-family: helvetica, arial, sans-serif; font-size: 14pt;\">\u00a0<strong><u>Al\u00f4 Na\u00e7\u00e3o Santista! Sauda\u00e7\u00f5es Alvinegras!<\/u><\/strong><\/span><\/p>\n<p style=\"text-align: justify;\"><span style=\"font-family: tahoma, arial, helvetica, sans-serif; font-size: 14pt;\">Depois de vencer o Guarani por 4 a 1 nesta segunda-feira, o Santos j\u00e1 est\u00e1 focado no pr\u00f3ximo jogo contra o Amazonas, pela quarta rodada da S\u00e9rie B. O time j\u00e1 sabe que ter\u00e1 desfalques para essa partida.<\/span><\/p>\n<p style=\"text-align: justify;\"><span style=\"font-family: tahoma, arial, helvetica, sans-serif; font-size: 14pt;\">Os atacantes <strong>Julio Furch<\/strong> e <strong>Pedrinho<\/strong> n\u00e3o estar\u00e3o dispon\u00edveis para o jogo.<br \/>\nAmbos iniciar\u00e3o um tratamento intensivo nesta semana para aliviar as dores na regi\u00e3o do p\u00fabis.<br \/>\nOs dois jogadores est\u00e3o lidando com desconfortos nessa \u00e1rea.<\/span><\/p>\n<p style=\"text-align: justify;\"><span style=\"font-family: tahoma, arial, helvetica, sans-serif; font-size: 14pt;\">O argentino de 34 anos vem enfrentando esse problema h\u00e1 algum tempo, mas as dores se intensificaram recentemente. Por esse motivo Furch tem sido reserva no in\u00edcio da S\u00e9rie B.<br \/>\nO atacante entrou nos jogos contra Paysandu e Ava\u00ed, marcando um gol contra o time catarinense.<br \/>\nContra o Guarani, ele n\u00e3o precisou entrar em campo, j\u00e1 que o Santos j\u00e1 estava com a vit\u00f3ria encaminhada.<\/span><\/p>\n<blockquote>\n<p style=\"text-align: justify;\"><span style=\"font-family: tahoma, arial, helvetica, sans-serif; font-size: 14pt;\">O Julio tem uma inflama\u00e7\u00e3o, sabemos disso. Ele n\u00e3o vai para os pr\u00f3ximos jogos. Vai ficar tratando para tentar tirar essa dor, que \u00e9 muito ruim para o atleta. J\u00e1 est\u00e1 decidido que ele vai ficar aqui.<br \/>\nVamos dar algumas semanas ou dias para ele se recuperar por inteiro. Temos Morelos e Willian\u201d, disse o t\u00e9cnico F\u00e1bio Carille.<\/span><\/p>\n<\/blockquote>\n<p style=\"text-align: justify;\"><span style=\"font-family: tahoma, arial, helvetica, sans-serif; font-size: 14pt;\">Pedrinho, por sua vez, reclamou de dores antes da partida contra o Ava\u00ed. O atacante estava programado para ser titular na Ressacada, mas teve que ser retirado do time. Ele permaneceu no banco durante o jogo contra o Guarani, mas tamb\u00e9m n\u00e3o entrou em campo.<\/span><\/p>\n<blockquote>\n<p style=\"text-align: justify;\"><span style=\"font-family: tahoma, arial, helvetica, sans-serif; font-size: 14pt;\">O Pedrinho tamb\u00e9m est\u00e1 fora da viagem. Vamos ver se tiramos essa infla\u00e7\u00e3o deles, ampliou o treinador.<\/span><\/p>\n<\/blockquote>\n<p style=\"text-align: justify;\"><span style=\"font-family: tahoma, arial, helvetica, sans-serif; font-size: 14pt;\">Carille j\u00e1 definiu os jogadores que ir\u00e3o substituir os atacantes. O rec\u00e9m-chegado <strong>Serginho<\/strong> provavelmente ser\u00e1 relacionado pela primeira vez, juntamente com <strong>Weslley Patati<\/strong>, que n\u00e3o foi relacionado contra o Bugre e agora far\u00e1 parte da delega\u00e7\u00e3o.<br \/>\n<\/span><span style=\"font-family: tahoma, arial, helvetica, sans-serif; font-size: 14pt;\">O Santos enfrentar\u00e1 o Amazonas no pr\u00f3ximo s\u00e1bado, \u00e0s 17 horas (hor\u00e1rio de Bras\u00edlia), na Arena Amaz\u00f4nia, pela quarta rodada da S\u00e9rie B do Brasileir\u00e3o.<br \/>\n<\/span><span style=\"font-family: tahoma, arial, helvetica, sans-serif; font-size: 14pt;\">O time lidera o torneio, com nove pontos em tr\u00eas partidas.<\/span><\/p>\n<p style=\"text-align: justify;\"><span style=\"font-family: tahoma, arial, helvetica, sans-serif; font-size: 14pt;\">(Cr\u00e9dito: Imagem: Raul Baretta\/Santos FC)<\/span><br \/>\n<span style=\"font-family: tahoma, arial, helvetica, sans-serif; font-size: 14pt;\">Falamos das coisas do Santos, sempre com a parceria e o apoio dos nossos anunciantes!<\/span><\/p>\n<p style=\"text-align: justify;\">\n","protected":false},"excerpt":{"rendered":"<p>\u00a0Al\u00f4 Na\u00e7\u00e3o Santista! Sauda\u00e7\u00f5es Alvinegras! Depois de vencer o Guarani por 4 a 1 nesta segunda-feira, o Santos j\u00e1 est\u00e1<\/p>\n","protected":false},"author":2,"featured_media":6227,"comment_status":"open","ping_status":"open","sticky":false,"template":"","format":"standard","meta":{"colormag_page_container_layout":"default_layout","colormag_page_sidebar_layout":"default_layout","_jetpack_memberships_contains_paid_content":false,"footnotes":""},"categories":[4,61],"tags":[6],"class_list":["post-6226","post","type-post","status-publish","format-standard","has-post-thumbnail","hentry","category-bastidores-do-santos-fc","category-departamento-medico","tag-santos-fc"],"jetpack_featured_media_url":"https:\/\/i0.wp.com\/sergiobertoldi.com\/wp-content\/uploads\/2024\/05\/imgonline-com-ua-twotoone-C1mu0BKen0-e1716168188535.jpg?fit=650%2C191&ssl=1","jetpack_likes_enabled":true,"jetpack_sharing_enabled":true,"_links":{"self":[{"href":"https:\/\/sergiobertoldi.com\/index.php\/wp-json\/wp\/v2\/posts\/6226","targetHints":{"allow":["GET"]}}],"collection":[{"href":"https:\/\/sergiobertoldi.com\/index.php\/wp-json\/wp\/v2\/posts"}],"about":[{"href":"https:\/\/sergiobertoldi.com\/index.php\/wp-json\/wp\/v2\/types\/post"}],"author":[{"embeddable":true,"href":"https:\/\/sergiobertoldi.com\/index.php\/wp-json\/wp\/v2\/users\/2"}],"replies":[{"embeddable":true,"href":"https:\/\/sergiobertoldi.com\/index.php\/wp-json\/wp\/v2\/comments?post=6226"}],"version-history":[{"count":2,"href":"https:\/\/sergiobertoldi.com\/index.php\/wp-json\/wp\/v2\/posts\/6226\/revisions"}],"predecessor-version":[{"id":6235,"href":"https:\/\/sergiobertoldi.com\/index.php\/wp-json\/wp\/v2\/posts\/6226\/revisions\/6235"}],"wp:featuredmedia":[{"embeddable":true,"href":"https:\/\/sergiobertoldi.com\/index.php\/wp-json\/wp\/v2\/media\/6227"}],"wp:attachment":[{"href":"https:\/\/sergiobertoldi.com\/index.php\/wp-json\/wp\/v2\/media?parent=6226"}],"wp:term":[{"taxonomy":"category","embeddable":true,"href":"https:\/\/sergiobertoldi.com\/index.php\/wp-json\/wp\/v2\/categories?post=6226"},{"taxonomy":"post_tag","embeddable":true,"href":"https:\/\/sergiobertoldi.com\/index.php\/wp-json\/wp\/v2\/tags?post=6226"}],"curies":[{"name":"wp","href":"https:\/\/api.w.org\/{rel}","templated":true}]}}